{"id":1192,"date":"2024-07-30T11:20:24","date_gmt":"2024-07-30T09:20:24","guid":{"rendered":"https:\/\/gk-korcula.hr\/?p=1192"},"modified":"2024-07-30T12:06:56","modified_gmt":"2024-07-30T10:06:56","slug":"prijateljstvo-u-akciji-radionica-mentalnog-i-emocionalnog-treninga-za-djecu","status":"publish","type":"post","link":"https:\/\/gk-korcula.hr\/nova\/prijateljstvo-u-akciji-radionica-mentalnog-i-emocionalnog-treninga-za-djecu\/","title":{"rendered":"Prijateljstvo u akciji &#8211; radionica za djecu"},"content":{"rendered":"<div class=\"x11i5rnm xat24cr x1mh8g0r x1vvkbs xtlvy1s x126k92a\">\n<div dir=\"auto\">\n<div class=\"xdj266r x11i5rnm xat24cr x1mh8g0r x1vvkbs x126k92a\">\n<div dir=\"auto\">S radionicom &#8220;Prijateljstvo u akciji&#8221;, odr\u017eanoj 29. srpnja s po\u010detkom u 10:00 sati, zavr\u0161en je ciklus radionica &#8220;Harmony &#8211; Mala \u0161kola pozitive&#8221; organiziranih u sklopu na\u0161eg programa &#8220;Ljeto u knji\u017enici&#8221;. Hvala voditeljici Loreni Bra\u010di\u0107, mindfulness trenerici u programu <span class=\"html-span xdj266r x11i5rnm xat24cr x1mh8g0r xexx8yu x4uap5 x18d9i69 xkhd6sd x1hl2dhg x16tdsg8 x1vvkbs\"><a class=\"x1i10hfl xjbqb8w x1ejq31n xd10rxx x1sy0etr x17r0tee x972fbf xcfux6l x1qhh985 xm0m39n x9f619 x1ypdohk xt0psk2 xe8uvvx xdj266r x11i5rnm xat24cr x1mh8g0r xexx8yu x4uap5 x18d9i69 xkhd6sd x16tdsg8 x1hl2dhg xggy1nq x1a2a7pz x1sur9pj xkrqix3 x1fey0fg xo1l8bm\" tabindex=\"0\" role=\"link\" href=\"https:\/\/web.facebook.com\/relaxkidsofficial?__cft__[0]=AZV2XcfdNAaaaifMEvUrvzyTxJ9Mu11Ms3m8sR22STtkMRYOx6a0i6xZZQ-DChZLV7Nq14Qz3Bj8BUXQfnoa6w85fP4rtV05uC2WVHnc0W-wOaTkoKb71af_jsUi3as7fTBpu90ewE6Domv7c2PHmD4cVab-47IeGQUpe4Q-xJS3Cn-A6tGuWqhuSPl8DLya0yqhlPD4gwqpai-g-JWiFpAk&amp;__tn__=-]K-R\"><span class=\"xt0psk2\">Relax Kids<\/span><\/a><\/span>, na odr\u017eanim radionicama cilj kojih je kroz igru u\u010diti djecu kako se nositi s negativnim emocijama i graditi pozitivan stav o sebi i ljudima oko sebe. Radionice su izazvale veliki interes kod djece u dobi od 6 do 10 godina, pa se nadamo daljnjoj suradnji!<\/div>\n<div dir=\"auto\"><\/div>\n<\/div>\n<div class=\"x11i5rnm xat24cr x1mh8g0r x1vvkbs xtlvy1s x126k92a\">\n<div dir=\"auto\">Pogledajte program Ljeta u knji\u017enici 2024. na: <span class=\"html-span xdj266r x11i5rnm xat24cr x1mh8g0r xexx8yu x4uap5 x18d9i69 xkhd6sd x1hl2dhg x16tdsg8 x1vvkbs\"><a class=\"x1i10hfl xjbqb8w x1ejq31n xd10rxx x1sy0etr x17r0tee x972fbf xcfux6l x1qhh985 xm0m39n x9f619 x1ypdohk xt0psk2 xe8uvvx xdj266r x11i5rnm xat24cr x1mh8g0r xexx8yu x4uap5 x18d9i69 xkhd6sd x16tdsg8 x1hl2dhg xggy1nq x1a2a7pz x1sur9pj xkrqix3 x1fey0fg\" tabindex=\"0\" role=\"link\" href=\"https:\/\/l.facebook.com\/l.php?u=https%3A%2F%2Fshorturl.at%2FMwr1L%3Ffbclid%3DIwZXh0bgNhZW0CMTAAAR1eSEsPUvlGk8NOCilXo5Q2rxUAyKyX3X3lkxBAriJoWR8QFvVHiDi-XOI_aem_uB-67WEAbzwUm3FuATqIQQ&amp;h=AT1NcWF8JJ8Ce7CAu7JSnXuDrQfCK0i8EMQqhmx__ozRwO8qa1-Xf12Lej13bEil5TqDjjUcewST_XVVJYrEbOprlOwVPPlCO1mw1_cd9FranwAtu9dYVmh65WARyld0b0gi&amp;__tn__=-UK-R&amp;c[0]=AT2bb1mf8qLy8Eabjb2I45tYtiu37T3AaFSRLHS5iEXXWrRhYftxxRCWYROMcw5WoWmTPEGGWJZxFVYIJubav5WF_KEUDQuqNZMYObCfVQ23dW58UCPGA5vVGm6NggLnRzBIu-tNXfPuRsMvZw_oVucrifuusvBNU_kISaBUOouutouo54iWCQ0hsfgoHwbKujXwV15s6U8i28kFaAkaC613IpUUbktf-mLw\" target=\"_blank\" rel=\"nofollow noopener noreferrer\">https:\/\/shorturl.at\/Mwr1L<\/a><\/span><\/div>\n<div dir=\"auto\"><\/div>\n<div dir=\"auto\">Prijave obvezne!<\/div>\n<\/div>\n<\/div>\n<\/div>\n","protected":false},"excerpt":{"rendered":"<p>S radionicom &#8220;Prijateljstvo u akciji&#8221;, odr\u017eanoj 29. srpnja s po\u010detkom u 10:00 sati, zavr\u0161en je ciklus radionica &#8220;Harmony &#8211; Mala \u0161kola pozitive&#8221; organiziranih u sklopu na\u0161eg programa &#8220;Ljeto u knji\u017enici&#8221;. [&hellip;]<\/p>\n","protected":false},"author":3,"featured_media":1193,"comment_status":"closed","ping_status":"closed","sticky":false,"template":"","format":"standard","meta":{"_et_pb_use_builder":"","_et_pb_old_content":"","_et_gb_content_width":"","footnotes":""},"categories":[11],"tags":[],"class_list":["post-1192","post","type-post","status-publish","format-standard","has-post-thumbnail","hentry","category-aktualno"],"_links":{"self":[{"href":"https:\/\/gk-korcula.hr\/nova\/wp-json\/wp\/v2\/posts\/1192","targetHints":{"allow":["GET"]}}],"collection":[{"href":"https:\/\/gk-korcula.hr\/nova\/wp-json\/wp\/v2\/posts"}],"about":[{"href":"https:\/\/gk-korcula.hr\/nova\/wp-json\/wp\/v2\/types\/post"}],"author":[{"embeddable":true,"href":"https:\/\/gk-korcula.hr\/nova\/wp-json\/wp\/v2\/users\/3"}],"replies":[{"embeddable":true,"href":"https:\/\/gk-korcula.hr\/nova\/wp-json\/wp\/v2\/comments?post=1192"}],"version-history":[{"count":3,"href":"https:\/\/gk-korcula.hr\/nova\/wp-json\/wp\/v2\/posts\/1192\/revisions"}],"predecessor-version":[{"id":1205,"href":"https:\/\/gk-korcula.hr\/nova\/wp-json\/wp\/v2\/posts\/1192\/revisions\/1205"}],"wp:featuredmedia":[{"embeddable":true,"href":"https:\/\/gk-korcula.hr\/nova\/wp-json\/wp\/v2\/media\/1193"}],"wp:attachment":[{"href":"https:\/\/gk-korcula.hr\/nova\/wp-json\/wp\/v2\/media?parent=1192"}],"wp:term":[{"taxonomy":"category","embeddable":true,"href":"https:\/\/gk-korcula.hr\/nova\/wp-json\/wp\/v2\/categories?post=1192"},{"taxonomy":"post_tag","embeddable":true,"href":"https:\/\/gk-korcula.hr\/nova\/wp-json\/wp\/v2\/tags?post=1192"}],"curies":[{"name":"wp","href":"https:\/\/api.w.org\/{rel}","templated":true}]}}