{"id":1206,"date":"2024-07-30T12:10:47","date_gmt":"2024-07-30T10:10:47","guid":{"rendered":"https:\/\/gk-korcula.hr\/?p=1206"},"modified":"2024-07-30T12:10:47","modified_gmt":"2024-07-30T10:10:47","slug":"gradska-knjiznica-ivan-vidali-dobitnica-kolektivne-nagrade-grada-korcule","status":"publish","type":"post","link":"https:\/\/gk-korcula.hr\/nova\/gradska-knjiznica-ivan-vidali-dobitnica-kolektivne-nagrade-grada-korcule\/","title":{"rendered":"Gradska knji\u017enica Ivan Vidali dobitnica kolektivne nagrade Grada Kor\u010dule"},"content":{"rendered":"<div class=\"xdj266r x11i5rnm xat24cr x1mh8g0r x1vvkbs x126k92a\">\n<div dir=\"auto\"><span class=\"html-span xdj266r x11i5rnm xat24cr x1mh8g0r xexx8yu x4uap5 x18d9i69 xkhd6sd x1hl2dhg x16tdsg8 x1vvkbs\"><a class=\"x1i10hfl xjbqb8w x1ejq31n xd10rxx x1sy0etr x17r0tee x972fbf xcfux6l x1qhh985 xm0m39n x9f619 x1ypdohk xt0psk2 xe8uvvx xdj266r x11i5rnm xat24cr x1mh8g0r xexx8yu x4uap5 x18d9i69 xkhd6sd x16tdsg8 x1hl2dhg xggy1nq x1a2a7pz x1sur9pj xkrqix3 x1fey0fg xo1l8bm\" tabindex=\"0\" role=\"link\" href=\"https:\/\/web.facebook.com\/GKKorcula?__cft__[0]=AZWdEwGAh2AVeoTLmkwm18eCmn1VwyXjBEBKttSOHR-8GkZ5G0dVbVn0xZTnLv0WB-PfYrYf31J1JhIJlbNtUUFJzacRAFBBmXrJzUgKQyGxiW3IpULGwGVj6KaMrh7ZpNCKFh4iYQbD71HpINwGgh26udyy49Kj4zASa4nMuhiF1nep1JJRy71Gq0SzviJdSTH9lYqjb_KOLpLewcS_4byq&amp;__tn__=-]K-R\"><span class=\"xt0psk2\">Gradska knji\u017enica Ivan Vidali<\/span><\/a><\/span> DOBITNICA KOLEKTIVNE NAGRADE GRADA KOR\u010cULE ZA POSEBAN DOPRINOS NA PODRU\u010cJU DRU\u0160TVENOG \u017dIVOTA<span class=\"html-span xexx8yu x4uap5 x18d9i69 xkhd6sd x1hl2dhg x16tdsg8 x1vvkbs x3nfvp2 x1j61x8r x1fcty0u xdj266r xat24cr xgzva0m xhhsvwb xxymvpz xlup9mm x1kky2od\"><img decoding=\"async\" class=\"xz74otr\" src=\"https:\/\/static.xx.fbcdn.net\/images\/emoji.php\/v9\/td2\/1\/16\/1f604.png\" alt=\"\ud83d\ude04\" width=\"16\" height=\"16\" \/><\/span><\/div>\n<div dir=\"auto\"><\/div>\n<\/div>\n<div class=\"x11i5rnm xat24cr x1mh8g0r x1vvkbs xtlvy1s x126k92a\">\n<div dir=\"auto\">Hvala <span class=\"html-span xdj266r x11i5rnm xat24cr x1mh8g0r xexx8yu x4uap5 x18d9i69 xkhd6sd x1hl2dhg x16tdsg8 x1vvkbs\"><a class=\"x1i10hfl xjbqb8w x1ejq31n xd10rxx x1sy0etr x17r0tee x972fbf xcfux6l x1qhh985 xm0m39n x9f619 x1ypdohk xt0psk2 xe8uvvx xdj266r x11i5rnm xat24cr x1mh8g0r xexx8yu x4uap5 x18d9i69 xkhd6sd x16tdsg8 x1hl2dhg xggy1nq x1a2a7pz x1sur9pj xkrqix3 x1fey0fg xo1l8bm\" tabindex=\"0\" role=\"link\" href=\"https:\/\/web.facebook.com\/GradKorcula?__cft__[0]=AZWdEwGAh2AVeoTLmkwm18eCmn1VwyXjBEBKttSOHR-8GkZ5G0dVbVn0xZTnLv0WB-PfYrYf31J1JhIJlbNtUUFJzacRAFBBmXrJzUgKQyGxiW3IpULGwGVj6KaMrh7ZpNCKFh4iYQbD71HpINwGgh26udyy49Kj4zASa4nMuhiF1nep1JJRy71Gq0SzviJdSTH9lYqjb_KOLpLewcS_4byq&amp;__tn__=-]K-R\"><span class=\"xt0psk2\">Gradu Kor\u010duli<\/span><\/a><\/span> na priznanju!<\/div>\n<div dir=\"auto\"><\/div>\n<div dir=\"auto\">Hvala na\u0161im sugra\u0111anima na potpori u na\u0161im dugogodi\u0161njim nastojanjima na razvoju i unaprje\u0111enju knji\u017eni\u010dne djelatnosti na podru\u010dju Grada Kor\u010dule.<\/div>\n<\/div>\n","protected":false},"excerpt":{"rendered":"<p>Gradska knji\u017enica Ivan Vidali DOBITNICA KOLEKTIVNE NAGRADE GRADA KOR\u010cULE ZA POSEBAN DOPRINOS NA PODRU\u010cJU DRU\u0160TVENOG \u017dIVOTA Hvala Gradu Kor\u010duli na priznanju! Hvala na\u0161im sugra\u0111anima na potpori u na\u0161im dugogodi\u0161njim nastojanjima [&hellip;]<\/p>\n","protected":false},"author":3,"featured_media":1207,"comment_status":"closed","ping_status":"closed","sticky":false,"template":"","format":"standard","meta":{"_et_pb_use_builder":"","_et_pb_old_content":"","_et_gb_content_width":"","footnotes":""},"categories":[11],"tags":[],"class_list":["post-1206","post","type-post","status-publish","format-standard","has-post-thumbnail","hentry","category-aktualno"],"_links":{"self":[{"href":"https:\/\/gk-korcula.hr\/nova\/wp-json\/wp\/v2\/posts\/1206","targetHints":{"allow":["GET"]}}],"collection":[{"href":"https:\/\/gk-korcula.hr\/nova\/wp-json\/wp\/v2\/posts"}],"about":[{"href":"https:\/\/gk-korcula.hr\/nova\/wp-json\/wp\/v2\/types\/post"}],"author":[{"embeddable":true,"href":"https:\/\/gk-korcula.hr\/nova\/wp-json\/wp\/v2\/users\/3"}],"replies":[{"embeddable":true,"href":"https:\/\/gk-korcula.hr\/nova\/wp-json\/wp\/v2\/comments?post=1206"}],"version-history":[{"count":1,"href":"https:\/\/gk-korcula.hr\/nova\/wp-json\/wp\/v2\/posts\/1206\/revisions"}],"predecessor-version":[{"id":1208,"href":"https:\/\/gk-korcula.hr\/nova\/wp-json\/wp\/v2\/posts\/1206\/revisions\/1208"}],"wp:featuredmedia":[{"embeddable":true,"href":"https:\/\/gk-korcula.hr\/nova\/wp-json\/wp\/v2\/media\/1207"}],"wp:attachment":[{"href":"https:\/\/gk-korcula.hr\/nova\/wp-json\/wp\/v2\/media?parent=1206"}],"wp:term":[{"taxonomy":"category","embeddable":true,"href":"https:\/\/gk-korcula.hr\/nova\/wp-json\/wp\/v2\/categories?post=1206"},{"taxonomy":"post_tag","embeddable":true,"href":"https:\/\/gk-korcula.hr\/nova\/wp-json\/wp\/v2\/tags?post=1206"}],"curies":[{"name":"wp","href":"https:\/\/api.w.org\/{rel}","templated":true}]}}