{"id":1246,"date":"2024-08-20T20:33:49","date_gmt":"2024-08-20T18:33:49","guid":{"rendered":"https:\/\/gk-korcula.hr\/?p=1246"},"modified":"2024-08-26T15:35:01","modified_gmt":"2024-08-26T13:35:01","slug":"mrljek-i-prljek-u-korculi","status":"publish","type":"post","link":"https:\/\/gk-korcula.hr\/nova\/mrljek-i-prljek-u-korculi\/","title":{"rendered":"Mrljek i Prljek u Kor\u010duli!"},"content":{"rendered":"<div class=\"xdj266r x11i5rnm xat24cr x1mh8g0r x1vvkbs x126k92a\">\n<div dir=\"auto\">Danas nas je posjetila knji\u017eevnica <span class=\"html-span xdj266r x11i5rnm xat24cr x1mh8g0r xexx8yu x4uap5 x18d9i69 xkhd6sd x1hl2dhg x16tdsg8 x1vvkbs\"><a class=\"x1i10hfl xjbqb8w x1ejq31n xd10rxx x1sy0etr x17r0tee x972fbf xcfux6l x1qhh985 xm0m39n x9f619 x1ypdohk xt0psk2 xe8uvvx xdj266r x11i5rnm xat24cr x1mh8g0r xexx8yu x4uap5 x18d9i69 xkhd6sd x16tdsg8 x1hl2dhg xggy1nq x1a2a7pz x1sur9pj xkrqix3 x1fey0fg xo1l8bm\" tabindex=\"0\" role=\"link\" href=\"https:\/\/www.facebook.com\/profile.php?id=100063251438495&amp;__cft__[0]=AZUphI8Md1mIZ8BDFqYROrLyolbz9GIFOGXWpFJzWGQqZ845RLi8yKQKfyoo79ER0GcYKAPcQv8HF_n8aVknFXKPGhpX1sJlnDNJHxmvUi61xWbYq_HgGLcrAoeyPTQdXJcVM1h3nYjBOiE9AivVPZCa0xNDdJiN_kBWJN2mG5yNp-00xBt_XTaMSXdwWvSXGgaGX7M5Bk4RCmceaalx5Bde&amp;__tn__=-]K-R\"><span class=\"xt0psk2\">Jelena Pervan<\/span><\/a><\/span> pa smo se u veseloj i zaigranoj atmosferi dru\u017eili s Mrljekom i Prljekom, omiljenim likovima iz njenih slikovnica. Bilo je super! Urnebesno i smije\u0161no, ali i pou\u010dno!<\/div>\n<\/div>\n<div class=\"x11i5rnm xat24cr x1mh8g0r x1vvkbs xtlvy1s x126k92a\">\n<div dir=\"auto\">Nadamo se da \u0107e Jelena ponovno do\u0107i na na\u0161 otok i razveseliti djecu nekom novom pri\u010dom o higijeni u kojoj glavnu ulogu imaju Mrljek i Prljek!<\/div>\n<\/div>\n<div dir=\"auto\"><\/div>\n<div dir=\"auto\"><a href=\"https:\/\/www.facebook.com\/GKKorcula\/posts\/pfbid02E4nam2XmUzu3NnmeQcFmpZDGkMCxPBhhPz1V5EGhhTHpdAqvqM1ieRn3tcqw8VNxl\">Vi\u0161e fotografija<\/a><\/div>\n","protected":false},"excerpt":{"rendered":"<p>Danas nas je posjetila knji\u017eevnica Jelena Pervan pa smo se u veseloj i zaigranoj atmosferi dru\u017eili s Mrljekom i Prljekom, omiljenim likovima iz njenih slikovnica. Bilo je super! Urnebesno i [&hellip;]<\/p>\n","protected":false},"author":3,"featured_media":1247,"comment_status":"closed","ping_status":"closed","sticky":false,"template":"","format":"standard","meta":{"_et_pb_use_builder":"","_et_pb_old_content":"","_et_gb_content_width":"","footnotes":""},"categories":[11],"tags":[],"class_list":["post-1246","post","type-post","status-publish","format-standard","has-post-thumbnail","hentry","category-aktualno"],"_links":{"self":[{"href":"https:\/\/gk-korcula.hr\/nova\/wp-json\/wp\/v2\/posts\/1246","targetHints":{"allow":["GET"]}}],"collection":[{"href":"https:\/\/gk-korcula.hr\/nova\/wp-json\/wp\/v2\/posts"}],"about":[{"href":"https:\/\/gk-korcula.hr\/nova\/wp-json\/wp\/v2\/types\/post"}],"author":[{"embeddable":true,"href":"https:\/\/gk-korcula.hr\/nova\/wp-json\/wp\/v2\/users\/3"}],"replies":[{"embeddable":true,"href":"https:\/\/gk-korcula.hr\/nova\/wp-json\/wp\/v2\/comments?post=1246"}],"version-history":[{"count":1,"href":"https:\/\/gk-korcula.hr\/nova\/wp-json\/wp\/v2\/posts\/1246\/revisions"}],"predecessor-version":[{"id":1248,"href":"https:\/\/gk-korcula.hr\/nova\/wp-json\/wp\/v2\/posts\/1246\/revisions\/1248"}],"wp:featuredmedia":[{"embeddable":true,"href":"https:\/\/gk-korcula.hr\/nova\/wp-json\/wp\/v2\/media\/1247"}],"wp:attachment":[{"href":"https:\/\/gk-korcula.hr\/nova\/wp-json\/wp\/v2\/media?parent=1246"}],"wp:term":[{"taxonomy":"category","embeddable":true,"href":"https:\/\/gk-korcula.hr\/nova\/wp-json\/wp\/v2\/categories?post=1246"},{"taxonomy":"post_tag","embeddable":true,"href":"https:\/\/gk-korcula.hr\/nova\/wp-json\/wp\/v2\/tags?post=1246"}],"curies":[{"name":"wp","href":"https:\/\/api.w.org\/{rel}","templated":true}]}}