{"id":1269,"date":"2024-08-28T12:24:56","date_gmt":"2024-08-28T10:24:56","guid":{"rendered":"https:\/\/gk-korcula.hr\/?p=1269"},"modified":"2024-08-28T12:24:56","modified_gmt":"2024-08-28T10:24:56","slug":"zatiranje-povijesne-memorije-predstavljanje-knjige","status":"publish","type":"post","link":"https:\/\/gk-korcula.hr\/nova\/zatiranje-povijesne-memorije-predstavljanje-knjige\/","title":{"rendered":"Zatiranje povijesne memorije &#8211; predstavljanje knjige"},"content":{"rendered":"<p data-pm-slice=\"0 0 []\">Predstavljanje knjige autora Ante Le\u0161aje \u201e<strong>ZATIRANJE POVIJESNE MEMORIJE<\/strong>\u201c (izdanje Savez antifa\u0161isti\u010dkih boraca i antifa\u0161ista Republike Hrvatske, 2024.)<\/p>\n<p>Predstavljanje \u0107e se odr\u017eati u Gradskoj knji\u017enici <em>Ivan Vidali<\/em> u <strong>ponedjeljak, 2. rujna<\/strong>, s po\u010detkom u <strong>19.00 sati<\/strong>.<\/p>\n<p>Knjigu \u0107e predstaviti urednica Nata\u0161a Matau\u0161i\u0107, Davorka Peri\u0107 te Ivan Vi\u0111en.<\/p>\n<p>&#8220;<em>Kakva je i kolika \u0161teta koju nacionalisti nanose naciji \u010dije ime ponosno isti\u010du na svojim zastavama? Kakav je karakter i koliki su razmjeri destrukcije \u0161to je podnosi objekt \u017earke ljubavi nacionalista? Odgovore na tako postavljena pitanja nitko nije vjerodostojnije i iscrpnije dokumentirao od Ante Le\u0161aje. Najprije u svom &#8220;Knjigocidu&#8221;, radu od epohalnog zna\u010daja, koji \u0107e biti nezaobilazno izvori\u0161te generacijama budu\u0107ih histori\u010dara, a sada u knjizi koja je pred nama, gdje je ovaj Kor\u010dulanin istra\u017eivanja o planskom uni\u0161tavanju \u201enepo\u0107udnih\u201c knjiga u hrvatskim biblotekama pro\u0161irio obilnom gra\u0111om o organiziranom uni\u0161tavanju antifa\u0161isti\u010dkih spomenika u Hrvatskoj.<br \/>\nTime je iscrpna analiza ne\u010dega \u0161to mo\u017eemo nazvati etni\u010dkim \u010di\u0161\u0107enjem u polju kulture nadopunjena jednako detaljnim prikazom ideolo\u0161kog \u010di\u0161\u0107enja u prostoru tzv. kolektivnog pam\u0107enja. Fenomeni ne samo da su komplementarni i da se me\u0111usobno \u201enadopunjuju\u201c; po mnogo \u010demu mo\u017eemo govoriti o jednom te istom kriminalnom pohodu.<\/em>&#8221;<\/p>\n<p>Viktor Ivan\u010di\u0107<\/p>\n<p>&nbsp;<\/p>\n","protected":false},"excerpt":{"rendered":"<p>Predstavljanje knjige autora Ante Le\u0161aje \u201eZATIRANJE POVIJESNE MEMORIJE\u201c (izdanje Savez antifa\u0161isti\u010dkih boraca i antifa\u0161ista Republike Hrvatske, 2024.) Predstavljanje \u0107e se odr\u017eati u Gradskoj knji\u017enici Ivan Vidali u ponedjeljak, 2. rujna, [&hellip;]<\/p>\n","protected":false},"author":3,"featured_media":1267,"comment_status":"closed","ping_status":"closed","sticky":false,"template":"","format":"standard","meta":{"_et_pb_use_builder":"","_et_pb_old_content":"","_et_gb_content_width":"","footnotes":""},"categories":[10],"tags":[],"class_list":["post-1269","post","type-post","status-publish","format-standard","has-post-thumbnail","hentry","category-najave-dogadaja"],"_links":{"self":[{"href":"https:\/\/gk-korcula.hr\/nova\/wp-json\/wp\/v2\/posts\/1269","targetHints":{"allow":["GET"]}}],"collection":[{"href":"https:\/\/gk-korcula.hr\/nova\/wp-json\/wp\/v2\/posts"}],"about":[{"href":"https:\/\/gk-korcula.hr\/nova\/wp-json\/wp\/v2\/types\/post"}],"author":[{"embeddable":true,"href":"https:\/\/gk-korcula.hr\/nova\/wp-json\/wp\/v2\/users\/3"}],"replies":[{"embeddable":true,"href":"https:\/\/gk-korcula.hr\/nova\/wp-json\/wp\/v2\/comments?post=1269"}],"version-history":[{"count":1,"href":"https:\/\/gk-korcula.hr\/nova\/wp-json\/wp\/v2\/posts\/1269\/revisions"}],"predecessor-version":[{"id":1270,"href":"https:\/\/gk-korcula.hr\/nova\/wp-json\/wp\/v2\/posts\/1269\/revisions\/1270"}],"wp:featuredmedia":[{"embeddable":true,"href":"https:\/\/gk-korcula.hr\/nova\/wp-json\/wp\/v2\/media\/1267"}],"wp:attachment":[{"href":"https:\/\/gk-korcula.hr\/nova\/wp-json\/wp\/v2\/media?parent=1269"}],"wp:term":[{"taxonomy":"category","embeddable":true,"href":"https:\/\/gk-korcula.hr\/nova\/wp-json\/wp\/v2\/categories?post=1269"},{"taxonomy":"post_tag","embeddable":true,"href":"https:\/\/gk-korcula.hr\/nova\/wp-json\/wp\/v2\/tags?post=1269"}],"curies":[{"name":"wp","href":"https:\/\/api.w.org\/{rel}","templated":true}]}}