{"id":1295,"date":"2024-09-07T19:43:25","date_gmt":"2024-09-07T17:43:25","guid":{"rendered":"https:\/\/gk-korcula.hr\/?p=1295"},"modified":"2024-09-07T19:43:25","modified_gmt":"2024-09-07T17:43:25","slug":"predstavljanje-knjige-zatiranje-povijesne-memorije","status":"publish","type":"post","link":"https:\/\/gk-korcula.hr\/nova\/predstavljanje-knjige-zatiranje-povijesne-memorije\/","title":{"rendered":"Predstavljanje knjige &#8220;Zatiranje povijesne memorije&#8221;"},"content":{"rendered":"<div dir=\"auto\">Sino\u0107 je u knji\u017enici, u organizaciji <span class=\"html-span xdj266r x11i5rnm xat24cr x1mh8g0r xexx8yu x4uap5 x18d9i69 xkhd6sd x1hl2dhg x16tdsg8 x1vvkbs\"><a class=\"x1i10hfl xjbqb8w x1ejq31n xd10rxx x1sy0etr x17r0tee x972fbf xcfux6l x1qhh985 xm0m39n x9f619 x1ypdohk xt0psk2 xe8uvvx xdj266r x11i5rnm xat24cr x1mh8g0r xexx8yu x4uap5 x18d9i69 xkhd6sd x16tdsg8 x1hl2dhg xggy1nq x1a2a7pz x1sur9pj xkrqix3 x1fey0fg xo1l8bm\" tabindex=\"0\" role=\"link\" href=\"https:\/\/web.facebook.com\/AntifasistiKorcule?__cft__[0]=AZUlD35zrYhQWPms-fTLHPRbGSZk1JCrEkfk3Ltq2e9TE2tcjGbHvXQc9j6rEDWW-jUHsDj0PRDqhLijk1Iy1SlKWWFw2TtJQ3kqNdMInS61OMLEbp8pVhOZARAD0Jzhk9WUMpIBM0T2Raildq5w7CIx98lIfin1dJdi5NsXT7VgLmhqOYZ7nquHpXEalNGeAd5vIi5JnN-rGr7B1Ovw5ur7&amp;__tn__=-]K-R\"><span class=\"xt0psk2\">Udruga Antifa\u0161ista grada Kor\u010dule<\/span><\/a><\/span>, odr\u017eano predstavljanje nove knjige umirovljenog prof. Anta Le\u0161aje pod nazivom &#8220;Zatiranje povijesne memorije&#8221;. O knjizi su govorili povjesni\u010dari umjetnosti, Davorka Peri\u0107 i Ivan Vi\u0111en.<\/div>\n<div dir=\"auto\">Po \u017eelji autora, primjerak knjige mo\u017eete nabaviti u knji\u017enici uz dobrovoljni prilog.<\/div>\n","protected":false},"excerpt":{"rendered":"<p>Sino\u0107 je u knji\u017enici, u organizaciji Udruga Antifa\u0161ista grada Kor\u010dule, odr\u017eano predstavljanje nove knjige umirovljenog prof. Anta Le\u0161aje pod nazivom &#8220;Zatiranje povijesne memorije&#8221;. O knjizi su govorili povjesni\u010dari umjetnosti, Davorka [&hellip;]<\/p>\n","protected":false},"author":3,"featured_media":1296,"comment_status":"closed","ping_status":"closed","sticky":false,"template":"","format":"standard","meta":{"_et_pb_use_builder":"","_et_pb_old_content":"","_et_gb_content_width":"","footnotes":""},"categories":[11],"tags":[],"class_list":["post-1295","post","type-post","status-publish","format-standard","has-post-thumbnail","hentry","category-aktualno"],"_links":{"self":[{"href":"https:\/\/gk-korcula.hr\/nova\/wp-json\/wp\/v2\/posts\/1295","targetHints":{"allow":["GET"]}}],"collection":[{"href":"https:\/\/gk-korcula.hr\/nova\/wp-json\/wp\/v2\/posts"}],"about":[{"href":"https:\/\/gk-korcula.hr\/nova\/wp-json\/wp\/v2\/types\/post"}],"author":[{"embeddable":true,"href":"https:\/\/gk-korcula.hr\/nova\/wp-json\/wp\/v2\/users\/3"}],"replies":[{"embeddable":true,"href":"https:\/\/gk-korcula.hr\/nova\/wp-json\/wp\/v2\/comments?post=1295"}],"version-history":[{"count":1,"href":"https:\/\/gk-korcula.hr\/nova\/wp-json\/wp\/v2\/posts\/1295\/revisions"}],"predecessor-version":[{"id":1297,"href":"https:\/\/gk-korcula.hr\/nova\/wp-json\/wp\/v2\/posts\/1295\/revisions\/1297"}],"wp:featuredmedia":[{"embeddable":true,"href":"https:\/\/gk-korcula.hr\/nova\/wp-json\/wp\/v2\/media\/1296"}],"wp:attachment":[{"href":"https:\/\/gk-korcula.hr\/nova\/wp-json\/wp\/v2\/media?parent=1295"}],"wp:term":[{"taxonomy":"category","embeddable":true,"href":"https:\/\/gk-korcula.hr\/nova\/wp-json\/wp\/v2\/categories?post=1295"},{"taxonomy":"post_tag","embeddable":true,"href":"https:\/\/gk-korcula.hr\/nova\/wp-json\/wp\/v2\/tags?post=1295"}],"curies":[{"name":"wp","href":"https:\/\/api.w.org\/{rel}","templated":true}]}}