{"id":1298,"date":"2024-09-07T19:48:37","date_gmt":"2024-09-07T17:48:37","guid":{"rendered":"https:\/\/gk-korcula.hr\/?p=1298"},"modified":"2024-09-07T19:48:37","modified_gmt":"2024-09-07T17:48:37","slug":"korculanski-festival-knjizevnosti-2024","status":"publish","type":"post","link":"https:\/\/gk-korcula.hr\/nova\/korculanski-festival-knjizevnosti-2024\/","title":{"rendered":"Kor\u010dulanski festival knji\u017eevnosti 2024."},"content":{"rendered":"<div class=\"xdj266r x11i5rnm xat24cr x1mh8g0r x1vvkbs x126k92a\">\n<div dir=\"auto\">Kor\u010dulanski festival knji\u017eevnosti (KFK) je manifestacija namijenjena djeci pred\u0161kolske i osnovno\u0161kolske dobi s ciljem poticanja \u010ditateljske pismenosti i dostupnosti interdisciplinarnih i umjetni\u010dkih programa na otoku Kor\u010duli.<\/div>\n<\/div>\n<div class=\"x11i5rnm xat24cr x1mh8g0r x1vvkbs xtlvy1s x126k92a\">\n<div dir=\"auto\">Festival \u0107e se ove godine odr\u017eati u periodu od 24. do 26. rujna, a posve\u0107en je stripu. Tijekom festivala ugostit \u0107emo poznate hrvatske ilustratore i dje\u010dje knji\u017eevnike Nikolinu Manojlovi\u0107 Vra\u010dar, Almu Pongra\u0161i\u0107, Nikolinu \u017dab\u010di\u0107 i Darka Macana.<\/div>\n<\/div>\n","protected":false},"excerpt":{"rendered":"<p>Kor\u010dulanski festival knji\u017eevnosti (KFK) je manifestacija namijenjena djeci pred\u0161kolske i osnovno\u0161kolske dobi s ciljem poticanja \u010ditateljske pismenosti i dostupnosti interdisciplinarnih i umjetni\u010dkih programa na otoku Kor\u010duli. Festival \u0107e se ove [&hellip;]<\/p>\n","protected":false},"author":3,"featured_media":1299,"comment_status":"closed","ping_status":"closed","sticky":false,"template":"","format":"standard","meta":{"_et_pb_use_builder":"","_et_pb_old_content":"","_et_gb_content_width":"","footnotes":""},"categories":[10],"tags":[],"class_list":["post-1298","post","type-post","status-publish","format-standard","has-post-thumbnail","hentry","category-najave-dogadaja"],"_links":{"self":[{"href":"https:\/\/gk-korcula.hr\/nova\/wp-json\/wp\/v2\/posts\/1298","targetHints":{"allow":["GET"]}}],"collection":[{"href":"https:\/\/gk-korcula.hr\/nova\/wp-json\/wp\/v2\/posts"}],"about":[{"href":"https:\/\/gk-korcula.hr\/nova\/wp-json\/wp\/v2\/types\/post"}],"author":[{"embeddable":true,"href":"https:\/\/gk-korcula.hr\/nova\/wp-json\/wp\/v2\/users\/3"}],"replies":[{"embeddable":true,"href":"https:\/\/gk-korcula.hr\/nova\/wp-json\/wp\/v2\/comments?post=1298"}],"version-history":[{"count":1,"href":"https:\/\/gk-korcula.hr\/nova\/wp-json\/wp\/v2\/posts\/1298\/revisions"}],"predecessor-version":[{"id":1300,"href":"https:\/\/gk-korcula.hr\/nova\/wp-json\/wp\/v2\/posts\/1298\/revisions\/1300"}],"wp:featuredmedia":[{"embeddable":true,"href":"https:\/\/gk-korcula.hr\/nova\/wp-json\/wp\/v2\/media\/1299"}],"wp:attachment":[{"href":"https:\/\/gk-korcula.hr\/nova\/wp-json\/wp\/v2\/media?parent=1298"}],"wp:term":[{"taxonomy":"category","embeddable":true,"href":"https:\/\/gk-korcula.hr\/nova\/wp-json\/wp\/v2\/categories?post=1298"},{"taxonomy":"post_tag","embeddable":true,"href":"https:\/\/gk-korcula.hr\/nova\/wp-json\/wp\/v2\/tags?post=1298"}],"curies":[{"name":"wp","href":"https:\/\/api.w.org\/{rel}","templated":true}]}}