{"id":1307,"date":"2024-09-08T09:39:00","date_gmt":"2024-09-08T07:39:00","guid":{"rendered":"https:\/\/gk-korcula.hr\/?p=1307"},"modified":"2024-09-17T09:40:44","modified_gmt":"2024-09-17T07:40:44","slug":"predavanje-dr-sc-gorana-gretica-o-heideggerovim-crnim-biljeznicama","status":"publish","type":"post","link":"https:\/\/gk-korcula.hr\/nova\/predavanje-dr-sc-gorana-gretica-o-heideggerovim-crnim-biljeznicama\/","title":{"rendered":"Predavanje dr. sc. Gorana Greti\u0107a o Heideggerovim Crnim bilje\u017enicama"},"content":{"rendered":"<div class=\"xdj266r x11i5rnm xat24cr x1mh8g0r x1vvkbs x126k92a\">\n<div dir=\"auto\">Sino\u0107 je u <span class=\"html-span xdj266r x11i5rnm xat24cr x1mh8g0r xexx8yu x4uap5 x18d9i69 xkhd6sd x1hl2dhg x16tdsg8 x1vvkbs\"><a class=\"x1i10hfl xjbqb8w x1ejq31n xd10rxx x1sy0etr x17r0tee x972fbf xcfux6l x1qhh985 xm0m39n x9f619 x1ypdohk xt0psk2 xe8uvvx xdj266r x11i5rnm xat24cr x1mh8g0r xexx8yu x4uap5 x18d9i69 xkhd6sd x16tdsg8 x1hl2dhg xggy1nq x1a2a7pz x1sur9pj xkrqix3 x1fey0fg xo1l8bm\" tabindex=\"0\" role=\"link\" href=\"https:\/\/web.facebook.com\/GKKorcula?__cft__[0]=AZXhPH1BaGzfnPvlCs6E_Aeg0w8GKWPT8Vip-KjtY8zYfBeqRXoYhD3v5q-KmJeGWg1yXz_nCDmE9kyUyEmDTgL6pw9jDQN5c6GxAWZBNN49Bn1EqEehOBdwwVfOoq39fzUlDStwVOHWrKsQLIoFeFY9M8ZFcBio-4el_W8cgg5RJuzKzArABoWDEQYLRMlUUPQ&amp;__tn__=-]K-R\"><span class=\"xt0psk2\">Gradska knji\u017enica Ivan Vidali<\/span><\/a><\/span> gostovao poznati hrvatski filozof, dr. sc. Goran Greti\u0107, koji je u razgovoru sa povjesni\u010darom, dr. sc. Draganom Markovinom, predstavio svoju knjigu U traganju za zaboravljenim bitkom. U knjizi, objavljenoj u 2023. godini u nakladni\u010dkoj ku\u0107i Durieux, razmatraju se filozofska stajali\u0161ta Martina Heideggera bliska nacionalsocijalisti\u010dkoj ideologiji i objavljena u njegovim Crnim bilje\u017enicama, koja drasti\u010dno mijenjaju ocjenu njegove filozofije.<\/div>\n<\/div>\n<div class=\"x11i5rnm xat24cr x1mh8g0r x1vvkbs xtlvy1s x126k92a\">\n<div dir=\"auto\">Zahvaljujemo na gostovanju i vrlo zanimljivom tuma\u010denju misli i djela jednog od najpoznatijih filozofa 20. stolje\u0107a!<\/div>\n<\/div>\n<div class=\"x11i5rnm xat24cr x1mh8g0r x1vvkbs xtlvy1s x126k92a\">\n<div dir=\"auto\">Predstavljanje ove knjige dio je programa obilje\u017eavanja 80. obljetnice oslobo\u0111enja Kor\u010dule, nositelj kojeg je <span class=\"html-span xdj266r x11i5rnm xat24cr x1mh8g0r xexx8yu x4uap5 x18d9i69 xkhd6sd x1hl2dhg x16tdsg8 x1vvkbs\"><a class=\"x1i10hfl xjbqb8w x1ejq31n xd10rxx x1sy0etr x17r0tee x972fbf xcfux6l x1qhh985 xm0m39n x9f619 x1ypdohk xt0psk2 xe8uvvx xdj266r x11i5rnm xat24cr x1mh8g0r xexx8yu x4uap5 x18d9i69 xkhd6sd x16tdsg8 x1hl2dhg xggy1nq x1a2a7pz x1sur9pj xkrqix3 x1fey0fg xo1l8bm\" tabindex=\"0\" role=\"link\" href=\"https:\/\/web.facebook.com\/AntifasistiKorcule?__cft__[0]=AZXhPH1BaGzfnPvlCs6E_Aeg0w8GKWPT8Vip-KjtY8zYfBeqRXoYhD3v5q-KmJeGWg1yXz_nCDmE9kyUyEmDTgL6pw9jDQN5c6GxAWZBNN49Bn1EqEehOBdwwVfOoq39fzUlDStwVOHWrKsQLIoFeFY9M8ZFcBio-4el_W8cgg5RJuzKzArABoWDEQYLRMlUUPQ&amp;__tn__=-]K-R\"><span class=\"xt0psk2\">Udruga Antifa\u0161ista grada Kor\u010dule<\/span><\/a><\/span> a pokrovitelj <span class=\"html-span xdj266r x11i5rnm xat24cr x1mh8g0r xexx8yu x4uap5 x18d9i69 xkhd6sd x1hl2dhg x16tdsg8 x1vvkbs\"><a class=\"x1i10hfl xjbqb8w x1ejq31n xd10rxx x1sy0etr x17r0tee x972fbf xcfux6l x1qhh985 xm0m39n x9f619 x1ypdohk xt0psk2 xe8uvvx xdj266r x11i5rnm xat24cr x1mh8g0r xexx8yu x4uap5 x18d9i69 xkhd6sd x16tdsg8 x1hl2dhg xggy1nq x1a2a7pz x1sur9pj xkrqix3 x1fey0fg xo1l8bm\" tabindex=\"0\" role=\"link\" href=\"https:\/\/web.facebook.com\/GradKorcula?__cft__[0]=AZXhPH1BaGzfnPvlCs6E_Aeg0w8GKWPT8Vip-KjtY8zYfBeqRXoYhD3v5q-KmJeGWg1yXz_nCDmE9kyUyEmDTgL6pw9jDQN5c6GxAWZBNN49Bn1EqEehOBdwwVfOoq39fzUlDStwVOHWrKsQLIoFeFY9M8ZFcBio-4el_W8cgg5RJuzKzArABoWDEQYLRMlUUPQ&amp;__tn__=-]K-R\"><span class=\"xt0psk2\">Grad Kor\u010dula<\/span><\/a><\/span>.<\/div>\n<\/div>\n","protected":false},"excerpt":{"rendered":"<p>Sino\u0107 je u Gradska knji\u017enica Ivan Vidali gostovao poznati hrvatski filozof, dr. sc. Goran Greti\u0107, koji je u razgovoru sa povjesni\u010darom, dr. sc. Draganom Markovinom, predstavio svoju knjigu U traganju [&hellip;]<\/p>\n","protected":false},"author":3,"featured_media":1308,"comment_status":"closed","ping_status":"closed","sticky":false,"template":"","format":"standard","meta":{"_et_pb_use_builder":"","_et_pb_old_content":"","_et_gb_content_width":"","footnotes":""},"categories":[11],"tags":[],"class_list":["post-1307","post","type-post","status-publish","format-standard","has-post-thumbnail","hentry","category-aktualno"],"_links":{"self":[{"href":"https:\/\/gk-korcula.hr\/nova\/wp-json\/wp\/v2\/posts\/1307","targetHints":{"allow":["GET"]}}],"collection":[{"href":"https:\/\/gk-korcula.hr\/nova\/wp-json\/wp\/v2\/posts"}],"about":[{"href":"https:\/\/gk-korcula.hr\/nova\/wp-json\/wp\/v2\/types\/post"}],"author":[{"embeddable":true,"href":"https:\/\/gk-korcula.hr\/nova\/wp-json\/wp\/v2\/users\/3"}],"replies":[{"embeddable":true,"href":"https:\/\/gk-korcula.hr\/nova\/wp-json\/wp\/v2\/comments?post=1307"}],"version-history":[{"count":1,"href":"https:\/\/gk-korcula.hr\/nova\/wp-json\/wp\/v2\/posts\/1307\/revisions"}],"predecessor-version":[{"id":1309,"href":"https:\/\/gk-korcula.hr\/nova\/wp-json\/wp\/v2\/posts\/1307\/revisions\/1309"}],"wp:featuredmedia":[{"embeddable":true,"href":"https:\/\/gk-korcula.hr\/nova\/wp-json\/wp\/v2\/media\/1308"}],"wp:attachment":[{"href":"https:\/\/gk-korcula.hr\/nova\/wp-json\/wp\/v2\/media?parent=1307"}],"wp:term":[{"taxonomy":"category","embeddable":true,"href":"https:\/\/gk-korcula.hr\/nova\/wp-json\/wp\/v2\/categories?post=1307"},{"taxonomy":"post_tag","embeddable":true,"href":"https:\/\/gk-korcula.hr\/nova\/wp-json\/wp\/v2\/tags?post=1307"}],"curies":[{"name":"wp","href":"https:\/\/api.w.org\/{rel}","templated":true}]}}