{"id":1315,"date":"2024-09-23T12:19:07","date_gmt":"2024-09-23T10:19:07","guid":{"rendered":"https:\/\/gk-korcula.hr\/?p=1315"},"modified":"2024-09-23T12:19:07","modified_gmt":"2024-09-23T10:19:07","slug":"radionice-eksperimentalnog-filma","status":"publish","type":"post","link":"https:\/\/gk-korcula.hr\/nova\/radionice-eksperimentalnog-filma\/","title":{"rendered":"Radionice eksperimentalnog filma"},"content":{"rendered":"<p>Dvotjedna radionica eksperimentalnog filma odr\u017eat \u0107e se po\u010detkom listopada pod mentorstvom redatelja Koste Risti\u0107a u okviru manifestacije \u201cKor\u010dula voli film\u201d. Manifestacija je posve\u0107ena kor\u010dulanskom eksperimentalnom filma\u0161u Mihovilu Pansiniju.<\/p>\n<p>Nakon inspirativne i vrlo uspe\u0161ne pro\u0161logodi\u0161nje radionice igranog filma s u\u010denicima O\u0160 \u201cPetar Kanaveli\u0107\u201d, i ove jeseni i\u0161\u010dekujemo zanimljiv filmski doga\u0111aj u Kor\u010duli. Radionica eksperimentalnog filma odr\u017eavat \u0107e se u Gradskoj knji\u017enici \u201cIvan Vidali\u201d kao i u Centru za kulturu Kor\u010dula, dok u Zimskom kinu o\u010dekujemo premijeru filma izra\u0111enog na radionici.<\/p>\n<p>Prijave na:\u00a0<a href=\"https:\/\/tidycal.com\/gradskaknjiznicaivanvidali\/radionica-eksperimentalnog-filma\">https:\/\/shorturl.at\/wNrVU<\/a><\/p>\n","protected":false},"excerpt":{"rendered":"<p>Dvotjedna radionica eksperimentalnog filma odr\u017eat \u0107e se po\u010detkom listopada pod mentorstvom redatelja Koste Risti\u0107a u okviru manifestacije \u201cKor\u010dula voli film\u201d. Manifestacija je posve\u0107ena kor\u010dulanskom eksperimentalnom filma\u0161u Mihovilu Pansiniju. Nakon inspirativne [&hellip;]<\/p>\n","protected":false},"author":3,"featured_media":1316,"comment_status":"closed","ping_status":"closed","sticky":false,"template":"","format":"standard","meta":{"_et_pb_use_builder":"","_et_pb_old_content":"","_et_gb_content_width":"","footnotes":""},"categories":[10],"tags":[],"class_list":["post-1315","post","type-post","status-publish","format-standard","has-post-thumbnail","hentry","category-najave-dogadaja"],"_links":{"self":[{"href":"https:\/\/gk-korcula.hr\/nova\/wp-json\/wp\/v2\/posts\/1315","targetHints":{"allow":["GET"]}}],"collection":[{"href":"https:\/\/gk-korcula.hr\/nova\/wp-json\/wp\/v2\/posts"}],"about":[{"href":"https:\/\/gk-korcula.hr\/nova\/wp-json\/wp\/v2\/types\/post"}],"author":[{"embeddable":true,"href":"https:\/\/gk-korcula.hr\/nova\/wp-json\/wp\/v2\/users\/3"}],"replies":[{"embeddable":true,"href":"https:\/\/gk-korcula.hr\/nova\/wp-json\/wp\/v2\/comments?post=1315"}],"version-history":[{"count":1,"href":"https:\/\/gk-korcula.hr\/nova\/wp-json\/wp\/v2\/posts\/1315\/revisions"}],"predecessor-version":[{"id":1317,"href":"https:\/\/gk-korcula.hr\/nova\/wp-json\/wp\/v2\/posts\/1315\/revisions\/1317"}],"wp:featuredmedia":[{"embeddable":true,"href":"https:\/\/gk-korcula.hr\/nova\/wp-json\/wp\/v2\/media\/1316"}],"wp:attachment":[{"href":"https:\/\/gk-korcula.hr\/nova\/wp-json\/wp\/v2\/media?parent=1315"}],"wp:term":[{"taxonomy":"category","embeddable":true,"href":"https:\/\/gk-korcula.hr\/nova\/wp-json\/wp\/v2\/categories?post=1315"},{"taxonomy":"post_tag","embeddable":true,"href":"https:\/\/gk-korcula.hr\/nova\/wp-json\/wp\/v2\/tags?post=1315"}],"curies":[{"name":"wp","href":"https:\/\/api.w.org\/{rel}","templated":true}]}}