{"id":1331,"date":"2024-09-25T09:17:35","date_gmt":"2024-09-25T07:17:35","guid":{"rendered":"https:\/\/gk-korcula.hr\/?p=1331"},"modified":"2024-09-25T09:17:35","modified_gmt":"2024-09-25T07:17:35","slug":"zapoceo-iv-korculanski-festival-knjizevnosti","status":"publish","type":"post","link":"https:\/\/gk-korcula.hr\/nova\/zapoceo-iv-korculanski-festival-knjizevnosti\/","title":{"rendered":"Zapo\u010deo IV. kor\u010dulanski festival knji\u017eevnosti"},"content":{"rendered":"<div class=\"x11i5rnm xat24cr x1mh8g0r x1vvkbs xtlvy1s x126k92a\">\n<div dir=\"auto\">U Kor\u010duli otvoren 4. kor\u010dulanski festival knji\u017eevnosti za djecu u organizaciji @<span class=\"html-span xdj266r x11i5rnm xat24cr x1mh8g0r xexx8yu x4uap5 x18d9i69 xkhd6sd x1hl2dhg x16tdsg8 x1vvkbs\"><a class=\"x1i10hfl xjbqb8w x1ejq31n xd10rxx x1sy0etr x17r0tee x972fbf xcfux6l x1qhh985 xm0m39n x9f619 x1ypdohk xt0psk2 xe8uvvx xdj266r x11i5rnm xat24cr x1mh8g0r xexx8yu x4uap5 x18d9i69 xkhd6sd x16tdsg8 x1hl2dhg xggy1nq x1a2a7pz x1sur9pj xkrqix3 x1fey0fg x1s688f\" tabindex=\"0\" role=\"link\" href=\"https:\/\/web.facebook.com\/GKKorcula?__cft__[0]=AZXj7hTp1ye2tTJ25ffvovy9AdB-04f1irrzs_Eq59TLLq_VZbrq4THSJBLxlNHD0vI9Xc6kVGp6kZJbhqzz8qC8U9cUrkGrMG8lGKh1axTuei8bkE1Kwv8xIxWKDyQwVV_vKWrqXRVoVscygFcsiYg2NftmGZgwAIlMr5KHiA3ZlQ&amp;__tn__=-]K-R\"><span class=\"xt0psk2\">Gradska knji\u017enica Ivan Vidali<\/span><\/a><\/span> koji slavi knjigu i popularizira \u010ditanje te dru\u017eenje s hrvatskim piscima i umjetnicima, svima onima koji sudjeluju u nastanku knji\u017eevnog djela. Ve\u0107 \u010detvrtu godinu krajem rujna diljem otoka Kor\u010dule, u suradnji s udrugom Kreativna mre\u017ea, organizirmo gostovanja poznatih dje\u010djih knji\u017eevnika, ilustratora i multimedijalnih umjetnika s kojim se djeca rado dru\u017ee i \u010dije knjige i slikovnice rado \u010ditaju.<\/div>\n<div dir=\"auto\">Prvi susret odr\u017eali smo danas u <span class=\"html-span xdj266r x11i5rnm xat24cr x1mh8g0r xexx8yu x4uap5 x18d9i69 xkhd6sd x1hl2dhg x16tdsg8 x1vvkbs\"><a class=\"x1i10hfl xjbqb8w x1ejq31n xd10rxx x1sy0etr x17r0tee x972fbf xcfux6l x1qhh985 xm0m39n x9f619 x1ypdohk xt0psk2 xe8uvvx xdj266r x11i5rnm xat24cr x1mh8g0r xexx8yu x4uap5 x18d9i69 xkhd6sd x16tdsg8 x1hl2dhg xggy1nq x1a2a7pz x1sur9pj xkrqix3 x1fey0fg x1s688f\" tabindex=\"0\" role=\"link\" href=\"https:\/\/web.facebook.com\/O%C5%A0-Ante-Cura%C4%87-Pinjac-1320022471494405\/?__cft__[0]=AZXj7hTp1ye2tTJ25ffvovy9AdB-04f1irrzs_Eq59TLLq_VZbrq4THSJBLxlNHD0vI9Xc6kVGp6kZJbhqzz8qC8U9cUrkGrMG8lGKh1axTuei8bkE1Kwv8xIxWKDyQwVV_vKWrqXRVoVscygFcsiYg2NftmGZgwAIlMr5KHiA3ZlQ&amp;__tn__=kK-R\"><span class=\"xt0psk2\">O\u0160 Ante Cura\u0107 Pinjac<\/span><\/a><\/span> u \u017drnovu gdje je gostovala Nikolina \u017dab\u010di\u0107, ilustratorica i autorica kratkih animacija. Uz veliki interes i pa\u017enju djece, Nikolina je predstavila svoj rad te odr\u017eala radionicu ilustriranja na temu slobode, u \u010dast 80. obljetnici oslobo\u0111enja Kor\u010dule koju ove godine obilje\u017eavamo. Prikazana su i 2 animirana filma, autorica kojih je na\u0161a go\u0161\u0107a i koja su odu\u0161evila djecu i potaknuli ih na brojna znati\u017eeljna pitanja o procesu nastanku kratkog animiranog filma.<\/div>\n<\/div>\n<div class=\"x11i5rnm xat24cr x1mh8g0r x1vvkbs xtlvy1s x126k92a\">\n<div dir=\"auto\">Hvala svima na sudjelovanju i suradnji!<\/div>\n<div dir=\"auto\"><\/div>\n<\/div>\n<div class=\"x11i5rnm xat24cr x1mh8g0r x1vvkbs xtlvy1s x126k92a\">\n<div dir=\"auto\">Festival je sufinanciran sredstvima <span class=\"html-span xdj266r x11i5rnm xat24cr x1mh8g0r xexx8yu x4uap5 x18d9i69 xkhd6sd x1hl2dhg x16tdsg8 x1vvkbs\"><a class=\"x1i10hfl xjbqb8w x1ejq31n xd10rxx x1sy0etr x17r0tee x972fbf xcfux6l x1qhh985 xm0m39n x9f619 x1ypdohk xt0psk2 xe8uvvx xdj266r x11i5rnm xat24cr x1mh8g0r xexx8yu x4uap5 x18d9i69 xkhd6sd x16tdsg8 x1hl2dhg xggy1nq x1a2a7pz x1sur9pj xkrqix3 x1fey0fg x1s688f\" tabindex=\"0\" role=\"link\" href=\"https:\/\/web.facebook.com\/GradKorcula?__cft__[0]=AZXj7hTp1ye2tTJ25ffvovy9AdB-04f1irrzs_Eq59TLLq_VZbrq4THSJBLxlNHD0vI9Xc6kVGp6kZJbhqzz8qC8U9cUrkGrMG8lGKh1axTuei8bkE1Kwv8xIxWKDyQwVV_vKWrqXRVoVscygFcsiYg2NftmGZgwAIlMr5KHiA3ZlQ&amp;__tn__=-]K-R\"><span class=\"xt0psk2\">Grad Kor\u010dula<\/span><\/a><\/span>, <span class=\"html-span xdj266r x11i5rnm xat24cr x1mh8g0r xexx8yu x4uap5 x18d9i69 xkhd6sd x1hl2dhg x16tdsg8 x1vvkbs\"><a class=\"x1i10hfl xjbqb8w x1ejq31n xd10rxx x1sy0etr x17r0tee x972fbf xcfux6l x1qhh985 xm0m39n x9f619 x1ypdohk xt0psk2 xe8uvvx xdj266r x11i5rnm xat24cr x1mh8g0r xexx8yu x4uap5 x18d9i69 xkhd6sd x16tdsg8 x1hl2dhg xggy1nq x1a2a7pz x1sur9pj xkrqix3 x1fey0fg x1s688f\" tabindex=\"0\" role=\"link\" href=\"https:\/\/web.facebook.com\/minkulturehr?__cft__[0]=AZXj7hTp1ye2tTJ25ffvovy9AdB-04f1irrzs_Eq59TLLq_VZbrq4THSJBLxlNHD0vI9Xc6kVGp6kZJbhqzz8qC8U9cUrkGrMG8lGKh1axTuei8bkE1Kwv8xIxWKDyQwVV_vKWrqXRVoVscygFcsiYg2NftmGZgwAIlMr5KHiA3ZlQ&amp;__tn__=-]K-R\"><span class=\"xt0psk2\">Ministarstvo kulture i medija Republike Hrvatske<\/span><\/a><\/span> i <span class=\"html-span xdj266r x11i5rnm xat24cr x1mh8g0r xexx8yu x4uap5 x18d9i69 xkhd6sd x1hl2dhg x16tdsg8 x1vvkbs\"><a class=\"x1i10hfl xjbqb8w x1ejq31n xd10rxx x1sy0etr x17r0tee x972fbf xcfux6l x1qhh985 xm0m39n x9f619 x1ypdohk xt0psk2 xe8uvvx xdj266r x11i5rnm xat24cr x1mh8g0r xexx8yu x4uap5 x18d9i69 xkhd6sd x16tdsg8 x1hl2dhg xggy1nq x1a2a7pz x1sur9pj xkrqix3 x1fey0fg x1s688f\" tabindex=\"0\" role=\"link\" href=\"https:\/\/web.facebook.com\/dubrovackoneretvanskazupanija?__cft__[0]=AZXj7hTp1ye2tTJ25ffvovy9AdB-04f1irrzs_Eq59TLLq_VZbrq4THSJBLxlNHD0vI9Xc6kVGp6kZJbhqzz8qC8U9cUrkGrMG8lGKh1axTuei8bkE1Kwv8xIxWKDyQwVV_vKWrqXRVoVscygFcsiYg2NftmGZgwAIlMr5KHiA3ZlQ&amp;__tn__=-]K-R\"><span class=\"xt0psk2\">Dubrova\u010dko-neretvanska \u017eupanija<\/span><\/a><\/span>.<\/div>\n<\/div>\n<div dir=\"auto\"><\/div>\n<div dir=\"auto\">Galeriju fotografija pogledajte <a href=\"https:\/\/web.facebook.com\/GKKorcula\/posts\/pfbid0YZMdHazNLNkzHfMY5sxANpjbJ7csfGGtHzS22Mk4ujJxHegZd2NFGV7osM4yKKFQl\">ovdje<\/a>.<\/div>\n","protected":false},"excerpt":{"rendered":"<p>U Kor\u010duli otvoren 4. kor\u010dulanski festival knji\u017eevnosti za djecu u organizaciji @Gradska knji\u017enica Ivan Vidali koji slavi knjigu i popularizira \u010ditanje te dru\u017eenje s hrvatskim piscima i umjetnicima, svima onima [&hellip;]<\/p>\n","protected":false},"author":3,"featured_media":1332,"comment_status":"closed","ping_status":"closed","sticky":false,"template":"","format":"standard","meta":{"_et_pb_use_builder":"","_et_pb_old_content":"","_et_gb_content_width":"","footnotes":""},"categories":[11],"tags":[],"class_list":["post-1331","post","type-post","status-publish","format-standard","has-post-thumbnail","hentry","category-aktualno"],"_links":{"self":[{"href":"https:\/\/gk-korcula.hr\/nova\/wp-json\/wp\/v2\/posts\/1331","targetHints":{"allow":["GET"]}}],"collection":[{"href":"https:\/\/gk-korcula.hr\/nova\/wp-json\/wp\/v2\/posts"}],"about":[{"href":"https:\/\/gk-korcula.hr\/nova\/wp-json\/wp\/v2\/types\/post"}],"author":[{"embeddable":true,"href":"https:\/\/gk-korcula.hr\/nova\/wp-json\/wp\/v2\/users\/3"}],"replies":[{"embeddable":true,"href":"https:\/\/gk-korcula.hr\/nova\/wp-json\/wp\/v2\/comments?post=1331"}],"version-history":[{"count":1,"href":"https:\/\/gk-korcula.hr\/nova\/wp-json\/wp\/v2\/posts\/1331\/revisions"}],"predecessor-version":[{"id":1333,"href":"https:\/\/gk-korcula.hr\/nova\/wp-json\/wp\/v2\/posts\/1331\/revisions\/1333"}],"wp:featuredmedia":[{"embeddable":true,"href":"https:\/\/gk-korcula.hr\/nova\/wp-json\/wp\/v2\/media\/1332"}],"wp:attachment":[{"href":"https:\/\/gk-korcula.hr\/nova\/wp-json\/wp\/v2\/media?parent=1331"}],"wp:term":[{"taxonomy":"category","embeddable":true,"href":"https:\/\/gk-korcula.hr\/nova\/wp-json\/wp\/v2\/categories?post=1331"},{"taxonomy":"post_tag","embeddable":true,"href":"https:\/\/gk-korcula.hr\/nova\/wp-json\/wp\/v2\/tags?post=1331"}],"curies":[{"name":"wp","href":"https:\/\/api.w.org\/{rel}","templated":true}]}}