{"id":1344,"date":"2024-09-25T10:25:59","date_gmt":"2024-09-25T08:25:59","guid":{"rendered":"https:\/\/gk-korcula.hr\/?p=1344"},"modified":"2024-09-25T10:25:59","modified_gmt":"2024-09-25T08:25:59","slug":"pansinijevi-dani","status":"publish","type":"post","link":"https:\/\/gk-korcula.hr\/nova\/pansinijevi-dani\/","title":{"rendered":"Pansinijevi dani"},"content":{"rendered":"<div class=\"x11i5rnm xat24cr x1mh8g0r x1vvkbs xtlvy1s\">PANSINIJEVI DANI \/ PANSINI&#8217;S DAYS 2024<\/div>\n<div class=\"x11i5rnm xat24cr x1mh8g0r x1vvkbs xtlvy1s\">2 i 3. listopada \/\/ October 2 and 3, 2024<br class=\"html-br\" \/>Kino-dvorana Centra za kulturu Kor\u010dula<br class=\"html-br\" \/>\/\/<br class=\"html-br\" \/>Cinema-hall of the Centre for Culture Kor\u010dula<\/div>\n<div class=\"x11i5rnm xat24cr x1mh8g0r x1vvkbs xtlvy1s\"><strong>2. listopada<\/strong> \/\/ October 2, 2024<br class=\"html-br\" \/>18 h \/\/ 6 pm<br class=\"html-br\" \/>Uvodna rije\u010d \/\/Introduction Sonja Lebo\u0161<\/div>\n<div class=\"x11i5rnm xat24cr x1mh8g0r x1vvkbs xtlvy1s\">Body Trail (2008) Michael Palm, Willi Dorner<\/div>\n<div class=\"x11i5rnm xat24cr x1mh8g0r x1vvkbs xtlvy1s\">Danas\u2026? \/\/Today\u2026? (1965) Ante Verzotti<\/div>\n<div class=\"x11i5rnm xat24cr x1mh8g0r x1vvkbs xtlvy1s\">\u010cistine \/\/ Clearings (1989) Renata Rui\u0107<\/div>\n<div class=\"x11i5rnm xat24cr x1mh8g0r x1vvkbs xtlvy1s\">Jukebox (1966) Ante Verzotti<\/div>\n<div class=\"x11i5rnm xat24cr x1mh8g0r x1vvkbs xtlvy1s\">Eksproprirani kompleks \/\/ Expropriated Complex (1975) Du\u0161an Tasi\u0107<\/div>\n<div class=\"x11i5rnm xat24cr x1mh8g0r x1vvkbs xtlvy1s\">20 h \/\/ 8 pm<br class=\"html-br\" \/>Uvodna rije\u010d \/\/Introduction Petra Belc<\/div>\n<div class=\"x11i5rnm xat24cr x1mh8g0r x1vvkbs xtlvy1s\">K3 ili \u010disto nebo bez oblaka \/\/ K3 or the Cloudless Sky (1963) Mihovil Pansini<\/div>\n<div class=\"x11i5rnm xat24cr x1mh8g0r x1vvkbs xtlvy1s\">Idioti\/\/Idiots (1998) Lars von Trier (engleski s hrvatskim titlovima\/ English with Croatian subtitles)<\/div>\n<div class=\"x11i5rnm xat24cr x1mh8g0r x1vvkbs xtlvy1s\"><\/div>\n<div class=\"x11i5rnm xat24cr x1mh8g0r x1vvkbs xtlvy1s\"><strong>3. listopada<\/strong> \/\/ October 3, 2024<br class=\"html-br\" \/>18 h \/\/ 6 pm<br class=\"html-br\" \/>Uvodna rije\u010d \/\/Introduction Petra Belc<\/div>\n<div class=\"x11i5rnm xat24cr x1mh8g0r x1vvkbs xtlvy1s\">Program suvremenog eksperimentalnog filma iz produkcije Kinokluba Zagreb:<br class=\"html-br\" \/>Zorko Siroti\u0107 i Petra Belc predstavljaju KKZ<br class=\"html-br\" \/>\/\/<br class=\"html-br\" \/>Contemporary Experimental Film from Kinoklub Zagreb Production:<br class=\"html-br\" \/>Zorko Siroti\u0107 and Petra Belc present KKZ<\/div>\n<div class=\"x11i5rnm xat24cr x1mh8g0r x1vvkbs xtlvy1s\">20 h \/\/ 8 pm<br class=\"html-br\" \/>Uvodna rije\u010d \/\/Introduction Petra Belc<\/div>\n<div class=\"x11i5rnm xat24cr x1mh8g0r x1vvkbs xtlvy1s\">Siesta (1958) Mihovil Pansini<\/div>\n<div class=\"x11i5rnm xat24cr x1mh8g0r x1vvkbs xtlvy1s\">\u010cudnije od raja \/\/ Stranger than Paradise (1984) Jim Jarmusch<\/div>\n<div class=\"x11i5rnm xat24cr x1mh8g0r x1vvkbs xtlvy1s\"><\/div>\n<div class=\"x11i5rnm xat24cr x1mh8g0r x1vvkbs xtlvy1s\">Koncept i produkcija: Udruga za interdisciplinarna i interkulturalna istra\u017eivanja<br class=\"html-br\" \/>U suradnji s: Centar za kulturu Kor\u010dula i Gradska knji\u017enica \u201eIvan Vidali\u201c<\/div>\n<div class=\"x11i5rnm xat24cr x1mh8g0r x1vvkbs xtlvy1s\">Kustosice filmskog programa:<br class=\"html-br\" \/>Petra Belc<br class=\"html-br\" \/>Sonja Lebo\u0161<\/div>\n<div class=\"x11i5rnm xat24cr x1mh8g0r x1vvkbs xtlvy1s\">Podr\u0161ka: Hrvatski audiovizualni centar, Ministarstvo kulture i medija RH<br class=\"html-br\" \/>Rad Udruge za interdisciplinarna i interkulturalna istra\u017eivanja podr\u017eava Zaklada \u201eKultura nova\u201c<br class=\"html-br\" \/>Sponzori:<br class=\"html-br\" \/>Aminess Hotels&amp;Resorts<\/div>\n<div><\/div>\n<div class=\"x11i5rnm xat24cr x1mh8g0r x1vvkbs xtlvy1s\"><strong>KOR\u010cULA VOLI FILM &#8211; radioni\u010dki program<\/strong><\/div>\n<div class=\"x11i5rnm xat24cr x1mh8g0r x1vvkbs xtlvy1s\">Otvorene su prijave za 3 radionice!<\/div>\n<div class=\"x11i5rnm xat24cr x1mh8g0r x1vvkbs xtlvy1s\"><strong>Radionica \u201cSnimi, izre\u017ei i zalijepi \u2013 Fotografski kola\u017ei\u201d<\/strong><br class=\"html-br\" \/>voditeljica: Dea Botica<\/div>\n<div class=\"x11i5rnm xat24cr x1mh8g0r x1vvkbs xtlvy1s\">Radionica \u201cSnimi, izre\u017ei i zalijepi \u2013 Fotografski kola\u017ei\u201d pru\u017eit \u0107e srednjo\u0161kolcima priliku za dublje razumijevanje fotografije kao medija, od tradicionalnog prikaza stvarnosti do kreativne transformacije kroz kola\u017eiranje. Naglasak \u0107e biti na istra\u017eivanju kako kontekst i manipulacija utje\u010du na interpretaciju slike. Kroz radionicu \u0107e se obraditi tehni\u010dki aspekti fotografije, razumijevanje fotografije kao interpretacije stvarnosti te kreativno izra\u017eavanje putem kola\u017ea. Sudionici \u0107e eksperimentirati s razli\u010ditim tehnikama i otkrivati nove mogu\u0107nosti unutar fotografskog medija.<\/div>\n<div class=\"x11i5rnm xat24cr x1mh8g0r x1vvkbs xtlvy1s\">Radionica je namijenjena mladim kreativcima koje zanima fotografija, ali i rad s rukama. Od klikanja do rezanja i lijepljenja, kroz prakti\u010dne aktivnosti sudionici \u0107e istra\u017eivati kako fotografiju koristiti kao medij za transformaciju stvarnosti i stvaranje novih zna\u010denja.<\/div>\n<div class=\"x11i5rnm xat24cr x1mh8g0r x1vvkbs xtlvy1s\">Radionica \u0107e se odr\u017eati u pet termina \u2013 18. i 19. te 25. i 26. listopada, s po\u010detkom u 17 sati, u Centru za kulturu Kor\u010dula. Uz to, bit \u0107e organiziran i dodatni termin terenske nastave, koji \u0107e biti dogovoren sa sudionicima.<\/div>\n<div class=\"x11i5rnm xat24cr x1mh8g0r x1vvkbs xtlvy1s\">Prijave na:\u00a0<a class=\"x1i10hfl xjbqb8w x1ejq31n xd10rxx x1sy0etr x17r0tee x972fbf xcfux6l x1qhh985 xm0m39n x9f619 x1ypdohk xt0psk2 xe8uvvx xdj266r x11i5rnm xat24cr x1mh8g0r xexx8yu x4uap5 x18d9i69 xkhd6sd x16tdsg8 x1hl2dhg xggy1nq x1a2a7pz x1sur9pj xkrqix3 x1fey0fg x1s688f\" tabindex=\"0\" role=\"link\" href=\"https:\/\/l.facebook.com\/l.php?u=https%3A%2F%2Fshorturl.at%2F9zyJV%3Ffbclid%3DIwZXh0bgNhZW0CMTAAAR1veX0KlszSlawbW_p8F4r-7gp86xntKq63l2ygphA40F2PXiE9qsbP4ug_aem_xdhYvpvaAq9x_1unGLmBVw&amp;h=AT0UUWtKL9RozRVLSgH2qubvtAsUlUfBo75y7CLbjwBiEkSWmRXdSQww4hXMGU89a80GA1wcLzgmIF7fUS31gbQGBek0mYuUSRos86CAPVhk_RL4QMt5zxoFtO0GPVbbJZAi&amp;__tn__=q&amp;c[0]=AT0pUuLyJa8-c0L6q_9y8kn83zNaMMsMwD6XH6BsyUlPyOcxcmK_uJeA8CBFDF0VKMlFOgwatVExFpOOyswSi9KPo-JLrYgumyxtxzMYvi-f9k60uTCHjiSSQ_DjkJmzxX7rKWKSs2v5yKPxgeLRBmhvcTV2DPisRGU5wA\" target=\"_blank\" rel=\"nofollow noopener noreferrer\">https:\/\/shorturl.at\/9zyJV<\/a><\/div>\n<div><\/div>\n<div class=\"x11i5rnm xat24cr x1mh8g0r x1vvkbs xtlvy1s\"><strong>Radionica eksperimentalnog filma<\/strong><br class=\"html-br\" \/>voditelj: Kosta Risti\u0107<\/div>\n<div class=\"x11i5rnm xat24cr x1mh8g0r x1vvkbs xtlvy1s\">Dvotjedna radionica eksperimentalnog filma odr\u017eat \u0107e se po\u010detkom listopada pod mentorstvom redatelja Koste Risti\u0107a u okviru manifestacije \u201cKor\u010dula voli film\u201d. Manifestacija je posve\u0107ena kor\u010dulanskom eksperimentalnom filma\u0161u Mihovilu Pansiniju.<\/div>\n<div class=\"x11i5rnm xat24cr x1mh8g0r x1vvkbs xtlvy1s\">Nakon inspirativne i vrlo uspe\u0161ne pro\u0161logodi\u0161nje radionice igranog filma s u\u010denicima O\u0160 \u201cPetar Kanaveli\u0107\u201d, i ove jeseni i\u0161\u010dekujemo zanimljiv filmski doga\u0111aj u Kor\u010duli. Radionica eksperimentalnog filma odr\u017eavat \u0107e se u Gradskoj knji\u017enici \u201cIvan Vidali\u201d kao i u Centru za kulturu Kor\u010dula, dok u Zimskom kinu o\u010dekujemo premijeru filma izra\u0111enog na radionici.<\/div>\n<div class=\"x11i5rnm xat24cr x1mh8g0r x1vvkbs xtlvy1s\">Prijave na:\u00a0<a class=\"x1i10hfl xjbqb8w x1ejq31n xd10rxx x1sy0etr x17r0tee x972fbf xcfux6l x1qhh985 xm0m39n x9f619 x1ypdohk xt0psk2 xe8uvvx xdj266r x11i5rnm xat24cr x1mh8g0r xexx8yu x4uap5 x18d9i69 xkhd6sd x16tdsg8 x1hl2dhg xggy1nq x1a2a7pz x1sur9pj xkrqix3 x1fey0fg x1s688f\" tabindex=\"0\" role=\"link\" href=\"https:\/\/l.facebook.com\/l.php?u=https%3A%2F%2Fshorturl.at%2FwNrVU%3Ffbclid%3DIwZXh0bgNhZW0CMTAAAR1QjuuHI0r5y--xLXNVBz-_RIvE6m9NvVBQQOV0kNciPuZagDr6s5kXJg4_aem_6vFldUvSlFN19JGogdwhkA&amp;h=AT0CLTb8CEu8E_ESAJbs5wZTciAImJae9h96-74vKMwhE0ddTEbHPL5ba5Bta4vXgYPiugfC_qaF5nghoaKMoOvHkmZhZplcy-G5slbmCK0XHQJvfaOecMBlGfBqSxB33AEw&amp;__tn__=q&amp;c[0]=AT0pUuLyJa8-c0L6q_9y8kn83zNaMMsMwD6XH6BsyUlPyOcxcmK_uJeA8CBFDF0VKMlFOgwatVExFpOOyswSi9KPo-JLrYgumyxtxzMYvi-f9k60uTCHjiSSQ_DjkJmzxX7rKWKSs2v5yKPxgeLRBmhvcTV2DPisRGU5wA\" target=\"_blank\" rel=\"nofollow noopener noreferrer\">https:\/\/shorturl.at\/wNrVU<\/a><\/div>\n<div><\/div>\n<div class=\"x11i5rnm xat24cr x1mh8g0r x1vvkbs xtlvy1s\"><strong>Radionica &#8220;Knji\u017eevnost i film&#8221;<\/strong><br class=\"html-br\" \/>Voditeljica: Sonja Lebo\u0161<\/div>\n<div class=\"x11i5rnm xat24cr x1mh8g0r x1vvkbs xtlvy1s\">Radionica je namijenjena u\u010denicima \u010detvrtih, petih, \u0161estih i sedmih razreda osnovnih \u0161kola. Radionica o dje\u010djoj knji\u017eevnosti na filmu pribli\u017eiti \u0107e djeci temu ekranizacije romana za djecu. Tijekom listopada, u terminima prema dogovoru s polaznicima, \u010ditati \u0107emo ulomke iz i gledati film \u201cKoko i duhovi\u201d, te analizirati sli\u010dnosti i razlike prikaza u knji\u017eevnosti i na filmu.<\/div>\n<div class=\"x11i5rnm xat24cr x1mh8g0r x1vvkbs xtlvy1s\">Prijave na udrugaiii@gmail.com ili na 0915062682<\/div>\n<div><\/div>\n<div class=\"x11i5rnm xat24cr x1mh8g0r x1vvkbs xtlvy1s\">Radionica Petre Belc odvija se u Dje\u010djem vrti\u0107u Kor\u010dula i zatvorenog je tipa, odnosno namijenjena je polaznicima\/ama vrti\u0107a.<\/div>\n<div><\/div>\n<div class=\"x11i5rnm xat24cr x1mh8g0r x1vvkbs xtlvy1s\">Sve informacije o radionicama i voditeljima na:<br class=\"html-br\" \/><a class=\"x1i10hfl xjbqb8w x1ejq31n xd10rxx x1sy0etr x17r0tee x972fbf xcfux6l x1qhh985 xm0m39n x9f619 x1ypdohk xt0psk2 xe8uvvx xdj266r x11i5rnm xat24cr x1mh8g0r xexx8yu x4uap5 x18d9i69 xkhd6sd x16tdsg8 x1hl2dhg xggy1nq x1a2a7pz x1sur9pj xkrqix3 x1fey0fg x1s688f\" tabindex=\"0\" role=\"link\" href=\"https:\/\/l.facebook.com\/l.php?u=http%3A%2F%2Fwww.uiii.hr%2F%3Ffbclid%3DIwZXh0bgNhZW0CMTAAAR1QjuuHI0r5y--xLXNVBz-_RIvE6m9NvVBQQOV0kNciPuZagDr6s5kXJg4_aem_6vFldUvSlFN19JGogdwhkA&amp;h=AT22_XzjqwShcpvFQmzmmoyRx7WOUM3DyEEOtfHqyDxdptlATodouRe7A-kQy0ywNAu45KCzbMa-o7ne76ymaTJR2fu92Woru505rQ9a0syXPFs_5mzsg9TsmfrrWCNoDvBj&amp;__tn__=q&amp;c[0]=AT0pUuLyJa8-c0L6q_9y8kn83zNaMMsMwD6XH6BsyUlPyOcxcmK_uJeA8CBFDF0VKMlFOgwatVExFpOOyswSi9KPo-JLrYgumyxtxzMYvi-f9k60uTCHjiSSQ_DjkJmzxX7rKWKSs2v5yKPxgeLRBmhvcTV2DPisRGU5wA\" target=\"_blank\" rel=\"nofollow noopener noreferrer\">www.uiii.hr<\/a><br class=\"html-br\" \/>ili<br class=\"html-br\" \/><a class=\"x1i10hfl xjbqb8w x1ejq31n xd10rxx x1sy0etr x17r0tee x972fbf xcfux6l x1qhh985 xm0m39n x9f619 x1ypdohk xt0psk2 xe8uvvx xdj266r x11i5rnm xat24cr x1mh8g0r xexx8yu x4uap5 x18d9i69 xkhd6sd x16tdsg8 x1hl2dhg xggy1nq x1a2a7pz x1sur9pj xkrqix3 x1fey0fg x1s688f\" tabindex=\"0\" role=\"link\" href=\"https:\/\/kolibrici.gk-korcula.hr\/?fbclid=IwZXh0bgNhZW0CMTAAAR3iCn_zf_8l5nZBbxprxLLBH7xVGVVSzos2yMazNChfAi98nvNunOunt0k_aem_D7-dzgFVV7ZwZg33fMelRQ\" target=\"_blank\" rel=\"nofollow noopener noreferrer\">https:\/\/kolibrici.gk-korcula.hr\/<\/a><\/div>\n","protected":false},"excerpt":{"rendered":"<p>PANSINIJEVI DANI \/ PANSINI&#8217;S DAYS 2024 2 i 3. listopada \/\/ October 2 and 3, 2024Kino-dvorana Centra za kulturu Kor\u010dula\/\/Cinema-hall of the Centre for Culture Kor\u010dula 2. listopada \/\/ October [&hellip;]<\/p>\n","protected":false},"author":3,"featured_media":0,"comment_status":"closed","ping_status":"closed","sticky":false,"template":"","format":"standard","meta":{"_et_pb_use_builder":"","_et_pb_old_content":"","_et_gb_content_width":"","footnotes":""},"categories":[11],"tags":[],"class_list":["post-1344","post","type-post","status-publish","format-standard","hentry","category-aktualno"],"_links":{"self":[{"href":"https:\/\/gk-korcula.hr\/nova\/wp-json\/wp\/v2\/posts\/1344","targetHints":{"allow":["GET"]}}],"collection":[{"href":"https:\/\/gk-korcula.hr\/nova\/wp-json\/wp\/v2\/posts"}],"about":[{"href":"https:\/\/gk-korcula.hr\/nova\/wp-json\/wp\/v2\/types\/post"}],"author":[{"embeddable":true,"href":"https:\/\/gk-korcula.hr\/nova\/wp-json\/wp\/v2\/users\/3"}],"replies":[{"embeddable":true,"href":"https:\/\/gk-korcula.hr\/nova\/wp-json\/wp\/v2\/comments?post=1344"}],"version-history":[{"count":1,"href":"https:\/\/gk-korcula.hr\/nova\/wp-json\/wp\/v2\/posts\/1344\/revisions"}],"predecessor-version":[{"id":1346,"href":"https:\/\/gk-korcula.hr\/nova\/wp-json\/wp\/v2\/posts\/1344\/revisions\/1346"}],"wp:attachment":[{"href":"https:\/\/gk-korcula.hr\/nova\/wp-json\/wp\/v2\/media?parent=1344"}],"wp:term":[{"taxonomy":"category","embeddable":true,"href":"https:\/\/gk-korcula.hr\/nova\/wp-json\/wp\/v2\/categories?post=1344"},{"taxonomy":"post_tag","embeddable":true,"href":"https:\/\/gk-korcula.hr\/nova\/wp-json\/wp\/v2\/tags?post=1344"}],"curies":[{"name":"wp","href":"https:\/\/api.w.org\/{rel}","templated":true}]}}