{"id":1360,"date":"2024-09-26T15:50:11","date_gmt":"2024-09-26T13:50:11","guid":{"rendered":"https:\/\/gk-korcula.hr\/?p=1360"},"modified":"2024-09-27T15:53:20","modified_gmt":"2024-09-27T13:53:20","slug":"darko-macan-u-narodnoj-knjiznici-blato-kfk","status":"publish","type":"post","link":"https:\/\/gk-korcula.hr\/nova\/darko-macan-u-narodnoj-knjiznici-blato-kfk\/","title":{"rendered":"Darko Macan u Narodnoj knji\u017enici Blato [KFK]"},"content":{"rendered":"<div dir=\"auto\">Danas smo s velikim zadovoljstvom ugostili Darka Macana, jednog od najpoznatijih hrvatskih autora stripova i romanopisaca, \u010diji je rad prepoznat i u zemlji i inozemstvu.<\/div>\n<div dir=\"auto\">Promocija je odr\u017eana u sklopu IV. kor\u010dulanskog festivala knji\u017eevnosti, a poseban dio doga\u0111aja bio je posve\u0107en kreativnoj radionici izrade stripa. U\u010denici drugih razreda Osnovne \u0161kole Blato imali su priliku iz prve ruke u\u010diti o stripovskoj umjetnosti te stvarati vlastite stripove pod Macanovim vodstvom.<\/div>\n<div dir=\"auto\"><\/div>\n<div dir=\"auto\">Macan je podijelio svoje bogato iskustvo u pisanju i crtanju stripova, dok su djeca aktivno sudjelovala, u\u010de\u0107i o va\u017enosti ma\u0161te, kreativnosti i pripovijedanja kroz strip. Doga\u0111aj je bio pravi susret umjetnosti, obrazovanja i zabave, inspiriraju\u0107i mlade na stvarala\u0161tvo.<\/div>\n<div dir=\"auto\"><\/div>\n<div dir=\"auto\">Hvala u\u010diteljicama \u017dani Boroe i \u017deljki Padovan na odazivu, kao i Gradskoj knji\u017enici Ivan Vidali na pozivu na suradnju.<\/div>\n<div dir=\"auto\"><\/div>\n<div dir=\"auto\">Galeriju fotografija pogledajte <a href=\"https:\/\/www.facebook.com\/narodna.blato\/posts\/pfbid0HV8ZgAtt6dK3ugLQfrcQhTq7bnmxMjURejhrMKzjJdrpscQf4p47t3aJPB3SkWwZl\">ovdje<\/a>.<\/div>\n","protected":false},"excerpt":{"rendered":"<p>Danas smo s velikim zadovoljstvom ugostili Darka Macana, jednog od najpoznatijih hrvatskih autora stripova i romanopisaca, \u010diji je rad prepoznat i u zemlji i inozemstvu. Promocija je odr\u017eana u sklopu [&hellip;]<\/p>\n","protected":false},"author":3,"featured_media":1361,"comment_status":"closed","ping_status":"closed","sticky":false,"template":"","format":"standard","meta":{"_et_pb_use_builder":"","_et_pb_old_content":"","_et_gb_content_width":"","footnotes":""},"categories":[11],"tags":[],"class_list":["post-1360","post","type-post","status-publish","format-standard","has-post-thumbnail","hentry","category-aktualno"],"_links":{"self":[{"href":"https:\/\/gk-korcula.hr\/nova\/wp-json\/wp\/v2\/posts\/1360","targetHints":{"allow":["GET"]}}],"collection":[{"href":"https:\/\/gk-korcula.hr\/nova\/wp-json\/wp\/v2\/posts"}],"about":[{"href":"https:\/\/gk-korcula.hr\/nova\/wp-json\/wp\/v2\/types\/post"}],"author":[{"embeddable":true,"href":"https:\/\/gk-korcula.hr\/nova\/wp-json\/wp\/v2\/users\/3"}],"replies":[{"embeddable":true,"href":"https:\/\/gk-korcula.hr\/nova\/wp-json\/wp\/v2\/comments?post=1360"}],"version-history":[{"count":1,"href":"https:\/\/gk-korcula.hr\/nova\/wp-json\/wp\/v2\/posts\/1360\/revisions"}],"predecessor-version":[{"id":1362,"href":"https:\/\/gk-korcula.hr\/nova\/wp-json\/wp\/v2\/posts\/1360\/revisions\/1362"}],"wp:featuredmedia":[{"embeddable":true,"href":"https:\/\/gk-korcula.hr\/nova\/wp-json\/wp\/v2\/media\/1361"}],"wp:attachment":[{"href":"https:\/\/gk-korcula.hr\/nova\/wp-json\/wp\/v2\/media?parent=1360"}],"wp:term":[{"taxonomy":"category","embeddable":true,"href":"https:\/\/gk-korcula.hr\/nova\/wp-json\/wp\/v2\/categories?post=1360"},{"taxonomy":"post_tag","embeddable":true,"href":"https:\/\/gk-korcula.hr\/nova\/wp-json\/wp\/v2\/tags?post=1360"}],"curies":[{"name":"wp","href":"https:\/\/api.w.org\/{rel}","templated":true}]}}