{"id":1363,"date":"2024-09-26T15:55:19","date_gmt":"2024-09-26T13:55:19","guid":{"rendered":"https:\/\/gk-korcula.hr\/?p=1363"},"modified":"2024-09-27T15:57:24","modified_gmt":"2024-09-27T13:57:24","slug":"alma-pongrasic-i-gili-u-korculi-kfk","status":"publish","type":"post","link":"https:\/\/gk-korcula.hr\/nova\/alma-pongrasic-i-gili-u-korculi-kfk\/","title":{"rendered":"Alma Pongra\u0161i\u0107 i Gili u Kor\u010duli [KFK]"},"content":{"rendered":"<div class=\"x11i5rnm xat24cr x1mh8g0r x1vvkbs xtlvy1s x126k92a\">\n<div dir=\"auto\">Zadnjeg dana festivala u <span class=\"html-span xdj266r x11i5rnm xat24cr x1mh8g0r xexx8yu x4uap5 x18d9i69 xkhd6sd x1hl2dhg x16tdsg8 x1vvkbs\"><a class=\"x1i10hfl xjbqb8w x1ejq31n xd10rxx x1sy0etr x17r0tee x972fbf xcfux6l x1qhh985 xm0m39n x9f619 x1ypdohk xt0psk2 xe8uvvx xdj266r x11i5rnm xat24cr x1mh8g0r xexx8yu x4uap5 x18d9i69 xkhd6sd x16tdsg8 x1hl2dhg xggy1nq x1a2a7pz x1sur9pj xkrqix3 x1fey0fg x1s688f\" tabindex=\"0\" role=\"link\" href=\"https:\/\/www.facebook.com\/GKKorcula?__cft__[0]=AZUUwKH8uR_YAR-YlTT-dYWcmubHH3Ol6HtfWRQfSOVMc-9wYHv5smzATO0Kshv6h0Vibw4uNg-dnlQ1rfQtJZV8lJBW9sGye3K9WAPOQXRO5HQ8Z5tnt5KOcsZRU9L-lkpoVfARWwhtu5Wu_9pHswMefmAqw9ffwmMErZSfkHFTihHV8qJuce2eQnoQcbb6J7c&amp;__tn__=-]K-R\"><span class=\"xt0psk2\">Gradska knji\u017enica Ivan Vidali<\/span><\/a><\/span> s malim Kor\u010dulanima dru\u017eila se spisateljica za djecu <span class=\"html-span xdj266r x11i5rnm xat24cr x1mh8g0r xexx8yu x4uap5 x18d9i69 xkhd6sd x1hl2dhg x16tdsg8 x1vvkbs\"><a class=\"x1i10hfl xjbqb8w x1ejq31n xd10rxx x1sy0etr x17r0tee x972fbf xcfux6l x1qhh985 xm0m39n x9f619 x1ypdohk xt0psk2 xe8uvvx xdj266r x11i5rnm xat24cr x1mh8g0r xexx8yu x4uap5 x18d9i69 xkhd6sd x16tdsg8 x1hl2dhg xggy1nq x1a2a7pz x1sur9pj xkrqix3 x1fey0fg x1s688f\" tabindex=\"0\" role=\"link\" href=\"https:\/\/www.facebook.com\/profile.php?id=100088452576685&amp;__cft__[0]=AZUUwKH8uR_YAR-YlTT-dYWcmubHH3Ol6HtfWRQfSOVMc-9wYHv5smzATO0Kshv6h0Vibw4uNg-dnlQ1rfQtJZV8lJBW9sGye3K9WAPOQXRO5HQ8Z5tnt5KOcsZRU9L-lkpoVfARWwhtu5Wu_9pHswMefmAqw9ffwmMErZSfkHFTihHV8qJuce2eQnoQcbb6J7c&amp;__tn__=-]K-R\"><span class=\"xt0psk2\">Alma Pongra\u0161i\u0107<\/span><\/a><\/span> sa svojom ljubimicom Gili. Alma, osim \u0161to voli pisati, voli i \u017eivotinje o kojima naj\u010de\u0161\u0107e govori u svojim slikovnicama. Gili je sve pristutne odu\u0161evila, podsje\u0107aju\u0107i djecu na va\u017enost prijateljstva s ku\u0107nim ljubimcima.<\/div>\n<\/div>\n<div class=\"x11i5rnm xat24cr x1mh8g0r x1vvkbs xtlvy1s x126k92a\">\n<div dir=\"auto\">Almine knjige mo\u017eete posuditi u<span class=\"html-span xdj266r x11i5rnm xat24cr x1mh8g0r xexx8yu x4uap5 x18d9i69 xkhd6sd x1hl2dhg x16tdsg8 x1vvkbs\"><a class=\"x1i10hfl xjbqb8w x1ejq31n xd10rxx x1sy0etr x17r0tee x972fbf xcfux6l x1qhh985 xm0m39n x9f619 x1ypdohk xt0psk2 xe8uvvx xdj266r x11i5rnm xat24cr x1mh8g0r xexx8yu x4uap5 x18d9i69 xkhd6sd x16tdsg8 x1hl2dhg xggy1nq x1a2a7pz x1sur9pj xkrqix3 x1fey0fg x1s688f\" tabindex=\"0\" role=\"link\" href=\"https:\/\/www.facebook.com\/GKKorcula?__cft__[0]=AZUUwKH8uR_YAR-YlTT-dYWcmubHH3Ol6HtfWRQfSOVMc-9wYHv5smzATO0Kshv6h0Vibw4uNg-dnlQ1rfQtJZV8lJBW9sGye3K9WAPOQXRO5HQ8Z5tnt5KOcsZRU9L-lkpoVfARWwhtu5Wu_9pHswMefmAqw9ffwmMErZSfkHFTihHV8qJuce2eQnoQcbb6J7c&amp;__tn__=-]K-R\"><span class=\"xt0psk2\">Gradska knji\u017enica Ivan Vidali<\/span><\/a><\/span>!<\/div>\n<\/div>\n<div dir=\"auto\"><\/div>\n<div dir=\"auto\">Galeriju fotografija pogledajte <a href=\"https:\/\/www.facebook.com\/GKKorcula\/posts\/pfbid0xF7TKtMoevMoHhz8Gf31w1zb5M9Q5b5rip2n2E5W23ihnKABMMGRMfkryemygFKVl\">ovdje<\/a>.<\/div>\n","protected":false},"excerpt":{"rendered":"<p>Zadnjeg dana festivala u Gradska knji\u017enica Ivan Vidali s malim Kor\u010dulanima dru\u017eila se spisateljica za djecu Alma Pongra\u0161i\u0107 sa svojom ljubimicom Gili. Alma, osim \u0161to voli pisati, voli i \u017eivotinje [&hellip;]<\/p>\n","protected":false},"author":3,"featured_media":1364,"comment_status":"closed","ping_status":"closed","sticky":false,"template":"","format":"standard","meta":{"_et_pb_use_builder":"","_et_pb_old_content":"","_et_gb_content_width":"","footnotes":""},"categories":[11],"tags":[],"class_list":["post-1363","post","type-post","status-publish","format-standard","has-post-thumbnail","hentry","category-aktualno"],"_links":{"self":[{"href":"https:\/\/gk-korcula.hr\/nova\/wp-json\/wp\/v2\/posts\/1363","targetHints":{"allow":["GET"]}}],"collection":[{"href":"https:\/\/gk-korcula.hr\/nova\/wp-json\/wp\/v2\/posts"}],"about":[{"href":"https:\/\/gk-korcula.hr\/nova\/wp-json\/wp\/v2\/types\/post"}],"author":[{"embeddable":true,"href":"https:\/\/gk-korcula.hr\/nova\/wp-json\/wp\/v2\/users\/3"}],"replies":[{"embeddable":true,"href":"https:\/\/gk-korcula.hr\/nova\/wp-json\/wp\/v2\/comments?post=1363"}],"version-history":[{"count":2,"href":"https:\/\/gk-korcula.hr\/nova\/wp-json\/wp\/v2\/posts\/1363\/revisions"}],"predecessor-version":[{"id":1366,"href":"https:\/\/gk-korcula.hr\/nova\/wp-json\/wp\/v2\/posts\/1363\/revisions\/1366"}],"wp:featuredmedia":[{"embeddable":true,"href":"https:\/\/gk-korcula.hr\/nova\/wp-json\/wp\/v2\/media\/1364"}],"wp:attachment":[{"href":"https:\/\/gk-korcula.hr\/nova\/wp-json\/wp\/v2\/media?parent=1363"}],"wp:term":[{"taxonomy":"category","embeddable":true,"href":"https:\/\/gk-korcula.hr\/nova\/wp-json\/wp\/v2\/categories?post=1363"},{"taxonomy":"post_tag","embeddable":true,"href":"https:\/\/gk-korcula.hr\/nova\/wp-json\/wp\/v2\/tags?post=1363"}],"curies":[{"name":"wp","href":"https:\/\/api.w.org\/{rel}","templated":true}]}}