{"id":1367,"date":"2024-09-27T15:59:36","date_gmt":"2024-09-27T13:59:36","guid":{"rendered":"https:\/\/gk-korcula.hr\/?p=1367"},"modified":"2024-09-27T15:59:36","modified_gmt":"2024-09-27T13:59:36","slug":"nikolina-zabcic-u-podrucnoj-skoli-racisce-kfk","status":"publish","type":"post","link":"https:\/\/gk-korcula.hr\/nova\/nikolina-zabcic-u-podrucnoj-skoli-racisce-kfk\/","title":{"rendered":"Nikolina \u017dab\u010di\u0107 u Podru\u010dnoj \u0161koli Ra\u010di\u0161\u0107e [KFK]"},"content":{"rendered":"<p>U\u010denici Podru\u010dne \u0161kole Ra\u010di\u0161\u0107e danas su se obradovali gostovanju ilustratorice i autorice animiranih filmova Nikoline \u017dab\u010di\u0107, koja je odr\u017eala radionicu ilustriranja na temu slobode i istaknula va\u017enost pri\u010danja slikom, posebno kada je rije\u010d o slikovnicama. Djeca su se rado oku\u0161ala u ilustriranju, dru\u017ee\u0107i se s Nikolinom u opu\u0161tenoj i zabavnoj atmosferi.<\/p>\n<p>Galeriju fotografija pogledajte <a href=\"https:\/\/www.facebook.com\/GKKorcula\/posts\/pfbid0SHaYuSXVJ8bvFBohGezRinmsdVUT93YnBRU6DaVmEnR6yu1rmFWRBTCsKkqmcWLHl\">ovdje<\/a>.<\/p>\n","protected":false},"excerpt":{"rendered":"<p>U\u010denici Podru\u010dne \u0161kole Ra\u010di\u0161\u0107e danas su se obradovali gostovanju ilustratorice i autorice animiranih filmova Nikoline \u017dab\u010di\u0107, koja je odr\u017eala radionicu ilustriranja na temu slobode i istaknula va\u017enost pri\u010danja slikom, posebno [&hellip;]<\/p>\n","protected":false},"author":3,"featured_media":1368,"comment_status":"closed","ping_status":"closed","sticky":false,"template":"","format":"standard","meta":{"_et_pb_use_builder":"","_et_pb_old_content":"","_et_gb_content_width":"","footnotes":""},"categories":[11],"tags":[],"class_list":["post-1367","post","type-post","status-publish","format-standard","has-post-thumbnail","hentry","category-aktualno"],"_links":{"self":[{"href":"https:\/\/gk-korcula.hr\/nova\/wp-json\/wp\/v2\/posts\/1367","targetHints":{"allow":["GET"]}}],"collection":[{"href":"https:\/\/gk-korcula.hr\/nova\/wp-json\/wp\/v2\/posts"}],"about":[{"href":"https:\/\/gk-korcula.hr\/nova\/wp-json\/wp\/v2\/types\/post"}],"author":[{"embeddable":true,"href":"https:\/\/gk-korcula.hr\/nova\/wp-json\/wp\/v2\/users\/3"}],"replies":[{"embeddable":true,"href":"https:\/\/gk-korcula.hr\/nova\/wp-json\/wp\/v2\/comments?post=1367"}],"version-history":[{"count":1,"href":"https:\/\/gk-korcula.hr\/nova\/wp-json\/wp\/v2\/posts\/1367\/revisions"}],"predecessor-version":[{"id":1369,"href":"https:\/\/gk-korcula.hr\/nova\/wp-json\/wp\/v2\/posts\/1367\/revisions\/1369"}],"wp:featuredmedia":[{"embeddable":true,"href":"https:\/\/gk-korcula.hr\/nova\/wp-json\/wp\/v2\/media\/1368"}],"wp:attachment":[{"href":"https:\/\/gk-korcula.hr\/nova\/wp-json\/wp\/v2\/media?parent=1367"}],"wp:term":[{"taxonomy":"category","embeddable":true,"href":"https:\/\/gk-korcula.hr\/nova\/wp-json\/wp\/v2\/categories?post=1367"},{"taxonomy":"post_tag","embeddable":true,"href":"https:\/\/gk-korcula.hr\/nova\/wp-json\/wp\/v2\/tags?post=1367"}],"curies":[{"name":"wp","href":"https:\/\/api.w.org\/{rel}","templated":true}]}}