{"id":1370,"date":"2024-09-27T16:01:28","date_gmt":"2024-09-27T14:01:28","guid":{"rendered":"https:\/\/gk-korcula.hr\/?p=1370"},"modified":"2024-09-27T16:01:28","modified_gmt":"2024-09-27T14:01:28","slug":"darko-macan-u-korculi-kfk","status":"publish","type":"post","link":"https:\/\/gk-korcula.hr\/nova\/darko-macan-u-korculi-kfk\/","title":{"rendered":"Darko Macan u Kor\u010duli [KFK]"},"content":{"rendered":"<div class=\"x11i5rnm xat24cr x1mh8g0r x1vvkbs xtlvy1s x126k92a\">\n<div dir=\"auto\">Gostovanjem poznatog hrvatskog strip autora Darka Macana zavr\u0161en je program ovogodi\u0161njeg festivala knji\u017eevnosti za djecu. Vi\u0161i razredi <span class=\"html-span xdj266r x11i5rnm xat24cr x1mh8g0r xexx8yu x4uap5 x18d9i69 xkhd6sd x1hl2dhg x16tdsg8 x1vvkbs\"><a class=\"x1i10hfl xjbqb8w x1ejq31n xd10rxx x1sy0etr x17r0tee x972fbf xcfux6l x1qhh985 xm0m39n x9f619 x1ypdohk xt0psk2 xe8uvvx xdj266r x11i5rnm xat24cr x1mh8g0r xexx8yu x4uap5 x18d9i69 xkhd6sd x16tdsg8 x1hl2dhg xggy1nq x1a2a7pz x1sur9pj xkrqix3 x1fey0fg x1s688f\" tabindex=\"0\" role=\"link\" href=\"https:\/\/www.facebook.com\/profile.php?id=61565732390375&amp;__cft__[0]=AZU1nCX_qw-e0bJ5auuexQsRvlTcpSK54LovYwg36f95eNJU2RlzUjumLcvP1HhxZ0pycYk3YZI5VpKcpkY7E0DMYfOWkCY50idm9h6VVw8Z9Kb57B3Cu22FMD5mxoKkrnljiR1q3fS7HAiLIY9wDlJCEnXXj5U4QANsAKK3Pmg_jQ&amp;__tn__=-]K-R\"><span class=\"xt0psk2\">O\u0160 Petra Kanaveli\u0107a Kor\u010dula<\/span><\/a><\/span> zainteresirano su slu\u0161ali o procesu nastanka stripa te zajedno s autorom izradili novu originalnu epizodu poznatog Darkovog stripa Borovnica.<\/div>\n<div dir=\"auto\"><\/div>\n<\/div>\n<div class=\"x11i5rnm xat24cr x1mh8g0r x1vvkbs xtlvy1s x126k92a\">\n<div dir=\"auto\">IV. kor\u010dulanski festival knji\u017eevnosti ponovno je svojim programom odu\u0161evio na\u0161e najmla\u0111e \u010dlanove, uklju\u010div\u0161i u aktivnosti i djecu iz manjih, prometno dislociranih naselja na otoku.<\/div>\n<div dir=\"auto\"><\/div>\n<\/div>\n<div class=\"x11i5rnm xat24cr x1mh8g0r x1vvkbs xtlvy1s x126k92a\">\n<div dir=\"auto\">Zahvaljujemo na suradnji u organizaciji festivala udruzi Kreativna mre\u017ea i osnovnim \u0161kolama na otoku, a <span class=\"html-span xdj266r x11i5rnm xat24cr x1mh8g0r xexx8yu x4uap5 x18d9i69 xkhd6sd x1hl2dhg x16tdsg8 x1vvkbs\"><a class=\"x1i10hfl xjbqb8w x1ejq31n xd10rxx x1sy0etr x17r0tee x972fbf xcfux6l x1qhh985 xm0m39n x9f619 x1ypdohk xt0psk2 xe8uvvx xdj266r x11i5rnm xat24cr x1mh8g0r xexx8yu x4uap5 x18d9i69 xkhd6sd x16tdsg8 x1hl2dhg xggy1nq x1a2a7pz x1sur9pj xkrqix3 x1fey0fg x1s688f\" tabindex=\"0\" role=\"link\" href=\"https:\/\/www.facebook.com\/GradKorcula?__cft__[0]=AZU1nCX_qw-e0bJ5auuexQsRvlTcpSK54LovYwg36f95eNJU2RlzUjumLcvP1HhxZ0pycYk3YZI5VpKcpkY7E0DMYfOWkCY50idm9h6VVw8Z9Kb57B3Cu22FMD5mxoKkrnljiR1q3fS7HAiLIY9wDlJCEnXXj5U4QANsAKK3Pmg_jQ&amp;__tn__=-]K-R\"><span class=\"xt0psk2\">Grad Kor\u010dula<\/span><\/a><\/span>, <span class=\"html-span xdj266r x11i5rnm xat24cr x1mh8g0r xexx8yu x4uap5 x18d9i69 xkhd6sd x1hl2dhg x16tdsg8 x1vvkbs\"><a class=\"x1i10hfl xjbqb8w x1ejq31n xd10rxx x1sy0etr x17r0tee x972fbf xcfux6l x1qhh985 xm0m39n x9f619 x1ypdohk xt0psk2 xe8uvvx xdj266r x11i5rnm xat24cr x1mh8g0r xexx8yu x4uap5 x18d9i69 xkhd6sd x16tdsg8 x1hl2dhg xggy1nq x1a2a7pz x1sur9pj xkrqix3 x1fey0fg x1s688f\" tabindex=\"0\" role=\"link\" href=\"https:\/\/www.facebook.com\/minkulturehr?__cft__[0]=AZU1nCX_qw-e0bJ5auuexQsRvlTcpSK54LovYwg36f95eNJU2RlzUjumLcvP1HhxZ0pycYk3YZI5VpKcpkY7E0DMYfOWkCY50idm9h6VVw8Z9Kb57B3Cu22FMD5mxoKkrnljiR1q3fS7HAiLIY9wDlJCEnXXj5U4QANsAKK3Pmg_jQ&amp;__tn__=-]K-R\"><span class=\"xt0psk2\">Ministarstvo kulture i medija Republike Hrvatske<\/span><\/a><\/span> i <span class=\"html-span xdj266r x11i5rnm xat24cr x1mh8g0r xexx8yu x4uap5 x18d9i69 xkhd6sd x1hl2dhg x16tdsg8 x1vvkbs\"><a class=\"x1i10hfl xjbqb8w x1ejq31n xd10rxx x1sy0etr x17r0tee x972fbf xcfux6l x1qhh985 xm0m39n x9f619 x1ypdohk xt0psk2 xe8uvvx xdj266r x11i5rnm xat24cr x1mh8g0r xexx8yu x4uap5 x18d9i69 xkhd6sd x16tdsg8 x1hl2dhg xggy1nq x1a2a7pz x1sur9pj xkrqix3 x1fey0fg x1s688f\" tabindex=\"0\" role=\"link\" href=\"https:\/\/www.facebook.com\/dubrovackoneretvanskazupanija?__cft__[0]=AZU1nCX_qw-e0bJ5auuexQsRvlTcpSK54LovYwg36f95eNJU2RlzUjumLcvP1HhxZ0pycYk3YZI5VpKcpkY7E0DMYfOWkCY50idm9h6VVw8Z9Kb57B3Cu22FMD5mxoKkrnljiR1q3fS7HAiLIY9wDlJCEnXXj5U4QANsAKK3Pmg_jQ&amp;__tn__=-]K-R\"><span class=\"xt0psk2\">Dubrova\u010dko-neretvanska \u017eupanija<\/span><\/a><\/span> na financijskoj potpori.<\/div>\n<\/div>\n<div dir=\"auto\"><\/div>\n<div dir=\"auto\">Galeriju fotografija pogledajte <a href=\"https:\/\/www.facebook.com\/GKKorcula\/posts\/pfbid08T97YY37wR7JDdBNLyUTiuEBTx67ga72asaGkhin1UGtQ5yrC5up8md6bmLbZwrAl\">ovdje<\/a>.<\/div>\n","protected":false},"excerpt":{"rendered":"<p>Gostovanjem poznatog hrvatskog strip autora Darka Macana zavr\u0161en je program ovogodi\u0161njeg festivala knji\u017eevnosti za djecu. Vi\u0161i razredi O\u0160 Petra Kanaveli\u0107a Kor\u010dula zainteresirano su slu\u0161ali o procesu nastanka stripa te zajedno [&hellip;]<\/p>\n","protected":false},"author":3,"featured_media":1371,"comment_status":"closed","ping_status":"closed","sticky":false,"template":"","format":"standard","meta":{"_et_pb_use_builder":"","_et_pb_old_content":"","_et_gb_content_width":"","footnotes":""},"categories":[11],"tags":[],"class_list":["post-1370","post","type-post","status-publish","format-standard","has-post-thumbnail","hentry","category-aktualno"],"_links":{"self":[{"href":"https:\/\/gk-korcula.hr\/nova\/wp-json\/wp\/v2\/posts\/1370","targetHints":{"allow":["GET"]}}],"collection":[{"href":"https:\/\/gk-korcula.hr\/nova\/wp-json\/wp\/v2\/posts"}],"about":[{"href":"https:\/\/gk-korcula.hr\/nova\/wp-json\/wp\/v2\/types\/post"}],"author":[{"embeddable":true,"href":"https:\/\/gk-korcula.hr\/nova\/wp-json\/wp\/v2\/users\/3"}],"replies":[{"embeddable":true,"href":"https:\/\/gk-korcula.hr\/nova\/wp-json\/wp\/v2\/comments?post=1370"}],"version-history":[{"count":1,"href":"https:\/\/gk-korcula.hr\/nova\/wp-json\/wp\/v2\/posts\/1370\/revisions"}],"predecessor-version":[{"id":1372,"href":"https:\/\/gk-korcula.hr\/nova\/wp-json\/wp\/v2\/posts\/1370\/revisions\/1372"}],"wp:featuredmedia":[{"embeddable":true,"href":"https:\/\/gk-korcula.hr\/nova\/wp-json\/wp\/v2\/media\/1371"}],"wp:attachment":[{"href":"https:\/\/gk-korcula.hr\/nova\/wp-json\/wp\/v2\/media?parent=1370"}],"wp:term":[{"taxonomy":"category","embeddable":true,"href":"https:\/\/gk-korcula.hr\/nova\/wp-json\/wp\/v2\/categories?post=1370"},{"taxonomy":"post_tag","embeddable":true,"href":"https:\/\/gk-korcula.hr\/nova\/wp-json\/wp\/v2\/tags?post=1370"}],"curies":[{"name":"wp","href":"https:\/\/api.w.org\/{rel}","templated":true}]}}