{"id":1459,"date":"2024-10-14T16:23:14","date_gmt":"2024-10-14T14:23:14","guid":{"rendered":"https:\/\/gk-korcula.hr\/?p=1459"},"modified":"2024-10-14T16:23:14","modified_gmt":"2024-10-14T14:23:14","slug":"promocija-knjige-marsal-na-poljudu","status":"publish","type":"post","link":"https:\/\/gk-korcula.hr\/nova\/promocija-knjige-marsal-na-poljudu\/","title":{"rendered":"Promocija knjige \u201cMar\u0161al na Poljudu\u201d"},"content":{"rendered":"<p>Pozivamo vas na predstavljanje knjige\u00a0<em>Mar\u0161al na Poljudu<\/em> autora Dragana Markovine koje \u0107e se odr\u017eati u petak, 18. listopada u Gradskoj knji\u017enici\u00a0<em>Ivan Vidali<\/em> s po\u010detkom u 18.00 sati.<\/p>\n<p>O knjizi:<br \/>\nIma li i\u010dega prirodnijeg od Tita koji se na bijeloj Vespi spu\u0161ta u grad iz \u0161kvera? U kakvom su odnosu bili vo\u0111a biv\u0161e dr\u017eave i Split, a u kakvom su mogli biti? Za\u0161to je njegov djelomi\u010dni opona\u0161atelj na \u010delu novostvorene dr\u017eave mogao postati predsjednik, ali nije mogao osvojiti srce dalmatinske prijestolnice i ekipe s Poljuda? Kako izgleda melankolija ljudi na odlasku, koji se svaki na svoj na\u010din mire s povijesnim porazom? Kakav je bio tok svijesti protagonista raspada re\u010dene dr\u017eave, a kakav onih koji su u tom raspadu bili puki statisti? To su pitanja koja otvara i teme kojima se bavi drugo proznofikcijsko ostvarenje povjesni\u010dara i publicista Dragana Markovine, koje ovaj put dobiva i romaneskni zamah \u2013 s okusom mora i soli, gor\u010dine ali i miline, one hedonisti\u010dke. U kolopletu pri\u010da o sasvim nedavnoj i ve\u0107 ne\u0161to nam davnijoj pro\u0161losti,\u00a0<em>Mar\u0161al na Poljudu\u00a0<\/em>govori nam umnogome i mo\u017eda ponajprije o \u2013 sada\u0161njosti.<\/p>\n","protected":false},"excerpt":{"rendered":"<p>Pozivamo vas na predstavljanje knjige\u00a0Mar\u0161al na Poljudu autora Dragana Markovine koje \u0107e se odr\u017eati u petak, 18. listopada u Gradskoj knji\u017enici\u00a0Ivan Vidali s po\u010detkom u 18.00 sati. O knjizi: Ima [&hellip;]<\/p>\n","protected":false},"author":3,"featured_media":1422,"comment_status":"closed","ping_status":"closed","sticky":false,"template":"","format":"standard","meta":{"_et_pb_use_builder":"","_et_pb_old_content":"","_et_gb_content_width":"","footnotes":""},"categories":[10],"tags":[],"class_list":["post-1459","post","type-post","status-publish","format-standard","has-post-thumbnail","hentry","category-najave-dogadaja"],"_links":{"self":[{"href":"https:\/\/gk-korcula.hr\/nova\/wp-json\/wp\/v2\/posts\/1459","targetHints":{"allow":["GET"]}}],"collection":[{"href":"https:\/\/gk-korcula.hr\/nova\/wp-json\/wp\/v2\/posts"}],"about":[{"href":"https:\/\/gk-korcula.hr\/nova\/wp-json\/wp\/v2\/types\/post"}],"author":[{"embeddable":true,"href":"https:\/\/gk-korcula.hr\/nova\/wp-json\/wp\/v2\/users\/3"}],"replies":[{"embeddable":true,"href":"https:\/\/gk-korcula.hr\/nova\/wp-json\/wp\/v2\/comments?post=1459"}],"version-history":[{"count":1,"href":"https:\/\/gk-korcula.hr\/nova\/wp-json\/wp\/v2\/posts\/1459\/revisions"}],"predecessor-version":[{"id":1460,"href":"https:\/\/gk-korcula.hr\/nova\/wp-json\/wp\/v2\/posts\/1459\/revisions\/1460"}],"wp:featuredmedia":[{"embeddable":true,"href":"https:\/\/gk-korcula.hr\/nova\/wp-json\/wp\/v2\/media\/1422"}],"wp:attachment":[{"href":"https:\/\/gk-korcula.hr\/nova\/wp-json\/wp\/v2\/media?parent=1459"}],"wp:term":[{"taxonomy":"category","embeddable":true,"href":"https:\/\/gk-korcula.hr\/nova\/wp-json\/wp\/v2\/categories?post=1459"},{"taxonomy":"post_tag","embeddable":true,"href":"https:\/\/gk-korcula.hr\/nova\/wp-json\/wp\/v2\/tags?post=1459"}],"curies":[{"name":"wp","href":"https:\/\/api.w.org\/{rel}","templated":true}]}}