{"id":1461,"date":"2024-10-16T13:12:45","date_gmt":"2024-10-16T11:12:45","guid":{"rendered":"https:\/\/gk-korcula.hr\/?p=1461"},"modified":"2024-10-16T13:12:45","modified_gmt":"2024-10-16T11:12:45","slug":"otvaranje-mjeseca-hrvatske-knjige-2024","status":"publish","type":"post","link":"https:\/\/gk-korcula.hr\/nova\/otvaranje-mjeseca-hrvatske-knjige-2024\/","title":{"rendered":"Otvaranje Mjeseca hrvatske knjige 2024."},"content":{"rendered":"<div class=\"xdj266r x11i5rnm xat24cr x1mh8g0r x1vvkbs x126k92a\">\n<div dir=\"auto\">Danas, 15. listopada, sve\u010dano smo obilje\u017eili po\u010detak ovogodi\u0161nje manifestacije <span class=\"html-span xdj266r x11i5rnm xat24cr x1mh8g0r xexx8yu x4uap5 x18d9i69 xkhd6sd x1hl2dhg x16tdsg8 x1vvkbs\"><a class=\"x1i10hfl xjbqb8w x1ejq31n xd10rxx x1sy0etr x17r0tee x972fbf xcfux6l x1qhh985 xm0m39n x9f619 x1ypdohk xt0psk2 xe8uvvx xdj266r x11i5rnm xat24cr x1mh8g0r xexx8yu x4uap5 x18d9i69 xkhd6sd x16tdsg8 x1hl2dhg xggy1nq x1a2a7pz x1sur9pj xkrqix3 x1fey0fg x1s688f\" tabindex=\"0\" role=\"link\" href=\"https:\/\/www.facebook.com\/mjesechrvatskeknjige?__cft__[0]=AZUypiEVgV2h4IdwYJgFyGEsl5fWsoUVHeOZhmCy-tNtJNs8arcLcjK2JfPs-v-aGYUwiYuQm1anen-TKYD1shVmcqmNHmp4FrFDmAHh1CpzVvqGRxrf3iAbwG2T5VL3r8hj0jr2f2JDb1ntF-EnG2fpgCf6m4NvcjZsLrpe0bPtfUXAQV9AKixWWAvFqTHXBS8&amp;__tn__=-]K-R\"><span class=\"xt0psk2\">Mjesec hrvatske knjige<\/span><\/a><\/span>! Izvedbom kompozicije &#8220;Pjesma ljepote&#8221; iz filma &#8220;Ku\u0107a lete\u0107ih bode\u017ea&#8221;, odu\u0161evili su nas u\u010denica 2. razreda glazbene \u0161kole Matilda Fabris na flauti i bubnjarski sastav &#8220;Dobre vibracije&#8221; pod voditeljstvom profesora Borisa Prljevi\u0107a. <span class=\"html-span xexx8yu x4uap5 x18d9i69 xkhd6sd x1hl2dhg x16tdsg8 x1vvkbs x3nfvp2 x1j61x8r x1fcty0u xdj266r xat24cr xgzva0m xhhsvwb xxymvpz xlup9mm x1kky2od\"><img decoding=\"async\" class=\"xz74otr\" src=\"https:\/\/static.xx.fbcdn.net\/images\/emoji.php\/v9\/t1f\/1\/16\/1f3b6.png\" alt=\"\ud83c\udfb6\" width=\"16\" height=\"16\" \/><\/span><span class=\"html-span xexx8yu x4uap5 x18d9i69 xkhd6sd x1hl2dhg x16tdsg8 x1vvkbs x3nfvp2 x1j61x8r x1fcty0u xdj266r xat24cr xgzva0m xhhsvwb xxymvpz xlup9mm x1kky2od\"><img decoding=\"async\" class=\"xz74otr\" src=\"https:\/\/static.xx.fbcdn.net\/images\/emoji.php\/v9\/t8e\/1\/16\/1f941.png\" alt=\"\ud83e\udd41\" width=\"16\" height=\"16\" \/><\/span>.<\/div>\n<div dir=\"auto\">Nakon glazbenog nastupa, za u\u010denike 7. i 8. razreda <span class=\"html-span xdj266r x11i5rnm xat24cr x1mh8g0r xexx8yu x4uap5 x18d9i69 xkhd6sd x1hl2dhg x16tdsg8 x1vvkbs\"><a class=\"x1i10hfl xjbqb8w x1ejq31n xd10rxx x1sy0etr x17r0tee x972fbf xcfux6l x1qhh985 xm0m39n x9f619 x1ypdohk xt0psk2 xe8uvvx xdj266r x11i5rnm xat24cr x1mh8g0r xexx8yu x4uap5 x18d9i69 xkhd6sd x16tdsg8 x1hl2dhg xggy1nq x1a2a7pz x1sur9pj xkrqix3 x1fey0fg x1s688f\" tabindex=\"0\" role=\"link\" href=\"https:\/\/www.facebook.com\/profile.php?id=61565732390375&amp;__cft__[0]=AZUypiEVgV2h4IdwYJgFyGEsl5fWsoUVHeOZhmCy-tNtJNs8arcLcjK2JfPs-v-aGYUwiYuQm1anen-TKYD1shVmcqmNHmp4FrFDmAHh1CpzVvqGRxrf3iAbwG2T5VL3r8hj0jr2f2JDb1ntF-EnG2fpgCf6m4NvcjZsLrpe0bPtfUXAQV9AKixWWAvFqTHXBS8&amp;__tn__=-]K-R\"><span class=\"xt0psk2\">O\u0160 Petra Kanaveli\u0107a<\/span><\/a><\/span> odr\u017eana je radionica &#8220;Marko Polo nam pri\u010da&#8221; pod voditeljstvom kustosice <span class=\"html-span xdj266r x11i5rnm xat24cr x1mh8g0r xexx8yu x4uap5 x18d9i69 xkhd6sd x1hl2dhg x16tdsg8 x1vvkbs\"><a class=\"x1i10hfl xjbqb8w x1ejq31n xd10rxx x1sy0etr x17r0tee x972fbf xcfux6l x1qhh985 xm0m39n x9f619 x1ypdohk xt0psk2 xe8uvvx xdj266r x11i5rnm xat24cr x1mh8g0r xexx8yu x4uap5 x18d9i69 xkhd6sd x16tdsg8 x1hl2dhg xggy1nq x1a2a7pz x1sur9pj xkrqix3 x1fey0fg x1s688f\" tabindex=\"0\" role=\"link\" href=\"https:\/\/www.facebook.com\/muzejkorcula?__cft__[0]=AZUypiEVgV2h4IdwYJgFyGEsl5fWsoUVHeOZhmCy-tNtJNs8arcLcjK2JfPs-v-aGYUwiYuQm1anen-TKYD1shVmcqmNHmp4FrFDmAHh1CpzVvqGRxrf3iAbwG2T5VL3r8hj0jr2f2JDb1ntF-EnG2fpgCf6m4NvcjZsLrpe0bPtfUXAQV9AKixWWAvFqTHXBS8&amp;__tn__=-]K-R\"><span class=\"xt0psk2\">Gradski Muzej Kor\u010dula<\/span><\/a><\/span> g\u0111e. Sani Sardeli\u0107, a povodom 700. obljetnice Polove smrti. Ova interaktivna i edukativna radionica podsjetila je u\u010denike na va\u017enost pri\u010da i pripovijedanja, putovanja i upoznavanja drugih kultura, te ih potaknula da inspirirani pri\u010dama o \u010dudima svijeta iz \u010duvenog Polovog putopisa Milijun, kreiraju i osmisle vlastite pri\u010de.<\/div>\n<\/div>\n<div class=\"x11i5rnm xat24cr x1mh8g0r x1vvkbs xtlvy1s x126k92a\">\n<div dir=\"auto\"><span class=\"html-span xexx8yu x4uap5 x18d9i69 xkhd6sd x1hl2dhg x16tdsg8 x1vvkbs x3nfvp2 x1j61x8r x1fcty0u xdj266r xat24cr xgzva0m xhhsvwb xxymvpz xlup9mm x1kky2od\"><img decoding=\"async\" class=\"xz74otr\" src=\"https:\/\/static.xx.fbcdn.net\/images\/emoji.php\/v9\/t49\/1\/16\/1f4da.png\" alt=\"\ud83d\udcda\" width=\"16\" height=\"16\" \/><\/span>Bilo je to prekrasno i inspirativno dru\u017eenje posve\u0107eno \u010daroliji izgoverene rije\u010di i ljepotama pri\u010da! <span class=\"html-span xexx8yu x4uap5 x18d9i69 xkhd6sd x1hl2dhg x16tdsg8 x1vvkbs x3nfvp2 x1j61x8r x1fcty0u xdj266r xat24cr xgzva0m xhhsvwb xxymvpz xlup9mm x1kky2od\"><img decoding=\"async\" class=\"xz74otr\" src=\"https:\/\/static.xx.fbcdn.net\/images\/emoji.php\/v9\/t3f\/1\/16\/1f30d.png\" alt=\"\ud83c\udf0d\" width=\"16\" height=\"16\" \/><\/span><span class=\"html-span xexx8yu x4uap5 x18d9i69 xkhd6sd x1hl2dhg x16tdsg8 x1vvkbs x3nfvp2 x1j61x8r x1fcty0u xdj266r xat24cr xgzva0m xhhsvwb xxymvpz xlup9mm x1kky2od\"><img decoding=\"async\" class=\"xz74otr\" src=\"https:\/\/static.xx.fbcdn.net\/images\/emoji.php\/v9\/te2\/1\/16\/270d.png\" alt=\"\u270d\ufe0f\" width=\"16\" height=\"16\" \/><\/span><\/div>\n<\/div>\n<div class=\"x11i5rnm xat24cr x1mh8g0r x1vvkbs xtlvy1s x126k92a\">\n<div dir=\"auto\">Hvala Sani na zanimljivoj radionici a ravnateljici \u0161kole Maji Farac i profesorici Marini Mandi\u0107 na suradnji!<\/div>\n<\/div>\n<div dir=\"auto\">Galeriju fotografija s otvaranja pogledajte <a href=\"https:\/\/www.facebook.com\/GKKorcula\/posts\/pfbid02p1evgZy9k6fMRAvugunVsXh1T9jVPYXWzeqtRMTHSddJukseywmJKEqJ4EvTxQHAl\">ovdje<\/a>.<\/div>\n","protected":false},"excerpt":{"rendered":"<p>Danas, 15. listopada, sve\u010dano smo obilje\u017eili po\u010detak ovogodi\u0161nje manifestacije Mjesec hrvatske knjige! Izvedbom kompozicije &#8220;Pjesma ljepote&#8221; iz filma &#8220;Ku\u0107a lete\u0107ih bode\u017ea&#8221;, odu\u0161evili su nas u\u010denica 2. razreda glazbene \u0161kole Matilda [&hellip;]<\/p>\n","protected":false},"author":3,"featured_media":1462,"comment_status":"closed","ping_status":"closed","sticky":false,"template":"","format":"standard","meta":{"_et_pb_use_builder":"","_et_pb_old_content":"","_et_gb_content_width":"","footnotes":""},"categories":[11],"tags":[],"class_list":["post-1461","post","type-post","status-publish","format-standard","has-post-thumbnail","hentry","category-aktualno"],"_links":{"self":[{"href":"https:\/\/gk-korcula.hr\/nova\/wp-json\/wp\/v2\/posts\/1461","targetHints":{"allow":["GET"]}}],"collection":[{"href":"https:\/\/gk-korcula.hr\/nova\/wp-json\/wp\/v2\/posts"}],"about":[{"href":"https:\/\/gk-korcula.hr\/nova\/wp-json\/wp\/v2\/types\/post"}],"author":[{"embeddable":true,"href":"https:\/\/gk-korcula.hr\/nova\/wp-json\/wp\/v2\/users\/3"}],"replies":[{"embeddable":true,"href":"https:\/\/gk-korcula.hr\/nova\/wp-json\/wp\/v2\/comments?post=1461"}],"version-history":[{"count":1,"href":"https:\/\/gk-korcula.hr\/nova\/wp-json\/wp\/v2\/posts\/1461\/revisions"}],"predecessor-version":[{"id":1463,"href":"https:\/\/gk-korcula.hr\/nova\/wp-json\/wp\/v2\/posts\/1461\/revisions\/1463"}],"wp:featuredmedia":[{"embeddable":true,"href":"https:\/\/gk-korcula.hr\/nova\/wp-json\/wp\/v2\/media\/1462"}],"wp:attachment":[{"href":"https:\/\/gk-korcula.hr\/nova\/wp-json\/wp\/v2\/media?parent=1461"}],"wp:term":[{"taxonomy":"category","embeddable":true,"href":"https:\/\/gk-korcula.hr\/nova\/wp-json\/wp\/v2\/categories?post=1461"},{"taxonomy":"post_tag","embeddable":true,"href":"https:\/\/gk-korcula.hr\/nova\/wp-json\/wp\/v2\/tags?post=1461"}],"curies":[{"name":"wp","href":"https:\/\/api.w.org\/{rel}","templated":true}]}}