{"id":1472,"date":"2024-10-18T22:20:23","date_gmt":"2024-10-18T20:20:23","guid":{"rendered":"https:\/\/gk-korcula.hr\/?p=1472"},"modified":"2024-10-21T09:20:54","modified_gmt":"2024-10-21T07:20:54","slug":"promocija-romana-marsal-na-poljudu-dragana-markovine","status":"publish","type":"post","link":"https:\/\/gk-korcula.hr\/nova\/promocija-romana-marsal-na-poljudu-dragana-markovine\/","title":{"rendered":"Promocija romana &#8220;Mar\u0161al na Poljudu&#8221; Dragana Markovine"},"content":{"rendered":"<div class=\"x11i5rnm xat24cr x1mh8g0r x1vvkbs xtlvy1s x126k92a\">\n<div dir=\"auto\">Danas se u sklopu <span class=\"html-span xdj266r x11i5rnm xat24cr x1mh8g0r xexx8yu x4uap5 x18d9i69 xkhd6sd x1hl2dhg x16tdsg8 x1vvkbs\"><a class=\"x1i10hfl xjbqb8w x1ejq31n xd10rxx x1sy0etr x17r0tee x972fbf xcfux6l x1qhh985 xm0m39n x9f619 x1ypdohk xt0psk2 xe8uvvx xdj266r x11i5rnm xat24cr x1mh8g0r xexx8yu x4uap5 x18d9i69 xkhd6sd x16tdsg8 x1hl2dhg xggy1nq x1a2a7pz x1sur9pj xkrqix3 x1fey0fg x1s688f\" tabindex=\"0\" role=\"link\" href=\"https:\/\/www.facebook.com\/mjesechrvatskeknjige?__cft__[0]=AZUr_1L3wyMta1MkdlZBW-_W2KKm5T297a74xQt2NDAipqtjZ25s2H9f7JN_jf8ZgXxf4OV5mw4SIMxaYo3fJdFrt78-9F-uHLJ9ww5UofRK8mR85WATyDlMSb9cYqYj4eBYWN7X-968f-pexvfREZAtxZgfgNmFvc9a8xBZ9eWvOWIt3DSnnQWjQLcM468Wuu0&amp;__tn__=-]K-R\"><span class=\"xt0psk2\">Mjeseca hrvatske knjige<\/span><\/a><\/span> 2024. u na\u0161oj knji\u017enici odr\u017eala promocija romana <em>Mar\u0161al na Poljudu<\/em>, romanesknog prvijenca hrvatskog povjesni\u010dara, esejista i kolumnista Dragana Markovine. Razgovor s autorom vodila je Vinka Lozica, a publika je sa zanimanjem pratila autorovovo pripovijedanje o temama i osobama iz na\u0161e pro\u0161losti, koje otvara ovaj fascinantan roman.<\/div>\n<\/div>\n<div class=\"x11i5rnm xat24cr x1mh8g0r x1vvkbs xtlvy1s x126k92a\">\n<div dir=\"auto\">\u010citaju\u0107u ulomke iz svog djela, koji je ujedno i pri\u010da o Splitu, Markovina nas je zaintrigirao i potaknuo da pro\u010ditamo roman koji se bavi kompleksnim odnosima izme\u0111u Tita, Splita i Dalmacije, istovremeno oslikava atmosferu pro\u0161losti i donosi refleksije na suvremeno dru\u0161tvo. <em>Mar\u0161al na Poljudu<\/em> nije samo knjiga o pro\u0161losti, ve\u0107 i o sada\u0161njosti, pro\u017eeta nostalgijom, melankolijom, ali i hedonisti\u010dkom notom.<\/div>\n<\/div>\n<div class=\"x11i5rnm xat24cr x1mh8g0r x1vvkbs xtlvy1s x126k92a\">\n<div dir=\"auto\">Zahvaljujemo svima na dolasku i radujemo se sljede\u0107im susretima u na\u0161em programu MHK 2024. <span class=\"html-span xexx8yu x4uap5 x18d9i69 xkhd6sd x1hl2dhg x16tdsg8 x1vvkbs x3nfvp2 x1j61x8r x1fcty0u xdj266r xat24cr xgzva0m xhhsvwb xxymvpz xlup9mm x1kky2od\"><img decoding=\"async\" class=\"xz74otr\" src=\"https:\/\/static.xx.fbcdn.net\/images\/emoji.php\/v9\/tf4\/1\/16\/2728.png\" alt=\"\u2728\" width=\"16\" height=\"16\" \/><\/span><\/div>\n<\/div>\n<div dir=\"auto\"><\/div>\n<div dir=\"auto\">Galeriju fotografija s doga\u0111anja pogledajte <a href=\"https:\/\/www.facebook.com\/GKKorcula\/posts\/pfbid02xQWuGi49Hruz7jdbBfByM1FFZff3cASnMznabFRg8rfXqRCatPkppYQGEcxCbs2Cl\">ovdje<\/a>.<\/div>\n","protected":false},"excerpt":{"rendered":"<p>Danas se u sklopu Mjeseca hrvatske knjige 2024. u na\u0161oj knji\u017enici odr\u017eala promocija romana Mar\u0161al na Poljudu, romanesknog prvijenca hrvatskog povjesni\u010dara, esejista i kolumnista Dragana Markovine. Razgovor s autorom vodila [&hellip;]<\/p>\n","protected":false},"author":3,"featured_media":1473,"comment_status":"closed","ping_status":"closed","sticky":false,"template":"","format":"standard","meta":{"_et_pb_use_builder":"","_et_pb_old_content":"","_et_gb_content_width":"","footnotes":""},"categories":[11],"tags":[],"class_list":["post-1472","post","type-post","status-publish","format-standard","has-post-thumbnail","hentry","category-aktualno"],"_links":{"self":[{"href":"https:\/\/gk-korcula.hr\/nova\/wp-json\/wp\/v2\/posts\/1472","targetHints":{"allow":["GET"]}}],"collection":[{"href":"https:\/\/gk-korcula.hr\/nova\/wp-json\/wp\/v2\/posts"}],"about":[{"href":"https:\/\/gk-korcula.hr\/nova\/wp-json\/wp\/v2\/types\/post"}],"author":[{"embeddable":true,"href":"https:\/\/gk-korcula.hr\/nova\/wp-json\/wp\/v2\/users\/3"}],"replies":[{"embeddable":true,"href":"https:\/\/gk-korcula.hr\/nova\/wp-json\/wp\/v2\/comments?post=1472"}],"version-history":[{"count":1,"href":"https:\/\/gk-korcula.hr\/nova\/wp-json\/wp\/v2\/posts\/1472\/revisions"}],"predecessor-version":[{"id":1474,"href":"https:\/\/gk-korcula.hr\/nova\/wp-json\/wp\/v2\/posts\/1472\/revisions\/1474"}],"wp:featuredmedia":[{"embeddable":true,"href":"https:\/\/gk-korcula.hr\/nova\/wp-json\/wp\/v2\/media\/1473"}],"wp:attachment":[{"href":"https:\/\/gk-korcula.hr\/nova\/wp-json\/wp\/v2\/media?parent=1472"}],"wp:term":[{"taxonomy":"category","embeddable":true,"href":"https:\/\/gk-korcula.hr\/nova\/wp-json\/wp\/v2\/categories?post=1472"},{"taxonomy":"post_tag","embeddable":true,"href":"https:\/\/gk-korcula.hr\/nova\/wp-json\/wp\/v2\/tags?post=1472"}],"curies":[{"name":"wp","href":"https:\/\/api.w.org\/{rel}","templated":true}]}}