{"id":1477,"date":"2024-10-26T08:34:27","date_gmt":"2024-10-26T06:34:27","guid":{"rendered":"https:\/\/gk-korcula.hr\/nova\/?p=1477"},"modified":"2024-10-26T08:34:27","modified_gmt":"2024-10-26T06:34:27","slug":"vjerske-teme-i-vrijeme-promocija-knjige-zorana-vakule","status":"publish","type":"post","link":"https:\/\/gk-korcula.hr\/nova\/vjerske-teme-i-vrijeme-promocija-knjige-zorana-vakule\/","title":{"rendered":"Vjerske teme i vrijeme \u2013 promocija knjige Zorana Vakule"},"content":{"rendered":"<p>Pozivamo Vas na predstavljanje knjige \u201cVjerske teme i vrijeme \u201d meteorologa i autora Zorana Vakule koje \u0107e se odr\u017eati u Gradskoj knji\u017enici\u00a0<em>Ivan Vidali<\/em>\u00a0u ponedjeljak, 4. studenoga s po\u010detkom u 18:00 sati.<\/p>\n<p>O knjizi:<\/p>\n<p>Zbirka \u201cVjerske teme i vrijeme\u201d, s podnaslovom \u201cMeteorima o svecima i blagdanima\u201d podsjetnik je na pu\u010dko vremenoslovlje \u2013 stare narodne izreke o vremenu i na njihovog medijski najve\u0107eg promotora \u2013 mr. sc. Milana Sijerkovi\u0107a. Osim tih izreka, zbirka sadr\u017ei i znanstveno utemeljene prognoze u stihu i rimi, u kojima se spominju sveci i blagdani, te isti\u010de razlike i valjanost ta dva izvora \u201cvremenskih prognoza\u201d.<\/p>\n<p>Zbirka je istodobno i poku\u0161aj poja\u0161njenja prednosti, mana i korisnosti u svakodnevnom \u017eivotu tih zanimljivih izreka nastalih u doba kad nije bilo kvalitetnih meteorolo\u0161kih prognosti\u010dkih izra\u010duna temeljenih na znanstvenim istra\u017eivanjima, a i svojevrsno upozorenje na aktualne klimatske promjene\u2026.<\/p>\n<p>Vjersko-prognosti\u010dke mudrolije iz pu\u010dke meteorologije prvi su dio zbirke, i to samo one u kojima se spominju sveci i vjerski blagdani. Osim njih, u zbirci se nalazi i znanstveno utemeljena meteorima o svecima i blagdanima, nastala od 2014. godine, pa se, izme\u0111u ostaloga, mo\u017eemo podsjetiti na neke nedavne vremenske doga\u0111aje i (ne)prilike.<\/p>\n<p>U cilju promocije meteorologije i \u201crimovanja\u201d \u2013 u tre\u0107em dijelu zbirke nalaze se \u201caforisti\u010dne prognoze\u201d ili mo\u017eda razumljivije \u2013 najave, naslovi vremenskih prognoza koji su se povremeno pojavljivali na dijelu medijskih platformi HRT-a s meteorolo\u0161kim sadr\u017eajem, a u \u010detvrtom dijelu ponovljene su \u201cklimatske rime\u201d iz prve zbirke meteorima \u201cRimovane meteoprognoze u doba koronaviroze\u201d.<\/p>\n","protected":false},"excerpt":{"rendered":"<p>Pozivamo Vas na predstavljanje knjige \u201cVjerske teme i vrijeme \u201d meteorologa i autora Zorana Vakule koje \u0107e se odr\u017eati u Gradskoj knji\u017enici\u00a0Ivan Vidali\u00a0u ponedjeljak, 4. studenoga s po\u010detkom u 18:00 [&hellip;]<\/p>\n","protected":false},"author":3,"featured_media":1382,"comment_status":"closed","ping_status":"closed","sticky":false,"template":"","format":"standard","meta":{"_et_pb_use_builder":"","_et_pb_old_content":"","_et_gb_content_width":"","footnotes":""},"categories":[10],"tags":[],"class_list":["post-1477","post","type-post","status-publish","format-standard","has-post-thumbnail","hentry","category-najave-dogadaja"],"_links":{"self":[{"href":"https:\/\/gk-korcula.hr\/nova\/wp-json\/wp\/v2\/posts\/1477","targetHints":{"allow":["GET"]}}],"collection":[{"href":"https:\/\/gk-korcula.hr\/nova\/wp-json\/wp\/v2\/posts"}],"about":[{"href":"https:\/\/gk-korcula.hr\/nova\/wp-json\/wp\/v2\/types\/post"}],"author":[{"embeddable":true,"href":"https:\/\/gk-korcula.hr\/nova\/wp-json\/wp\/v2\/users\/3"}],"replies":[{"embeddable":true,"href":"https:\/\/gk-korcula.hr\/nova\/wp-json\/wp\/v2\/comments?post=1477"}],"version-history":[{"count":1,"href":"https:\/\/gk-korcula.hr\/nova\/wp-json\/wp\/v2\/posts\/1477\/revisions"}],"predecessor-version":[{"id":1478,"href":"https:\/\/gk-korcula.hr\/nova\/wp-json\/wp\/v2\/posts\/1477\/revisions\/1478"}],"wp:featuredmedia":[{"embeddable":true,"href":"https:\/\/gk-korcula.hr\/nova\/wp-json\/wp\/v2\/media\/1382"}],"wp:attachment":[{"href":"https:\/\/gk-korcula.hr\/nova\/wp-json\/wp\/v2\/media?parent=1477"}],"wp:term":[{"taxonomy":"category","embeddable":true,"href":"https:\/\/gk-korcula.hr\/nova\/wp-json\/wp\/v2\/categories?post=1477"},{"taxonomy":"post_tag","embeddable":true,"href":"https:\/\/gk-korcula.hr\/nova\/wp-json\/wp\/v2\/tags?post=1477"}],"curies":[{"name":"wp","href":"https:\/\/api.w.org\/{rel}","templated":true}]}}