{"id":1479,"date":"2024-10-26T08:40:58","date_gmt":"2024-10-26T06:40:58","guid":{"rendered":"https:\/\/gk-korcula.hr\/nova\/?p=1479"},"modified":"2024-10-26T08:40:58","modified_gmt":"2024-10-26T06:40:58","slug":"jurica-pavicic-u-korculi","status":"publish","type":"post","link":"https:\/\/gk-korcula.hr\/nova\/jurica-pavicic-u-korculi\/","title":{"rendered":"Jurica Pavi\u010di\u0107 u Kor\u010duli!"},"content":{"rendered":"<div class=\"xdj266r x11i5rnm xat24cr x1mh8g0r x1vvkbs x126k92a\">\n<div dir=\"auto\">Ve\u010deras je u <span class=\"html-span xdj266r x11i5rnm xat24cr x1mh8g0r xexx8yu x4uap5 x18d9i69 xkhd6sd x1hl2dhg x16tdsg8 x1vvkbs\"><a class=\"x1i10hfl xjbqb8w x1ejq31n xd10rxx x1sy0etr x17r0tee x972fbf xcfux6l x1qhh985 xm0m39n x9f619 x1ypdohk xt0psk2 xe8uvvx xdj266r x11i5rnm xat24cr x1mh8g0r xexx8yu x4uap5 x18d9i69 xkhd6sd x16tdsg8 x1hl2dhg xggy1nq x1a2a7pz x1sur9pj xkrqix3 x1fey0fg x1s688f\" tabindex=\"0\" role=\"link\" href=\"https:\/\/web.facebook.com\/GKKorcula?__cft__[0]=AZXTbANiEqLJUMkVU_ZTwsGWF7L83hL1_HAw1QBp3RT-rRLg_BYKJqw1LfjBAAvPojOOn9h7Yd_XSEcjVTijB_aSxcTeikm_gpY7f2rMZ6qotbLo-1fH5LWMe_yz9s0pOeZ1mSE1r19ewrs1Ek2UpY5RNa7-8ICDfWhR9pXfAh67Rw&amp;__tn__=-]K-R\"><span class=\"xt0psk2\">Gradskoj knji\u017enici <em>Ivan Vidali<\/em><\/span><\/a><\/span> u sklopu programa obilje\u017eavanja manifestacije <span class=\"html-span xdj266r x11i5rnm xat24cr x1mh8g0r xexx8yu x4uap5 x18d9i69 xkhd6sd x1hl2dhg x16tdsg8 x1vvkbs\"><a class=\"x1i10hfl xjbqb8w x1ejq31n xd10rxx x1sy0etr x17r0tee x972fbf xcfux6l x1qhh985 xm0m39n x9f619 x1ypdohk xt0psk2 xe8uvvx xdj266r x11i5rnm xat24cr x1mh8g0r xexx8yu x4uap5 x18d9i69 xkhd6sd x16tdsg8 x1hl2dhg xggy1nq x1a2a7pz x1sur9pj xkrqix3 x1fey0fg x1s688f\" tabindex=\"0\" role=\"link\" href=\"https:\/\/web.facebook.com\/mjesechrvatskeknjige?__cft__[0]=AZXTbANiEqLJUMkVU_ZTwsGWF7L83hL1_HAw1QBp3RT-rRLg_BYKJqw1LfjBAAvPojOOn9h7Yd_XSEcjVTijB_aSxcTeikm_gpY7f2rMZ6qotbLo-1fH5LWMe_yz9s0pOeZ1mSE1r19ewrs1Ek2UpY5RNa7-8ICDfWhR9pXfAh67Rw&amp;__tn__=-]K-R\"><span class=\"xt0psk2\">Mjesec hrvatske knjige<\/span><\/a><\/span> gostovao jedan od naj\u010ditanijih i najprodavanijih doma\u0107ih pisaca, Jurica Pavi\u010di\u0107. Kor\u010dulanima je predstavljen njegov najnoviji roman \u017digice, jo\u0161 jedan odli\u010dan Pavi\u010di\u0107ev krimi\u0107, \u010dija pri\u010da nas vodi u srce Dalmacije, gdje se priroda i ljudska drama stapaju u jedinstvenu pripovijest. U razgovoru s autorom, o romanu je govorila Josipa Favro Kurtovi\u0107, prof. hrvatskog jezika i knji\u017eevnosti otkriv\u0161i nam okosnicu ove zanimljive pri\u010de koja je zaintrigirala \u010ditateljsku publiku.<\/div>\n<div dir=\"auto\">Bilo je zadovoljstvo ugostiti ih!<\/div>\n<\/div>\n<div class=\"x11i5rnm xat24cr x1mh8g0r x1vvkbs xtlvy1s x126k92a\">\n<div dir=\"auto\">Hvala svima koji su nam se i ovog petka pridru\u017eili u slavlju knjige i \u010ditanja!<\/div>\n<\/div>\n<div dir=\"auto\">Galeriju fotografija s doga\u0111anja pogledajte <a href=\"https:\/\/web.facebook.com\/GKKorcula\/posts\/pfbid0VKrqraCDx6jbkSQGmG6kyxuMNWgPiCGCsxVKgRR2WAEAUduCbhogKRyXrLafSuMVl\">ovdje<\/a>.<\/div>\n","protected":false},"excerpt":{"rendered":"<p>Ve\u010deras je u Gradskoj knji\u017enici Ivan Vidali u sklopu programa obilje\u017eavanja manifestacije Mjesec hrvatske knjige gostovao jedan od naj\u010ditanijih i najprodavanijih doma\u0107ih pisaca, Jurica Pavi\u010di\u0107. Kor\u010dulanima je predstavljen njegov najnoviji [&hellip;]<\/p>\n","protected":false},"author":3,"featured_media":1480,"comment_status":"closed","ping_status":"closed","sticky":false,"template":"","format":"standard","meta":{"_et_pb_use_builder":"","_et_pb_old_content":"","_et_gb_content_width":"","footnotes":""},"categories":[11],"tags":[],"class_list":["post-1479","post","type-post","status-publish","format-standard","has-post-thumbnail","hentry","category-aktualno"],"_links":{"self":[{"href":"https:\/\/gk-korcula.hr\/nova\/wp-json\/wp\/v2\/posts\/1479","targetHints":{"allow":["GET"]}}],"collection":[{"href":"https:\/\/gk-korcula.hr\/nova\/wp-json\/wp\/v2\/posts"}],"about":[{"href":"https:\/\/gk-korcula.hr\/nova\/wp-json\/wp\/v2\/types\/post"}],"author":[{"embeddable":true,"href":"https:\/\/gk-korcula.hr\/nova\/wp-json\/wp\/v2\/users\/3"}],"replies":[{"embeddable":true,"href":"https:\/\/gk-korcula.hr\/nova\/wp-json\/wp\/v2\/comments?post=1479"}],"version-history":[{"count":1,"href":"https:\/\/gk-korcula.hr\/nova\/wp-json\/wp\/v2\/posts\/1479\/revisions"}],"predecessor-version":[{"id":1481,"href":"https:\/\/gk-korcula.hr\/nova\/wp-json\/wp\/v2\/posts\/1479\/revisions\/1481"}],"wp:featuredmedia":[{"embeddable":true,"href":"https:\/\/gk-korcula.hr\/nova\/wp-json\/wp\/v2\/media\/1480"}],"wp:attachment":[{"href":"https:\/\/gk-korcula.hr\/nova\/wp-json\/wp\/v2\/media?parent=1479"}],"wp:term":[{"taxonomy":"category","embeddable":true,"href":"https:\/\/gk-korcula.hr\/nova\/wp-json\/wp\/v2\/categories?post=1479"},{"taxonomy":"post_tag","embeddable":true,"href":"https:\/\/gk-korcula.hr\/nova\/wp-json\/wp\/v2\/tags?post=1479"}],"curies":[{"name":"wp","href":"https:\/\/api.w.org\/{rel}","templated":true}]}}