{"id":1489,"date":"2024-10-28T13:22:06","date_gmt":"2024-10-28T12:22:06","guid":{"rendered":"https:\/\/gk-korcula.hr\/nova\/?p=1489"},"modified":"2024-11-07T13:24:35","modified_gmt":"2024-11-07T12:24:35","slug":"posjet-ucenika-osnovne-skole-blato-u-knjiznici","status":"publish","type":"post","link":"https:\/\/gk-korcula.hr\/nova\/posjet-ucenika-osnovne-skole-blato-u-knjiznici\/","title":{"rendered":"Posjet u\u010denika Osnovne \u0161kole Blato u knji\u017enici"},"content":{"rendered":"<div class=\"x11i5rnm xat24cr x1mh8g0r x1vvkbs xtlvy1s x126k92a\">\n<div dir=\"auto\">U petak smo ugostili u\u010denike drugog i petog razreda Osnovne \u0161kole Blato, \u010dlanove Likovne grupe, koji su do\u0161li u pratnji stru\u010dnih suradnica. Na\u0161i mali gosti s velikim su zanimanjem poslu\u0161ali pravila kori\u0161tenja knji\u017enice, te su pokazali izvrsno znanje.<\/div>\n<\/div>\n<div class=\"x11i5rnm xat24cr x1mh8g0r x1vvkbs xtlvy1s x126k92a\">\n<div dir=\"auto\">Nakon upoznavanja s knji\u017enicom, zajedno smo \u010ditali pjesme Ratka Zvrka, a posebno smo u\u017eivali u Grgi \u010cvarku, njihovoj omiljenoj lektiri. Djeca su s ponosom \u010ditala naglas, a svi smo pa\u017eljivo slu\u0161ali i u\u017eivali u zgodama i nezgodama nesta\u0161nog Grge.<\/div>\n<\/div>\n<div class=\"x11i5rnm xat24cr x1mh8g0r x1vvkbs xtlvy1s x126k92a\">\n<div dir=\"auto\">Na kraju smo kreativno izra\u017eavali dojmove kroz bojenje i crtanje. Bilo nam je iznimno drago ugostiti ove male ljubitelje knjiga i radujemo se budu\u0107im susretima! <span class=\"html-span xexx8yu x4uap5 x18d9i69 xkhd6sd x1hl2dhg x16tdsg8 x1vvkbs x3nfvp2 x1j61x8r x1fcty0u xdj266r xat24cr xgzva0m xhhsvwb xxymvpz xlup9mm x1kky2od\"><img decoding=\"async\" class=\"xz74otr\" src=\"https:\/\/static.xx.fbcdn.net\/images\/emoji.php\/v9\/tb9\/1\/16\/1f58d.png\" alt=\"\ud83d\udd8d\ufe0f\" width=\"16\" height=\"16\" \/><\/span><span class=\"html-span xexx8yu x4uap5 x18d9i69 xkhd6sd x1hl2dhg x16tdsg8 x1vvkbs x3nfvp2 x1j61x8r x1fcty0u xdj266r xat24cr xgzva0m xhhsvwb xxymvpz xlup9mm x1kky2od\"><img decoding=\"async\" class=\"xz74otr\" src=\"https:\/\/static.xx.fbcdn.net\/images\/emoji.php\/v9\/t9e\/1\/16\/1f4d6.png\" alt=\"\ud83d\udcd6\" width=\"16\" height=\"16\" \/><\/span><\/div>\n<\/div>\n<div class=\"x11i5rnm xat24cr x1mh8g0r x1vvkbs xtlvy1s x126k92a\">\n<div dir=\"auto\">Vidimo se uskoro!<\/div>\n<\/div>\n<div dir=\"auto\">Fotogaleriju pogledajte <a href=\"https:\/\/www.facebook.com\/GKKorcula\/posts\/pfbid02Q9eXTDQKhrEQRfYoPHANpFGEDoXWKSRHsJ81u1xq3MTVWYxKxTUycNKXu2tSF3Ssl\">ovdje<\/a>.<\/div>\n","protected":false},"excerpt":{"rendered":"<p>U petak smo ugostili u\u010denike drugog i petog razreda Osnovne \u0161kole Blato, \u010dlanove Likovne grupe, koji su do\u0161li u pratnji stru\u010dnih suradnica. Na\u0161i mali gosti s velikim su zanimanjem poslu\u0161ali [&hellip;]<\/p>\n","protected":false},"author":3,"featured_media":1490,"comment_status":"closed","ping_status":"closed","sticky":false,"template":"","format":"standard","meta":{"_et_pb_use_builder":"","_et_pb_old_content":"","_et_gb_content_width":"","footnotes":""},"categories":[11],"tags":[],"class_list":["post-1489","post","type-post","status-publish","format-standard","has-post-thumbnail","hentry","category-aktualno"],"_links":{"self":[{"href":"https:\/\/gk-korcula.hr\/nova\/wp-json\/wp\/v2\/posts\/1489","targetHints":{"allow":["GET"]}}],"collection":[{"href":"https:\/\/gk-korcula.hr\/nova\/wp-json\/wp\/v2\/posts"}],"about":[{"href":"https:\/\/gk-korcula.hr\/nova\/wp-json\/wp\/v2\/types\/post"}],"author":[{"embeddable":true,"href":"https:\/\/gk-korcula.hr\/nova\/wp-json\/wp\/v2\/users\/3"}],"replies":[{"embeddable":true,"href":"https:\/\/gk-korcula.hr\/nova\/wp-json\/wp\/v2\/comments?post=1489"}],"version-history":[{"count":1,"href":"https:\/\/gk-korcula.hr\/nova\/wp-json\/wp\/v2\/posts\/1489\/revisions"}],"predecessor-version":[{"id":1491,"href":"https:\/\/gk-korcula.hr\/nova\/wp-json\/wp\/v2\/posts\/1489\/revisions\/1491"}],"wp:featuredmedia":[{"embeddable":true,"href":"https:\/\/gk-korcula.hr\/nova\/wp-json\/wp\/v2\/media\/1490"}],"wp:attachment":[{"href":"https:\/\/gk-korcula.hr\/nova\/wp-json\/wp\/v2\/media?parent=1489"}],"wp:term":[{"taxonomy":"category","embeddable":true,"href":"https:\/\/gk-korcula.hr\/nova\/wp-json\/wp\/v2\/categories?post=1489"},{"taxonomy":"post_tag","embeddable":true,"href":"https:\/\/gk-korcula.hr\/nova\/wp-json\/wp\/v2\/tags?post=1489"}],"curies":[{"name":"wp","href":"https:\/\/api.w.org\/{rel}","templated":true}]}}