{"id":1495,"date":"2024-11-07T13:28:28","date_gmt":"2024-11-07T12:28:28","guid":{"rendered":"https:\/\/gk-korcula.hr\/nova\/?p=1495"},"modified":"2024-11-07T13:28:28","modified_gmt":"2024-11-07T12:28:28","slug":"pricaj-mi-u-drustvu-s-ivanom-brlic-mazuranic","status":"publish","type":"post","link":"https:\/\/gk-korcula.hr\/nova\/pricaj-mi-u-drustvu-s-ivanom-brlic-mazuranic\/","title":{"rendered":"Pri\u010daj mi&#8230; U dru\u0161tvu s Ivanom Brli\u0107-Ma\u017eurani\u0107"},"content":{"rendered":"<div class=\"x11i5rnm xat24cr x1mh8g0r x1vvkbs xtlvy1s x126k92a\">\n<div dir=\"auto\">Danas su nas posjetili u\u010denici petog razreda Osnovne \u0161kole Blato sa svojim profesoricama Ivanom i Silvijom. U povodu 150. obljetnice ro\u0111enja knji\u017eevnice Ivane Brli\u0107-Ma\u017eurani\u0107, proveli smo inspirativno jutro u knji\u017enici i kroz zanimljivu prezentaciju upoznali \u010daroban svijet velike hrvatske spisateljice. Istra\u017eili smo njen \u017eivot i knji\u017eevno stvarala\u0161tvo i \u010ditali poglavlje iz &#8220;\u0160ume Striborove&#8221; koje nas je dodatno povezalo s bezvremenskom magijom njenih pri\u010da.<\/div>\n<div dir=\"auto\">Na kraju smo testirali svoje znanje u kvizu, gdje su u\u010denici pokazali izvanredno znanje i suradnju! <span class=\"html-span xexx8yu x4uap5 x18d9i69 xkhd6sd x1hl2dhg x16tdsg8 x1vvkbs x3nfvp2 x1j61x8r x1fcty0u xdj266r xat24cr xgzva0m xhhsvwb xxymvpz xlup9mm x1kky2od\"><img decoding=\"async\" class=\"xz74otr\" src=\"https:\/\/static.xx.fbcdn.net\/images\/emoji.php\/v9\/tfe\/1\/16\/1f44f.png\" alt=\"\ud83d\udc4f\" width=\"16\" height=\"16\" \/><\/span><\/div>\n<\/div>\n<div class=\"x11i5rnm xat24cr x1mh8g0r x1vvkbs xtlvy1s x126k92a\">\n<div dir=\"auto\">Bilo nam je veliko zadovoljstvo ugostiti ih, i veselimo se budu\u0107im susretima!<\/div>\n<div dir=\"auto\">Fotogaleriju s doga\u0111anja pogledajte <a href=\"https:\/\/www.facebook.com\/GKKorcula\/posts\/pfbid02CyNo8BJ8uASkqzY4wR6417YwQ1ZBgq9vRKMbG7agNiQcJj5TPUsd1mUT2X75XKfLl\">ovdje<\/a>.<\/div>\n<\/div>\n","protected":false},"excerpt":{"rendered":"<p>Danas su nas posjetili u\u010denici petog razreda Osnovne \u0161kole Blato sa svojim profesoricama Ivanom i Silvijom. U povodu 150. obljetnice ro\u0111enja knji\u017eevnice Ivane Brli\u0107-Ma\u017eurani\u0107, proveli smo inspirativno jutro u knji\u017enici [&hellip;]<\/p>\n","protected":false},"author":3,"featured_media":1496,"comment_status":"closed","ping_status":"closed","sticky":false,"template":"","format":"standard","meta":{"_et_pb_use_builder":"","_et_pb_old_content":"","_et_gb_content_width":"","footnotes":""},"categories":[11],"tags":[],"class_list":["post-1495","post","type-post","status-publish","format-standard","has-post-thumbnail","hentry","category-aktualno"],"_links":{"self":[{"href":"https:\/\/gk-korcula.hr\/nova\/wp-json\/wp\/v2\/posts\/1495","targetHints":{"allow":["GET"]}}],"collection":[{"href":"https:\/\/gk-korcula.hr\/nova\/wp-json\/wp\/v2\/posts"}],"about":[{"href":"https:\/\/gk-korcula.hr\/nova\/wp-json\/wp\/v2\/types\/post"}],"author":[{"embeddable":true,"href":"https:\/\/gk-korcula.hr\/nova\/wp-json\/wp\/v2\/users\/3"}],"replies":[{"embeddable":true,"href":"https:\/\/gk-korcula.hr\/nova\/wp-json\/wp\/v2\/comments?post=1495"}],"version-history":[{"count":1,"href":"https:\/\/gk-korcula.hr\/nova\/wp-json\/wp\/v2\/posts\/1495\/revisions"}],"predecessor-version":[{"id":1497,"href":"https:\/\/gk-korcula.hr\/nova\/wp-json\/wp\/v2\/posts\/1495\/revisions\/1497"}],"wp:featuredmedia":[{"embeddable":true,"href":"https:\/\/gk-korcula.hr\/nova\/wp-json\/wp\/v2\/media\/1496"}],"wp:attachment":[{"href":"https:\/\/gk-korcula.hr\/nova\/wp-json\/wp\/v2\/media?parent=1495"}],"wp:term":[{"taxonomy":"category","embeddable":true,"href":"https:\/\/gk-korcula.hr\/nova\/wp-json\/wp\/v2\/categories?post=1495"},{"taxonomy":"post_tag","embeddable":true,"href":"https:\/\/gk-korcula.hr\/nova\/wp-json\/wp\/v2\/tags?post=1495"}],"curies":[{"name":"wp","href":"https:\/\/api.w.org\/{rel}","templated":true}]}}