{"id":1498,"date":"2024-11-07T13:31:17","date_gmt":"2024-11-07T12:31:17","guid":{"rendered":"https:\/\/gk-korcula.hr\/nova\/?p=1498"},"modified":"2024-11-07T13:31:17","modified_gmt":"2024-11-07T12:31:17","slug":"dodjela-nagrada-za-ljetni-djecji-citateljski-izazov","status":"publish","type":"post","link":"https:\/\/gk-korcula.hr\/nova\/dodjela-nagrada-za-ljetni-djecji-citateljski-izazov\/","title":{"rendered":"Dodjela nagrada za Ljetni dje\u010dji \u010ditateljski izazov!"},"content":{"rendered":"<div class=\"x11i5rnm xat24cr x1mh8g0r x1vvkbs xtlvy1s x126k92a\">\n<div dir=\"auto\"><span class=\"html-span xexx8yu x4uap5 x18d9i69 xkhd6sd x1hl2dhg x16tdsg8 x1vvkbs x3nfvp2 x1j61x8r x1fcty0u xdj266r xat24cr xgzva0m xhhsvwb xxymvpz xlup9mm x1kky2od\"><img decoding=\"async\" class=\"xz74otr\" src=\"https:\/\/static.xx.fbcdn.net\/images\/emoji.php\/v9\/t49\/1\/16\/1f4da.png\" alt=\"\ud83d\udcda\" width=\"16\" height=\"16\" \/><\/span> U utorak, 30. listopada u na\u0161oj je knji\u017enici odr\u017eana sve\u010dana dodjela nagrada sudionicima Ljetnog dje\u010djeg \u010ditateljskog izazova za 2024. godinu! <span class=\"html-span xexx8yu x4uap5 x18d9i69 xkhd6sd x1hl2dhg x16tdsg8 x1vvkbs x3nfvp2 x1j61x8r x1fcty0u xdj266r xat24cr xgzva0m xhhsvwb xxymvpz xlup9mm x1kky2od\"><img decoding=\"async\" class=\"xz74otr\" src=\"https:\/\/static.xx.fbcdn.net\/images\/emoji.php\/v9\/tbe\/1\/16\/1f3c6.png\" alt=\"\ud83c\udfc6\" width=\"16\" height=\"16\" \/><\/span>, koji se odr\u017eava s ciljem poticanja \u010ditanja za djecu i mlade.<\/div>\n<div dir=\"auto\">Ovogodi\u0161nji izazov bio je namijenjen za mla\u0111u skupinu (1. do 4. razred) i za stariju (5. do 8. razred), s posebno odabranim popisima preporu\u010denih knjiga, romana i serijala. Svaka pro\u010ditana knjiga donosila je odre\u0111eni broj bodova, a djeca s najvi\u0161e prikupljenih bodova nagra\u0111ena su za svoj trud i ljubav prema \u010ditanju. <span class=\"html-span xexx8yu x4uap5 x18d9i69 xkhd6sd x1hl2dhg x16tdsg8 x1vvkbs x3nfvp2 x1j61x8r x1fcty0u xdj266r xat24cr xgzva0m xhhsvwb xxymvpz xlup9mm x1kky2od\"><img decoding=\"async\" class=\"xz74otr\" src=\"https:\/\/static.xx.fbcdn.net\/images\/emoji.php\/v9\/te0\/1\/16\/1f31f.png\" alt=\"\ud83c\udf1f\" width=\"16\" height=\"16\" \/><\/span><\/div>\n<\/div>\n<div class=\"x11i5rnm xat24cr x1mh8g0r x1vvkbs xtlvy1s x126k92a\">\n<div dir=\"auto\">Rezultatii: <span class=\"html-span xexx8yu x4uap5 x18d9i69 xkhd6sd x1hl2dhg x16tdsg8 x1vvkbs x3nfvp2 x1j61x8r x1fcty0u xdj266r xat24cr xgzva0m xhhsvwb xxymvpz xlup9mm x1kky2od\"><img decoding=\"async\" class=\"xz74otr\" src=\"https:\/\/static.xx.fbcdn.net\/images\/emoji.php\/v9\/t9e\/1\/16\/1f4d6.png\" alt=\"\ud83d\udcd6\" width=\"16\" height=\"16\" \/><\/span> U skupini 1. do 4. razreda sudjelovalo je 14 djece (7-10 godina) koja su pro\u010ditala ukupno 314 knjiga i skupila 3.087 bodova! <span class=\"html-span xexx8yu x4uap5 x18d9i69 xkhd6sd x1hl2dhg x16tdsg8 x1vvkbs x3nfvp2 x1j61x8r x1fcty0u xdj266r xat24cr xgzva0m xhhsvwb xxymvpz xlup9mm x1kky2od\"><img decoding=\"async\" class=\"xz74otr\" src=\"https:\/\/static.xx.fbcdn.net\/images\/emoji.php\/v9\/t9e\/1\/16\/1f4d6.png\" alt=\"\ud83d\udcd6\" width=\"16\" height=\"16\" \/><\/span> U skupini 5. do 8. razreda sudjelovalo je 5 djece (12-13 godina), s pro\u010ditanih 82 knjige i prikupljenih 984 boda!<\/div>\n<\/div>\n<div class=\"x11i5rnm xat24cr x1mh8g0r x1vvkbs xtlvy1s x126k92a\">\n<div dir=\"auto\">Na\u0161i naj\u010dita\u010di: Matija, Jakov, Matij, Antonio, \u0160piro, Hrvoje, Ema C., Dea, Ema B., Katja, Luca, Karla, Toni, Nika, Roko, Lotta, Patrick, Andrea, Josip i Iris dokazali su koliko \u010ditanje mo\u017ee biti zabavno i vrijedno. <span class=\"html-span xexx8yu x4uap5 x18d9i69 xkhd6sd x1hl2dhg x16tdsg8 x1vvkbs x3nfvp2 x1j61x8r x1fcty0u xdj266r xat24cr xgzva0m xhhsvwb xxymvpz xlup9mm x1kky2od\"><img decoding=\"async\" class=\"xz74otr\" src=\"https:\/\/static.xx.fbcdn.net\/images\/emoji.php\/v9\/ted\/1\/16\/1f4ab.png\" alt=\"\ud83d\udcab\" width=\"16\" height=\"16\" \/><\/span><\/div>\n<\/div>\n<div class=\"x11i5rnm xat24cr x1mh8g0r x1vvkbs xtlvy1s x126k92a\">\n<div dir=\"auto\">\u010cestitamo im na postignu\u0107u i \u017eelimo da i dalje pronalaze radost u svijetu knjiga! <span class=\"html-span xexx8yu x4uap5 x18d9i69 xkhd6sd x1hl2dhg x16tdsg8 x1vvkbs x3nfvp2 x1j61x8r x1fcty0u xdj266r xat24cr xgzva0m xhhsvwb xxymvpz xlup9mm x1kky2od\"><img decoding=\"async\" class=\"xz74otr\" src=\"https:\/\/static.xx.fbcdn.net\/images\/emoji.php\/v9\/t49\/1\/16\/1f4da.png\" alt=\"\ud83d\udcda\" width=\"16\" height=\"16\" \/><\/span><span class=\"html-span xexx8yu x4uap5 x18d9i69 xkhd6sd x1hl2dhg x16tdsg8 x1vvkbs x3nfvp2 x1j61x8r x1fcty0u xdj266r xat24cr xgzva0m xhhsvwb xxymvpz xlup9mm x1kky2od\"><img decoding=\"async\" class=\"xz74otr\" src=\"https:\/\/static.xx.fbcdn.net\/images\/emoji.php\/v9\/te9\/1\/16\/1f496.png\" alt=\"\ud83d\udc96\" width=\"16\" height=\"16\" \/><\/span><\/div>\n<\/div>\n<div dir=\"auto\">Fotografije s dodjele mo\u017eete pogledati <a href=\"https:\/\/www.facebook.com\/GKKorcula\/posts\/pfbid02vhoLnfr6WxxNQgP7B6nZwWo1xNeu5x8nZdJUTtSVUJHvgaLN7PcpuLdd7cx56KQgl\">ovdje<\/a>!<\/div>\n","protected":false},"excerpt":{"rendered":"<p>U utorak, 30. listopada u na\u0161oj je knji\u017enici odr\u017eana sve\u010dana dodjela nagrada sudionicima Ljetnog dje\u010djeg \u010ditateljskog izazova za 2024. godinu! , koji se odr\u017eava s ciljem poticanja \u010ditanja za djecu [&hellip;]<\/p>\n","protected":false},"author":3,"featured_media":1499,"comment_status":"closed","ping_status":"closed","sticky":false,"template":"","format":"standard","meta":{"_et_pb_use_builder":"","_et_pb_old_content":"","_et_gb_content_width":"","footnotes":""},"categories":[11],"tags":[],"class_list":["post-1498","post","type-post","status-publish","format-standard","has-post-thumbnail","hentry","category-aktualno"],"_links":{"self":[{"href":"https:\/\/gk-korcula.hr\/nova\/wp-json\/wp\/v2\/posts\/1498","targetHints":{"allow":["GET"]}}],"collection":[{"href":"https:\/\/gk-korcula.hr\/nova\/wp-json\/wp\/v2\/posts"}],"about":[{"href":"https:\/\/gk-korcula.hr\/nova\/wp-json\/wp\/v2\/types\/post"}],"author":[{"embeddable":true,"href":"https:\/\/gk-korcula.hr\/nova\/wp-json\/wp\/v2\/users\/3"}],"replies":[{"embeddable":true,"href":"https:\/\/gk-korcula.hr\/nova\/wp-json\/wp\/v2\/comments?post=1498"}],"version-history":[{"count":1,"href":"https:\/\/gk-korcula.hr\/nova\/wp-json\/wp\/v2\/posts\/1498\/revisions"}],"predecessor-version":[{"id":1500,"href":"https:\/\/gk-korcula.hr\/nova\/wp-json\/wp\/v2\/posts\/1498\/revisions\/1500"}],"wp:featuredmedia":[{"embeddable":true,"href":"https:\/\/gk-korcula.hr\/nova\/wp-json\/wp\/v2\/media\/1499"}],"wp:attachment":[{"href":"https:\/\/gk-korcula.hr\/nova\/wp-json\/wp\/v2\/media?parent=1498"}],"wp:term":[{"taxonomy":"category","embeddable":true,"href":"https:\/\/gk-korcula.hr\/nova\/wp-json\/wp\/v2\/categories?post=1498"},{"taxonomy":"post_tag","embeddable":true,"href":"https:\/\/gk-korcula.hr\/nova\/wp-json\/wp\/v2\/tags?post=1498"}],"curies":[{"name":"wp","href":"https:\/\/api.w.org\/{rel}","templated":true}]}}