{"id":1501,"date":"2024-11-07T13:34:01","date_gmt":"2024-11-07T12:34:01","guid":{"rendered":"https:\/\/gk-korcula.hr\/nova\/?p=1501"},"modified":"2024-11-07T13:34:01","modified_gmt":"2024-11-07T12:34:01","slug":"lumbarajski-prvasici-u-knjiznici","status":"publish","type":"post","link":"https:\/\/gk-korcula.hr\/nova\/lumbarajski-prvasici-u-knjiznici\/","title":{"rendered":"Lumbarajski prva\u0161i\u0107i u knji\u017enici!"},"content":{"rendered":"<div class=\"x11i5rnm xat24cr x1mh8g0r x1vvkbs xtlvy1s x126k92a\">\n<div dir=\"auto\">U \u010detvrtak, 31. listopada u <span class=\"html-span xdj266r x11i5rnm xat24cr x1mh8g0r xexx8yu x4uap5 x18d9i69 xkhd6sd x1hl2dhg x16tdsg8 x1vvkbs\"><a class=\"x1i10hfl xjbqb8w x1ejq31n xd10rxx x1sy0etr x17r0tee x972fbf xcfux6l x1qhh985 xm0m39n x9f619 x1ypdohk xt0psk2 xe8uvvx xdj266r x11i5rnm xat24cr x1mh8g0r xexx8yu x4uap5 x18d9i69 xkhd6sd x16tdsg8 x1hl2dhg xggy1nq x1a2a7pz x1sur9pj xkrqix3 x1fey0fg x1s688f\" tabindex=\"0\" role=\"link\" href=\"https:\/\/www.facebook.com\/GKKorcula?__cft__[0]=AZUJKZwDU6cfnHZEzIiNyHWIj6QUAKEnb8t3x1081j5dRVlbZKC2BdFDbzgS0z5ee_GvBfMkLOWouVWnj6t08bqXW5Z8yo1HYIr2ltTwJQfARK2Nq2oFAyPlF7iytX-uabjD4DzIQSDE9tqFhJB0pz8eom8NdIhz45iqR7pP8n9evj344uNyS8Pmea2BK6h5FqY&amp;__tn__=-]K-R\"><span class=\"xt0psk2\">Gradskoj knji\u017enici Ivan Vidali<\/span><\/a><\/span> ugostili smo u\u010denike prvog razreda Podru\u010dne \u0161kole Lumbarda! U pratnji svog u\u010ditelja, mali\u0161ani su nas posjetili kako bi nau\u010dili o knji\u017enici, njenim zbirkama i uslugama.<\/div>\n<\/div>\n<div class=\"x11i5rnm xat24cr x1mh8g0r x1vvkbs xtlvy1s x126k92a\">\n<div dir=\"auto\"><span class=\"html-span xexx8yu x4uap5 x18d9i69 xkhd6sd x1hl2dhg x16tdsg8 x1vvkbs x3nfvp2 x1j61x8r x1fcty0u xdj266r xat24cr xgzva0m xhhsvwb xxymvpz xlup9mm x1kky2od\"><img decoding=\"async\" class=\"xz74otr\" src=\"https:\/\/static.xx.fbcdn.net\/images\/emoji.php\/v9\/tfe\/1\/16\/1f44f.png\" alt=\"\ud83d\udc4f\" width=\"16\" height=\"16\" \/><\/span> S odu\u0161evljenjem su sve poslu\u0161ali, a uzbu\u0111enje je bilo jo\u0161 ve\u0107e kad smo im u sklopu akcije besplatnog upisa u <span class=\"html-span xdj266r x11i5rnm xat24cr x1mh8g0r xexx8yu x4uap5 x18d9i69 xkhd6sd x1hl2dhg x16tdsg8 x1vvkbs\"><a class=\"x1i10hfl xjbqb8w x1ejq31n xd10rxx x1sy0etr x17r0tee x972fbf xcfux6l x1qhh985 xm0m39n x9f619 x1ypdohk xt0psk2 xe8uvvx xdj266r x11i5rnm xat24cr x1mh8g0r xexx8yu x4uap5 x18d9i69 xkhd6sd x16tdsg8 x1hl2dhg xggy1nq x1a2a7pz x1sur9pj xkrqix3 x1fey0fg x1s688f\" tabindex=\"0\" role=\"link\" href=\"https:\/\/www.facebook.com\/mjesechrvatskeknjige?__cft__[0]=AZUJKZwDU6cfnHZEzIiNyHWIj6QUAKEnb8t3x1081j5dRVlbZKC2BdFDbzgS0z5ee_GvBfMkLOWouVWnj6t08bqXW5Z8yo1HYIr2ltTwJQfARK2Nq2oFAyPlF7iytX-uabjD4DzIQSDE9tqFhJB0pz8eom8NdIhz45iqR7pP8n9evj344uNyS8Pmea2BK6h5FqY&amp;__tn__=-]K-R\"><span class=\"xt0psk2\">Mjesecu hrvatske knjige<\/span><\/a><\/span> podijelili prve \u010dlanske iskaznice koje su odmah iskoristili za posudbu knjiga.<\/div>\n<\/div>\n<div class=\"x11i5rnm xat24cr x1mh8g0r x1vvkbs xtlvy1s x126k92a\">\n<div dir=\"auto\"><span class=\"html-span xexx8yu x4uap5 x18d9i69 xkhd6sd x1hl2dhg x16tdsg8 x1vvkbs x3nfvp2 x1j61x8r x1fcty0u xdj266r xat24cr xgzva0m xhhsvwb xxymvpz xlup9mm x1kky2od\"><img decoding=\"async\" class=\"xz74otr\" src=\"https:\/\/static.xx.fbcdn.net\/images\/emoji.php\/v9\/t8c\/1\/16\/1f389.png\" alt=\"\ud83c\udf89\" width=\"16\" height=\"16\" \/><\/span> \u017delimo im puno uspjeha u \u0161koli i radujemo se svakom sljede\u0107em susretu u knji\u017enici!<\/div>\n<\/div>\n<div dir=\"auto\">Fotogaleriju pogledajte <a href=\"https:\/\/www.facebook.com\/GKKorcula\/posts\/pfbid09Q6a2ji4HbHDxCCs9vQqQQHMtFjC7v2VDt1EztCCaVoeGgVCUTbrLMZaRaRSFMqwlhttps:\/\/www.facebook.com\/GKKorcula\/posts\/pfbid09Q6a2ji4HbHDxCCs9vQqQQHMtFjC7v2VDt1EztCCaVoeGgVCUTbrLMZaRaRSFMqwl\">ovdje<\/a>.<\/div>\n","protected":false},"excerpt":{"rendered":"<p>U \u010detvrtak, 31. listopada u Gradskoj knji\u017enici Ivan Vidali ugostili smo u\u010denike prvog razreda Podru\u010dne \u0161kole Lumbarda! U pratnji svog u\u010ditelja, mali\u0161ani su nas posjetili kako bi nau\u010dili o knji\u017enici, [&hellip;]<\/p>\n","protected":false},"author":3,"featured_media":1502,"comment_status":"closed","ping_status":"closed","sticky":false,"template":"","format":"standard","meta":{"_et_pb_use_builder":"","_et_pb_old_content":"","_et_gb_content_width":"","footnotes":""},"categories":[11],"tags":[],"class_list":["post-1501","post","type-post","status-publish","format-standard","has-post-thumbnail","hentry","category-aktualno"],"_links":{"self":[{"href":"https:\/\/gk-korcula.hr\/nova\/wp-json\/wp\/v2\/posts\/1501","targetHints":{"allow":["GET"]}}],"collection":[{"href":"https:\/\/gk-korcula.hr\/nova\/wp-json\/wp\/v2\/posts"}],"about":[{"href":"https:\/\/gk-korcula.hr\/nova\/wp-json\/wp\/v2\/types\/post"}],"author":[{"embeddable":true,"href":"https:\/\/gk-korcula.hr\/nova\/wp-json\/wp\/v2\/users\/3"}],"replies":[{"embeddable":true,"href":"https:\/\/gk-korcula.hr\/nova\/wp-json\/wp\/v2\/comments?post=1501"}],"version-history":[{"count":1,"href":"https:\/\/gk-korcula.hr\/nova\/wp-json\/wp\/v2\/posts\/1501\/revisions"}],"predecessor-version":[{"id":1503,"href":"https:\/\/gk-korcula.hr\/nova\/wp-json\/wp\/v2\/posts\/1501\/revisions\/1503"}],"wp:featuredmedia":[{"embeddable":true,"href":"https:\/\/gk-korcula.hr\/nova\/wp-json\/wp\/v2\/media\/1502"}],"wp:attachment":[{"href":"https:\/\/gk-korcula.hr\/nova\/wp-json\/wp\/v2\/media?parent=1501"}],"wp:term":[{"taxonomy":"category","embeddable":true,"href":"https:\/\/gk-korcula.hr\/nova\/wp-json\/wp\/v2\/categories?post=1501"},{"taxonomy":"post_tag","embeddable":true,"href":"https:\/\/gk-korcula.hr\/nova\/wp-json\/wp\/v2\/tags?post=1501"}],"curies":[{"name":"wp","href":"https:\/\/api.w.org\/{rel}","templated":true}]}}