{"id":1504,"date":"2024-11-07T13:35:51","date_gmt":"2024-11-07T12:35:51","guid":{"rendered":"https:\/\/gk-korcula.hr\/nova\/?p=1504"},"modified":"2024-11-07T13:35:51","modified_gmt":"2024-11-07T12:35:51","slug":"lektira-u-knjiznici","status":"publish","type":"post","link":"https:\/\/gk-korcula.hr\/nova\/lektira-u-knjiznici\/","title":{"rendered":"Lektira u knjiznici"},"content":{"rendered":"<div class=\"x11i5rnm xat24cr x1mh8g0r x1vvkbs xtlvy1s x126k92a\">\n<div dir=\"auto\">U <span class=\"html-span xdj266r x11i5rnm xat24cr x1mh8g0r xexx8yu x4uap5 x18d9i69 xkhd6sd x1hl2dhg x16tdsg8 x1vvkbs\"><a class=\"x1i10hfl xjbqb8w x1ejq31n xd10rxx x1sy0etr x17r0tee x972fbf xcfux6l x1qhh985 xm0m39n x9f619 x1ypdohk xt0psk2 xe8uvvx xdj266r x11i5rnm xat24cr x1mh8g0r xexx8yu x4uap5 x18d9i69 xkhd6sd x16tdsg8 x1hl2dhg xggy1nq x1a2a7pz x1sur9pj xkrqix3 x1fey0fg x1s688f\" tabindex=\"0\" role=\"link\" href=\"https:\/\/www.facebook.com\/mjesechrvatskeknjige?__cft__[0]=AZVhiqAU5Emr9zbLb8S7fj5SvcLTagpf7yMe5gLZSMNtQOO1v5WRH4to6FSXIfO8iJ4gh_rTj6emWixW5kzmerV5dsUChj9X4xO8buHh2F4LG-t5Iv291dnxeGOjsWvQMHmReSxzJembQRH2EH3lQJhgkqCLR7kC4e7Hoqe5a76OwFABwSiVabQ683yu2MZj5mI&amp;__tn__=-]K-R\"><span class=\"xt0psk2\">Mjesecu hrvatske knjige<\/span><\/a><\/span> posebno se radujemo susretima s u\u010denicima <span class=\"html-span xdj266r x11i5rnm xat24cr x1mh8g0r xexx8yu x4uap5 x18d9i69 xkhd6sd x1hl2dhg x16tdsg8 x1vvkbs\"><a class=\"x1i10hfl xjbqb8w x1ejq31n xd10rxx x1sy0etr x17r0tee x972fbf xcfux6l x1qhh985 xm0m39n x9f619 x1ypdohk xt0psk2 xe8uvvx xdj266r x11i5rnm xat24cr x1mh8g0r xexx8yu x4uap5 x18d9i69 xkhd6sd x16tdsg8 x1hl2dhg xggy1nq x1a2a7pz x1sur9pj xkrqix3 x1fey0fg x1s688f\" tabindex=\"0\" role=\"link\" href=\"https:\/\/www.facebook.com\/profile.php?id=61565732390375&amp;__cft__[0]=AZVhiqAU5Emr9zbLb8S7fj5SvcLTagpf7yMe5gLZSMNtQOO1v5WRH4to6FSXIfO8iJ4gh_rTj6emWixW5kzmerV5dsUChj9X4xO8buHh2F4LG-t5Iv291dnxeGOjsWvQMHmReSxzJembQRH2EH3lQJhgkqCLR7kC4e7Hoqe5a76OwFABwSiVabQ683yu2MZj5mI&amp;__tn__=-]K-R\"><span class=\"xt0psk2\">O\u0160 Petra Kanaveli\u0107a Kor\u010dula<\/span><\/a><\/span>. Ovaj put su nas posjetili u\u010denici \u010detvrtog razreda u pratnji svoje u\u010diteljice Meri Amadeo kako bi, nakon \u0161to su pro\u010ditali lektiru, pogledali ekranizaciju poznatog knji\u017eevnog djela &#8220;Dru\u017eba Pere Kvr\u017eice&#8221; Mato Lovraka, u re\u017eiji Vladimira Tadeja iz 1970. godine.<\/div>\n<\/div>\n<div class=\"x11i5rnm xat24cr x1mh8g0r x1vvkbs xtlvy1s x126k92a\">\n<div dir=\"auto\"><span class=\"html-span xexx8yu x4uap5 x18d9i69 xkhd6sd x1hl2dhg x16tdsg8 x1vvkbs x3nfvp2 x1j61x8r x1fcty0u xdj266r xat24cr xgzva0m xhhsvwb xxymvpz xlup9mm x1kky2od\"><img decoding=\"async\" class=\"xz74otr\" src=\"https:\/\/static.xx.fbcdn.net\/images\/emoji.php\/v9\/t9e\/1\/16\/1f4d6.png\" alt=\"\ud83d\udcd6\" width=\"16\" height=\"16\" \/><\/span> U\u010denici su pa\u017eljivo pratili film, bilje\u017ee\u0107i razlike izme\u0111u pro\u010ditanog romana i njegove filmske verzije, \u0161to je rezultiralo vrlo zanimljivom diskusijom.<\/div>\n<\/div>\n<div class=\"x11i5rnm xat24cr x1mh8g0r x1vvkbs xtlvy1s x126k92a\">\n<div dir=\"auto\"><span class=\"html-span xexx8yu x4uap5 x18d9i69 xkhd6sd x1hl2dhg x16tdsg8 x1vvkbs x3nfvp2 x1j61x8r x1fcty0u xdj266r xat24cr xgzva0m xhhsvwb xxymvpz xlup9mm x1kky2od\"><img decoding=\"async\" class=\"xz74otr\" src=\"https:\/\/static.xx.fbcdn.net\/images\/emoji.php\/v9\/te0\/1\/16\/1f31f.png\" alt=\"\ud83c\udf1f\" width=\"16\" height=\"16\" \/><\/span> \u010cestitamo na trudu i rezultatima i veselimo se budu\u0107im susretima i daljnjem istra\u017eivanju svijeta knji\u017eevnosti zajedno!<\/div>\n<\/div>\n<div dir=\"auto\">Fotogaleriju pogledajte <a href=\"https:\/\/www.facebook.com\/GKKorcula\/posts\/pfbid0wHsh8Ms3SXh1DeQhKo6MUH4PRJSUrxHbCFZ97pShxaSBAFBKBBjeKoAurKRGrQMQl\">ovdje<\/a>!<\/div>\n","protected":false},"excerpt":{"rendered":"<p>U Mjesecu hrvatske knjige posebno se radujemo susretima s u\u010denicima O\u0160 Petra Kanaveli\u0107a Kor\u010dula. Ovaj put su nas posjetili u\u010denici \u010detvrtog razreda u pratnji svoje u\u010diteljice Meri Amadeo kako bi, [&hellip;]<\/p>\n","protected":false},"author":3,"featured_media":1505,"comment_status":"closed","ping_status":"closed","sticky":false,"template":"","format":"standard","meta":{"_et_pb_use_builder":"","_et_pb_old_content":"","_et_gb_content_width":"","footnotes":""},"categories":[11],"tags":[],"class_list":["post-1504","post","type-post","status-publish","format-standard","has-post-thumbnail","hentry","category-aktualno"],"_links":{"self":[{"href":"https:\/\/gk-korcula.hr\/nova\/wp-json\/wp\/v2\/posts\/1504","targetHints":{"allow":["GET"]}}],"collection":[{"href":"https:\/\/gk-korcula.hr\/nova\/wp-json\/wp\/v2\/posts"}],"about":[{"href":"https:\/\/gk-korcula.hr\/nova\/wp-json\/wp\/v2\/types\/post"}],"author":[{"embeddable":true,"href":"https:\/\/gk-korcula.hr\/nova\/wp-json\/wp\/v2\/users\/3"}],"replies":[{"embeddable":true,"href":"https:\/\/gk-korcula.hr\/nova\/wp-json\/wp\/v2\/comments?post=1504"}],"version-history":[{"count":1,"href":"https:\/\/gk-korcula.hr\/nova\/wp-json\/wp\/v2\/posts\/1504\/revisions"}],"predecessor-version":[{"id":1506,"href":"https:\/\/gk-korcula.hr\/nova\/wp-json\/wp\/v2\/posts\/1504\/revisions\/1506"}],"wp:featuredmedia":[{"embeddable":true,"href":"https:\/\/gk-korcula.hr\/nova\/wp-json\/wp\/v2\/media\/1505"}],"wp:attachment":[{"href":"https:\/\/gk-korcula.hr\/nova\/wp-json\/wp\/v2\/media?parent=1504"}],"wp:term":[{"taxonomy":"category","embeddable":true,"href":"https:\/\/gk-korcula.hr\/nova\/wp-json\/wp\/v2\/categories?post=1504"},{"taxonomy":"post_tag","embeddable":true,"href":"https:\/\/gk-korcula.hr\/nova\/wp-json\/wp\/v2\/tags?post=1504"}],"curies":[{"name":"wp","href":"https:\/\/api.w.org\/{rel}","templated":true}]}}