{"id":1526,"date":"2024-11-06T18:37:01","date_gmt":"2024-11-06T17:37:01","guid":{"rendered":"https:\/\/gk-korcula.hr\/nova\/?p=1526"},"modified":"2024-11-12T18:37:25","modified_gmt":"2024-11-12T17:37:25","slug":"lektira-u-knjiznici-bijeli-jelen","status":"publish","type":"post","link":"https:\/\/gk-korcula.hr\/nova\/lektira-u-knjiznici-bijeli-jelen\/","title":{"rendered":"Lektira u knji\u017enici &#8211; Bijeli Jelen"},"content":{"rendered":"<div class=\"x11i5rnm xat24cr x1mh8g0r x1vvkbs xtlvy1s x126k92a\">\n<div dir=\"auto\">U sklopu na\u0161eg programa za obilje\u017eavanje manifestacije <span class=\"html-span xdj266r x11i5rnm xat24cr x1mh8g0r xexx8yu x4uap5 x18d9i69 xkhd6sd x1hl2dhg x16tdsg8 x1vvkbs\"><a class=\"x1i10hfl xjbqb8w x1ejq31n xd10rxx x1sy0etr x17r0tee x972fbf xcfux6l x1qhh985 xm0m39n x9f619 x1ypdohk xt0psk2 xe8uvvx xdj266r x11i5rnm xat24cr x1mh8g0r xexx8yu x4uap5 x18d9i69 xkhd6sd x16tdsg8 x1hl2dhg xggy1nq x1a2a7pz x1sur9pj xkrqix3 x1fey0fg x1s688f\" tabindex=\"0\" role=\"link\" href=\"https:\/\/web.facebook.com\/mjesechrvatskeknjige?__cft__[0]=AZUylMEfq_2QorwN4ide7u4djqK0CL1LXN4ITB8oNEjfThzwh6X13QCBkQILcAi7DvXjF-FDswNa47K8Tfc2f6fh2GgsaaICuMv34ZKEI9RuzKMV0OHndeht8RzMdXqEhewsdfTGgt0WQ_iJrM6SdBTLDri0FslqU1XG5MldqPAmqvwVXnuNl99-03mkpywfLv8&amp;__tn__=-]K-R\"><span class=\"xt0psk2\">Mjesec hrvatske knjige<\/span><\/a><\/span> jutros je u knji\u017enivci odr\u017ean edukativni organizirani posjet u\u010denika tre\u0107eg razreda <span class=\"html-span xdj266r x11i5rnm xat24cr x1mh8g0r xexx8yu x4uap5 x18d9i69 xkhd6sd x1hl2dhg x16tdsg8 x1vvkbs\"><a class=\"x1i10hfl xjbqb8w x1ejq31n xd10rxx x1sy0etr x17r0tee x972fbf xcfux6l x1qhh985 xm0m39n x9f619 x1ypdohk xt0psk2 xe8uvvx xdj266r x11i5rnm xat24cr x1mh8g0r xexx8yu x4uap5 x18d9i69 xkhd6sd x16tdsg8 x1hl2dhg xggy1nq x1a2a7pz x1sur9pj xkrqix3 x1fey0fg x1s688f\" tabindex=\"0\" role=\"link\" href=\"https:\/\/web.facebook.com\/profile.php?id=61565732390375&amp;__cft__[0]=AZUylMEfq_2QorwN4ide7u4djqK0CL1LXN4ITB8oNEjfThzwh6X13QCBkQILcAi7DvXjF-FDswNa47K8Tfc2f6fh2GgsaaICuMv34ZKEI9RuzKMV0OHndeht8RzMdXqEhewsdfTGgt0WQ_iJrM6SdBTLDri0FslqU1XG5MldqPAmqvwVXnuNl99-03mkpywfLv8&amp;__tn__=-]K-R\"><span class=\"xt0psk2\">O\u0160 Petra Kanaveli\u0107a Kor\u010dula<\/span><\/a><\/span>. U dogovoru s u\u010diteljicom Dragoslavom Radovanovi\u0107, obradili smo lektiru &#8220;Bijeli jelen&#8221; Vladimira Nazora, jedno od najljep\u0161ih djela hrvatske knji\u017eevnosti. Djeca su se upoznala s bajkom ispri\u010danom na razli\u010ditim medijima, u obliku audioknjige, lutkarske predstave i slikovnice, te su svoje dojmove likovno izrazili. Pri\u010da o bijelom jelenu potakla je djecu na razmi\u0161ljenje i podsjetila ih na va\u017enost pravde i dobrote, uz poruku kako dobra djela uvijek budu nagra\u0111ena, a zlo kad-tad do\u0111e na naplatu!<\/div>\n<\/div>\n<div class=\"x11i5rnm xat24cr x1mh8g0r x1vvkbs xtlvy1s x126k92a\">\n<div dir=\"auto\">Hvala u\u010diteljici i u\u010denicima na posjeti i zajedni\u010dkom u\u017eivanju u ljepoti pri\u010de!<\/div>\n<\/div>\n","protected":false},"excerpt":{"rendered":"<p>U sklopu na\u0161eg programa za obilje\u017eavanje manifestacije Mjesec hrvatske knjige jutros je u knji\u017enivci odr\u017ean edukativni organizirani posjet u\u010denika tre\u0107eg razreda O\u0160 Petra Kanaveli\u0107a Kor\u010dula. U dogovoru s u\u010diteljicom Dragoslavom [&hellip;]<\/p>\n","protected":false},"author":3,"featured_media":1527,"comment_status":"closed","ping_status":"closed","sticky":false,"template":"","format":"standard","meta":{"_et_pb_use_builder":"","_et_pb_old_content":"","_et_gb_content_width":"","footnotes":""},"categories":[11],"tags":[],"class_list":["post-1526","post","type-post","status-publish","format-standard","has-post-thumbnail","hentry","category-aktualno"],"_links":{"self":[{"href":"https:\/\/gk-korcula.hr\/nova\/wp-json\/wp\/v2\/posts\/1526","targetHints":{"allow":["GET"]}}],"collection":[{"href":"https:\/\/gk-korcula.hr\/nova\/wp-json\/wp\/v2\/posts"}],"about":[{"href":"https:\/\/gk-korcula.hr\/nova\/wp-json\/wp\/v2\/types\/post"}],"author":[{"embeddable":true,"href":"https:\/\/gk-korcula.hr\/nova\/wp-json\/wp\/v2\/users\/3"}],"replies":[{"embeddable":true,"href":"https:\/\/gk-korcula.hr\/nova\/wp-json\/wp\/v2\/comments?post=1526"}],"version-history":[{"count":1,"href":"https:\/\/gk-korcula.hr\/nova\/wp-json\/wp\/v2\/posts\/1526\/revisions"}],"predecessor-version":[{"id":1528,"href":"https:\/\/gk-korcula.hr\/nova\/wp-json\/wp\/v2\/posts\/1526\/revisions\/1528"}],"wp:featuredmedia":[{"embeddable":true,"href":"https:\/\/gk-korcula.hr\/nova\/wp-json\/wp\/v2\/media\/1527"}],"wp:attachment":[{"href":"https:\/\/gk-korcula.hr\/nova\/wp-json\/wp\/v2\/media?parent=1526"}],"wp:term":[{"taxonomy":"category","embeddable":true,"href":"https:\/\/gk-korcula.hr\/nova\/wp-json\/wp\/v2\/categories?post=1526"},{"taxonomy":"post_tag","embeddable":true,"href":"https:\/\/gk-korcula.hr\/nova\/wp-json\/wp\/v2\/tags?post=1526"}],"curies":[{"name":"wp","href":"https:\/\/api.w.org\/{rel}","templated":true}]}}