{"id":1529,"date":"2024-11-08T18:43:24","date_gmt":"2024-11-08T17:43:24","guid":{"rendered":"https:\/\/gk-korcula.hr\/nova\/?p=1529"},"modified":"2024-11-12T18:44:17","modified_gmt":"2024-11-12T17:44:17","slug":"predstavljanje-nove-knjige-u-biblioteci-zilkovic","status":"publish","type":"post","link":"https:\/\/gk-korcula.hr\/nova\/predstavljanje-nove-knjige-u-biblioteci-zilkovic\/","title":{"rendered":"Predstavljanje nove knjige u Biblioteci \u017dilkovi\u0107"},"content":{"rendered":"<div class=\"xdj266r x11i5rnm xat24cr x1mh8g0r x1vvkbs x126k92a\">\n<div dir=\"auto\">Ve\u010deras je u na\u0161oj knji\u017enici u programu obilje\u017eavanja <span class=\"html-span xdj266r x11i5rnm xat24cr x1mh8g0r xexx8yu x4uap5 x18d9i69 xkhd6sd x1hl2dhg x16tdsg8 x1vvkbs\"><a class=\"x1i10hfl xjbqb8w x1ejq31n xd10rxx x1sy0etr x17r0tee x972fbf xcfux6l x1qhh985 xm0m39n x9f619 x1ypdohk xt0psk2 xe8uvvx xdj266r x11i5rnm xat24cr x1mh8g0r xexx8yu x4uap5 x18d9i69 xkhd6sd x16tdsg8 x1hl2dhg xggy1nq x1a2a7pz x1sur9pj xkrqix3 x1fey0fg x1s688f\" tabindex=\"0\" role=\"link\" href=\"https:\/\/web.facebook.com\/mjesechrvatskeknjige?__cft__[0]=AZWLuB7rpc9UWosijkI4DmQDb2Nq5f1QNSyCyxKRqHHur6wKMwe171KW4yhgCsS7c2KvwtPeV2ghCOW2BjMglW-uQ50LizFqZxW8JLq2s5BTxiZwgy1F1TLjjfFgXecsnMKHHytn-ZLS0EnUACkHgNW8yVQ7jRkvTL4pe341fzksWAYVjpT0NwmdGAVeZqeVi34&amp;__tn__=-]K-R\"><span class=\"xt0psk2\">Mjeseca hrvatske knjige<\/span><\/a><\/span> predstavljen roman &#8220;Ime mi je Snovak&#8221; kor\u010dulanskog autora Tugomira Mati\u0107a, nedavno objavljen u zavi\u010dajnoj biblioteci \u017dilkovi\u0107, nakladni\u010dkoj cjelini <span class=\"html-span xdj266r x11i5rnm xat24cr x1mh8g0r xexx8yu x4uap5 x18d9i69 xkhd6sd x1hl2dhg x16tdsg8 x1vvkbs\"><a class=\"x1i10hfl xjbqb8w x1ejq31n xd10rxx x1sy0etr x17r0tee x972fbf xcfux6l x1qhh985 xm0m39n x9f619 x1ypdohk xt0psk2 xe8uvvx xdj266r x11i5rnm xat24cr x1mh8g0r xexx8yu x4uap5 x18d9i69 xkhd6sd x16tdsg8 x1hl2dhg xggy1nq x1a2a7pz x1sur9pj xkrqix3 x1fey0fg x1s688f\" tabindex=\"0\" role=\"link\" href=\"https:\/\/web.facebook.com\/GKKorcula?__cft__[0]=AZWLuB7rpc9UWosijkI4DmQDb2Nq5f1QNSyCyxKRqHHur6wKMwe171KW4yhgCsS7c2KvwtPeV2ghCOW2BjMglW-uQ50LizFqZxW8JLq2s5BTxiZwgy1F1TLjjfFgXecsnMKHHytn-ZLS0EnUACkHgNW8yVQ7jRkvTL4pe341fzksWAYVjpT0NwmdGAVeZqeVi34&amp;__tn__=-]K-R\"><span class=\"xt0psk2\">Gradske knji\u017enice Ivan Vidali<\/span><\/a><\/span>. Roman je od strane uredni\u0161tva biblioteke odabran, po zavr\u0161enom natje\u010daju, kao najbolje knji\u017eevno djelo autora s podru\u010dja otoka Kor\u010dule. \u010cestitamo autoru na uspjehu i zahvaljujemo Sani Sardeli\u0107 i Ivanu Fabrisu na odli\u010dnom i zanimljivom predstavljanju knjige. Hvala Marinu Jerkunici i <span class=\"html-span xdj266r x11i5rnm xat24cr x1mh8g0r xexx8yu x4uap5 x18d9i69 xkhd6sd x1hl2dhg x16tdsg8 x1vvkbs\"><a class=\"x1i10hfl xjbqb8w x1ejq31n xd10rxx x1sy0etr x17r0tee x972fbf xcfux6l x1qhh985 xm0m39n x9f619 x1ypdohk xt0psk2 xe8uvvx xdj266r x11i5rnm xat24cr x1mh8g0r xexx8yu x4uap5 x18d9i69 xkhd6sd x16tdsg8 x1hl2dhg xggy1nq x1a2a7pz x1sur9pj xkrqix3 x1fey0fg x1s688f\" tabindex=\"0\" role=\"link\" href=\"https:\/\/web.facebook.com\/profile.php?id=61556996312842&amp;__cft__[0]=AZWLuB7rpc9UWosijkI4DmQDb2Nq5f1QNSyCyxKRqHHur6wKMwe171KW4yhgCsS7c2KvwtPeV2ghCOW2BjMglW-uQ50LizFqZxW8JLq2s5BTxiZwgy1F1TLjjfFgXecsnMKHHytn-ZLS0EnUACkHgNW8yVQ7jRkvTL4pe341fzksWAYVjpT0NwmdGAVeZqeVi34&amp;__tn__=-]K-R\"><span class=\"xt0psk2\">Vandi Ivelja<\/span><\/a><\/span> na glazbenoj i vokalnoj izvedbi koja je uljep\u0161ala na\u0161e knji\u017eevno dru\u017eenje!<\/div>\n<\/div>\n<div class=\"x11i5rnm xat24cr x1mh8g0r x1vvkbs xtlvy1s x126k92a\">\n<div dir=\"auto\">Ovo je 20. naslov objavljen u na\u0161oj zavi\u010dajnoj biblioteci osnovanoj 2006. godine s ciljem potpore zavi\u010dajnim autorima i njihove promocije u kontekstu suvremene hrvatske knji\u017eevnosti! Hvala svim dosada\u0161njim \u010dlanovima uredni\u0161tva, redom volonterima, na doprinosu u kontinuitetu biblioteke!<\/div>\n<\/div>\n<div class=\"x11i5rnm xat24cr x1mh8g0r x1vvkbs xtlvy1s x126k92a\">\n<div dir=\"auto\">Hvala <span class=\"html-span xdj266r x11i5rnm xat24cr x1mh8g0r xexx8yu x4uap5 x18d9i69 xkhd6sd x1hl2dhg x16tdsg8 x1vvkbs\"><a class=\"x1i10hfl xjbqb8w x1ejq31n xd10rxx x1sy0etr x17r0tee x972fbf xcfux6l x1qhh985 xm0m39n x9f619 x1ypdohk xt0psk2 xe8uvvx xdj266r x11i5rnm xat24cr x1mh8g0r xexx8yu x4uap5 x18d9i69 xkhd6sd x16tdsg8 x1hl2dhg xggy1nq x1a2a7pz x1sur9pj xkrqix3 x1fey0fg x1s688f\" tabindex=\"0\" role=\"link\" href=\"https:\/\/web.facebook.com\/GradKorcula?__cft__[0]=AZWLuB7rpc9UWosijkI4DmQDb2Nq5f1QNSyCyxKRqHHur6wKMwe171KW4yhgCsS7c2KvwtPeV2ghCOW2BjMglW-uQ50LizFqZxW8JLq2s5BTxiZwgy1F1TLjjfFgXecsnMKHHytn-ZLS0EnUACkHgNW8yVQ7jRkvTL4pe341fzksWAYVjpT0NwmdGAVeZqeVi34&amp;__tn__=-]K-R\"><span class=\"xt0psk2\">Gradu Kor\u010duli<\/span><\/a><\/span>\u00a0na financijskoj potpori!<\/div>\n<\/div>\n<div dir=\"auto\">Fotogaleriju s doga\u0111anja pogledajte <a href=\"https:\/\/web.facebook.com\/GKKorcula\/posts\/pfbid02USDJm8f5YqBA4jqkS2qFBxD59SBExJUcUEDsjdyddTgPNS73EriX7fwrVGpzFutEl\">ovdje<\/a>.<\/div>\n","protected":false},"excerpt":{"rendered":"<p>Ve\u010deras je u na\u0161oj knji\u017enici u programu obilje\u017eavanja Mjeseca hrvatske knjige predstavljen roman &#8220;Ime mi je Snovak&#8221; kor\u010dulanskog autora Tugomira Mati\u0107a, nedavno objavljen u zavi\u010dajnoj biblioteci \u017dilkovi\u0107, nakladni\u010dkoj cjelini Gradske [&hellip;]<\/p>\n","protected":false},"author":3,"featured_media":1530,"comment_status":"closed","ping_status":"closed","sticky":false,"template":"","format":"standard","meta":{"_et_pb_use_builder":"","_et_pb_old_content":"","_et_gb_content_width":"","footnotes":""},"categories":[11],"tags":[],"class_list":["post-1529","post","type-post","status-publish","format-standard","has-post-thumbnail","hentry","category-aktualno"],"_links":{"self":[{"href":"https:\/\/gk-korcula.hr\/nova\/wp-json\/wp\/v2\/posts\/1529","targetHints":{"allow":["GET"]}}],"collection":[{"href":"https:\/\/gk-korcula.hr\/nova\/wp-json\/wp\/v2\/posts"}],"about":[{"href":"https:\/\/gk-korcula.hr\/nova\/wp-json\/wp\/v2\/types\/post"}],"author":[{"embeddable":true,"href":"https:\/\/gk-korcula.hr\/nova\/wp-json\/wp\/v2\/users\/3"}],"replies":[{"embeddable":true,"href":"https:\/\/gk-korcula.hr\/nova\/wp-json\/wp\/v2\/comments?post=1529"}],"version-history":[{"count":2,"href":"https:\/\/gk-korcula.hr\/nova\/wp-json\/wp\/v2\/posts\/1529\/revisions"}],"predecessor-version":[{"id":1532,"href":"https:\/\/gk-korcula.hr\/nova\/wp-json\/wp\/v2\/posts\/1529\/revisions\/1532"}],"wp:featuredmedia":[{"embeddable":true,"href":"https:\/\/gk-korcula.hr\/nova\/wp-json\/wp\/v2\/media\/1530"}],"wp:attachment":[{"href":"https:\/\/gk-korcula.hr\/nova\/wp-json\/wp\/v2\/media?parent=1529"}],"wp:term":[{"taxonomy":"category","embeddable":true,"href":"https:\/\/gk-korcula.hr\/nova\/wp-json\/wp\/v2\/categories?post=1529"},{"taxonomy":"post_tag","embeddable":true,"href":"https:\/\/gk-korcula.hr\/nova\/wp-json\/wp\/v2\/tags?post=1529"}],"curies":[{"name":"wp","href":"https:\/\/api.w.org\/{rel}","templated":true}]}}