{"id":1536,"date":"2024-11-11T18:48:27","date_gmt":"2024-11-11T17:48:27","guid":{"rendered":"https:\/\/gk-korcula.hr\/nova\/?p=1536"},"modified":"2024-11-12T18:48:44","modified_gmt":"2024-11-12T17:48:44","slug":"pozor-prvasici-u-knjiznici","status":"publish","type":"post","link":"https:\/\/gk-korcula.hr\/nova\/pozor-prvasici-u-knjiznici\/","title":{"rendered":"Pozor, prva\u0161i\u0107i u knji\u017enici!"},"content":{"rendered":"<div class=\"xdj266r x11i5rnm xat24cr x1mh8g0r x1vvkbs x126k92a\">\n<div dir=\"auto\">U povodu obilje\u017eavanja <span class=\"html-span xdj266r x11i5rnm xat24cr x1mh8g0r xexx8yu x4uap5 x18d9i69 xkhd6sd x1hl2dhg x16tdsg8 x1vvkbs\"><a class=\"x1i10hfl xjbqb8w x1ejq31n xd10rxx x1sy0etr x17r0tee x972fbf xcfux6l x1qhh985 xm0m39n x9f619 x1ypdohk xt0psk2 xe8uvvx xdj266r x11i5rnm xat24cr x1mh8g0r xexx8yu x4uap5 x18d9i69 xkhd6sd x16tdsg8 x1hl2dhg xggy1nq x1a2a7pz x1sur9pj xkrqix3 x1fey0fg x1s688f\" tabindex=\"0\" role=\"link\" href=\"https:\/\/web.facebook.com\/mjesechrvatskeknjige?__cft__[0]=AZU-pDt2RAjVAJdKTXUF1PqV4FQBOK0VsQmX8LesbFsJiLyhFlA5rTGoay1N43vfWFlX9vKekv1Cyb1KE9UBnsKKX8zBikcWoXqErHTRyhUUDgCIArWQOdXzLk6QqsWFlBTgR3AcssIOeB9OCCIQdbch06OF89LYS7XV7sYUpSbU7HCpcyxodIh0HNDWBjMrFc8&amp;__tn__=-]K-R\"><span class=\"xt0psk2\">Mjeseca hrvatske knjige<\/span><\/a><\/span> danas smo u knji\u017enici ugostili prva\u0161e <span class=\"html-span xdj266r x11i5rnm xat24cr x1mh8g0r xexx8yu x4uap5 x18d9i69 xkhd6sd x1hl2dhg x16tdsg8 x1vvkbs\"><a class=\"x1i10hfl xjbqb8w x1ejq31n xd10rxx x1sy0etr x17r0tee x972fbf xcfux6l x1qhh985 xm0m39n x9f619 x1ypdohk xt0psk2 xe8uvvx xdj266r x11i5rnm xat24cr x1mh8g0r xexx8yu x4uap5 x18d9i69 xkhd6sd x16tdsg8 x1hl2dhg xggy1nq x1a2a7pz x1sur9pj xkrqix3 x1fey0fg x1s688f\" tabindex=\"0\" role=\"link\" href=\"https:\/\/web.facebook.com\/profile.php?id=61565732390375&amp;__cft__[0]=AZU-pDt2RAjVAJdKTXUF1PqV4FQBOK0VsQmX8LesbFsJiLyhFlA5rTGoay1N43vfWFlX9vKekv1Cyb1KE9UBnsKKX8zBikcWoXqErHTRyhUUDgCIArWQOdXzLk6QqsWFlBTgR3AcssIOeB9OCCIQdbch06OF89LYS7XV7sYUpSbU7HCpcyxodIh0HNDWBjMrFc8&amp;__tn__=-]K-R\"><span class=\"xt0psk2\">O\u0160 Petra Kanaveli\u0107a Kor\u010dula<\/span><\/a><\/span> u pratnji u\u010diteljice <span class=\"html-span xdj266r x11i5rnm xat24cr x1mh8g0r xexx8yu x4uap5 x18d9i69 xkhd6sd x1hl2dhg x16tdsg8 x1vvkbs\"><a class=\"x1i10hfl xjbqb8w x1ejq31n xd10rxx x1sy0etr x17r0tee x972fbf xcfux6l x1qhh985 xm0m39n x9f619 x1ypdohk xt0psk2 xe8uvvx xdj266r x11i5rnm xat24cr x1mh8g0r xexx8yu x4uap5 x18d9i69 xkhd6sd x16tdsg8 x1hl2dhg xggy1nq x1a2a7pz x1sur9pj xkrqix3 x1fey0fg x1s688f\" tabindex=\"0\" role=\"link\" href=\"https:\/\/web.facebook.com\/franica.tasovac?__cft__[0]=AZU-pDt2RAjVAJdKTXUF1PqV4FQBOK0VsQmX8LesbFsJiLyhFlA5rTGoay1N43vfWFlX9vKekv1Cyb1KE9UBnsKKX8zBikcWoXqErHTRyhUUDgCIArWQOdXzLk6QqsWFlBTgR3AcssIOeB9OCCIQdbch06OF89LYS7XV7sYUpSbU7HCpcyxodIh0HNDWBjMrFc8&amp;__tn__=-]K-R\"><span class=\"xt0psk2\">Franice Milat Tasovac<\/span><\/a><\/span>. Upoznali smo ih s knji\u017eni\u010dnim odjelima, zbirkama i uslugama i poklonili im besplatan upis u <span class=\"html-span xdj266r x11i5rnm xat24cr x1mh8g0r xexx8yu x4uap5 x18d9i69 xkhd6sd x1hl2dhg x16tdsg8 x1vvkbs\"><a class=\"x1i10hfl xjbqb8w x1ejq31n xd10rxx x1sy0etr x17r0tee x972fbf xcfux6l x1qhh985 xm0m39n x9f619 x1ypdohk xt0psk2 xe8uvvx xdj266r x11i5rnm xat24cr x1mh8g0r xexx8yu x4uap5 x18d9i69 xkhd6sd x16tdsg8 x1hl2dhg xggy1nq x1a2a7pz x1sur9pj xkrqix3 x1fey0fg x1s688f\" tabindex=\"0\" role=\"link\" href=\"https:\/\/web.facebook.com\/GKKorcula?__cft__[0]=AZU-pDt2RAjVAJdKTXUF1PqV4FQBOK0VsQmX8LesbFsJiLyhFlA5rTGoay1N43vfWFlX9vKekv1Cyb1KE9UBnsKKX8zBikcWoXqErHTRyhUUDgCIArWQOdXzLk6QqsWFlBTgR3AcssIOeB9OCCIQdbch06OF89LYS7XV7sYUpSbU7HCpcyxodIh0HNDWBjMrFc8&amp;__tn__=-]K-R\"><span class=\"xt0psk2\">Gradsku knji\u017enicu Ivan Vidali<\/span><\/a><\/span>!<\/div>\n<\/div>\n<div class=\"x11i5rnm xat24cr x1mh8g0r x1vvkbs xtlvy1s x126k92a\">\n<div dir=\"auto\">U nadi da \u0107e svoje \u010dlanske iskaznice rado i \u010desto koristiti, radujemo se idu\u0107im susretima!<\/div>\n<\/div>\n<div dir=\"auto\">Fotografije pogledajte <a href=\"https:\/\/web.facebook.com\/GKKorcula\/posts\/pfbid02NGspnmXQ5thktpz9dgSXC3FDQ87q95e52AJXtwhRpcjcQmyyB33Uv1TPnvkMGATNl\">ovdje<\/a>.<\/div>\n","protected":false},"excerpt":{"rendered":"<p>U povodu obilje\u017eavanja Mjeseca hrvatske knjige danas smo u knji\u017enici ugostili prva\u0161e O\u0160 Petra Kanaveli\u0107a Kor\u010dula u pratnji u\u010diteljice Franice Milat Tasovac. Upoznali smo ih s knji\u017eni\u010dnim odjelima, zbirkama i [&hellip;]<\/p>\n","protected":false},"author":3,"featured_media":1537,"comment_status":"closed","ping_status":"closed","sticky":false,"template":"","format":"standard","meta":{"_et_pb_use_builder":"","_et_pb_old_content":"","_et_gb_content_width":"","footnotes":""},"categories":[11],"tags":[],"class_list":["post-1536","post","type-post","status-publish","format-standard","has-post-thumbnail","hentry","category-aktualno"],"_links":{"self":[{"href":"https:\/\/gk-korcula.hr\/nova\/wp-json\/wp\/v2\/posts\/1536","targetHints":{"allow":["GET"]}}],"collection":[{"href":"https:\/\/gk-korcula.hr\/nova\/wp-json\/wp\/v2\/posts"}],"about":[{"href":"https:\/\/gk-korcula.hr\/nova\/wp-json\/wp\/v2\/types\/post"}],"author":[{"embeddable":true,"href":"https:\/\/gk-korcula.hr\/nova\/wp-json\/wp\/v2\/users\/3"}],"replies":[{"embeddable":true,"href":"https:\/\/gk-korcula.hr\/nova\/wp-json\/wp\/v2\/comments?post=1536"}],"version-history":[{"count":1,"href":"https:\/\/gk-korcula.hr\/nova\/wp-json\/wp\/v2\/posts\/1536\/revisions"}],"predecessor-version":[{"id":1538,"href":"https:\/\/gk-korcula.hr\/nova\/wp-json\/wp\/v2\/posts\/1536\/revisions\/1538"}],"wp:featuredmedia":[{"embeddable":true,"href":"https:\/\/gk-korcula.hr\/nova\/wp-json\/wp\/v2\/media\/1537"}],"wp:attachment":[{"href":"https:\/\/gk-korcula.hr\/nova\/wp-json\/wp\/v2\/media?parent=1536"}],"wp:term":[{"taxonomy":"category","embeddable":true,"href":"https:\/\/gk-korcula.hr\/nova\/wp-json\/wp\/v2\/categories?post=1536"},{"taxonomy":"post_tag","embeddable":true,"href":"https:\/\/gk-korcula.hr\/nova\/wp-json\/wp\/v2\/tags?post=1536"}],"curies":[{"name":"wp","href":"https:\/\/api.w.org\/{rel}","templated":true}]}}