{"id":1584,"date":"2024-12-09T08:56:43","date_gmt":"2024-12-09T07:56:43","guid":{"rendered":"https:\/\/gk-korcula.hr\/nova\/?p=1584"},"modified":"2024-12-09T09:03:25","modified_gmt":"2024-12-09T08:03:25","slug":"izrada-bozicnih-cestitki-radionica-za-djecu","status":"publish","type":"post","link":"https:\/\/gk-korcula.hr\/nova\/izrada-bozicnih-cestitki-radionica-za-djecu\/","title":{"rendered":"Izrada bo\u017ei\u0107nih \u010destitki \u2013 radionica za djecu"},"content":{"rendered":"<p><span class=\"OYPEnA font-feature-liga-off font-feature-clig-off font-feature-calt-off text-decoration-none text-strikethrough-none\">Pozivamo sve zainteresirane na kreativnu radionicu izrade\u00a0<\/span><span class=\"OYPEnA font-feature-liga-off font-feature-clig-off font-feature-calt-off text-decoration-none text-strikethrough-none\">bo\u017ei\u0107nih \u010destitki za djecu<\/span><span class=\"OYPEnA font-feature-liga-off font-feature-clig-off font-feature-calt-off text-decoration-none text-strikethrough-none\">\u00a0\u2013 pridru\u017eite nam se i unesite blagdansku \u010daroliju\u00a0<\/span><span class=\"OYPEnA font-feature-liga-off font-feature-clig-off font-feature-calt-off text-decoration-none text-strikethrough-none\">u svoj dom!<\/span><\/p>\n<p>Prijave na: <a href=\"https:\/\/tidycal.com\/gradskaknjiznicaivanvidali\/izrada-bozicnih-cestitki\">https:\/\/tidycal.com\/gradskaknjiznicaivanvidali\/izrada-bozicnih-cestitki<\/a><\/p>\n","protected":false},"excerpt":{"rendered":"<p>Pozivamo sve zainteresirane na kreativnu radionicu izrade\u00a0bo\u017ei\u0107nih \u010destitki za djecu\u00a0\u2013 pridru\u017eite nam se i unesite blagdansku \u010daroliju\u00a0u svoj dom! Prijave na: https:\/\/tidycal.com\/gradskaknjiznicaivanvidali\/izrada-bozicnih-cestitki<\/p>\n","protected":false},"author":3,"featured_media":1564,"comment_status":"closed","ping_status":"closed","sticky":false,"template":"","format":"standard","meta":{"_et_pb_use_builder":"","_et_pb_old_content":"","_et_gb_content_width":"","footnotes":""},"categories":[10],"tags":[],"class_list":["post-1584","post","type-post","status-publish","format-standard","has-post-thumbnail","hentry","category-najave-dogadaja"],"_links":{"self":[{"href":"https:\/\/gk-korcula.hr\/nova\/wp-json\/wp\/v2\/posts\/1584","targetHints":{"allow":["GET"]}}],"collection":[{"href":"https:\/\/gk-korcula.hr\/nova\/wp-json\/wp\/v2\/posts"}],"about":[{"href":"https:\/\/gk-korcula.hr\/nova\/wp-json\/wp\/v2\/types\/post"}],"author":[{"embeddable":true,"href":"https:\/\/gk-korcula.hr\/nova\/wp-json\/wp\/v2\/users\/3"}],"replies":[{"embeddable":true,"href":"https:\/\/gk-korcula.hr\/nova\/wp-json\/wp\/v2\/comments?post=1584"}],"version-history":[{"count":3,"href":"https:\/\/gk-korcula.hr\/nova\/wp-json\/wp\/v2\/posts\/1584\/revisions"}],"predecessor-version":[{"id":1588,"href":"https:\/\/gk-korcula.hr\/nova\/wp-json\/wp\/v2\/posts\/1584\/revisions\/1588"}],"wp:featuredmedia":[{"embeddable":true,"href":"https:\/\/gk-korcula.hr\/nova\/wp-json\/wp\/v2\/media\/1564"}],"wp:attachment":[{"href":"https:\/\/gk-korcula.hr\/nova\/wp-json\/wp\/v2\/media?parent=1584"}],"wp:term":[{"taxonomy":"category","embeddable":true,"href":"https:\/\/gk-korcula.hr\/nova\/wp-json\/wp\/v2\/categories?post=1584"},{"taxonomy":"post_tag","embeddable":true,"href":"https:\/\/gk-korcula.hr\/nova\/wp-json\/wp\/v2\/tags?post=1584"}],"curies":[{"name":"wp","href":"https:\/\/api.w.org\/{rel}","templated":true}]}}