{"id":1685,"date":"2025-02-17T10:45:01","date_gmt":"2025-02-17T09:45:01","guid":{"rendered":"https:\/\/gk-korcula.hr\/nova\/?p=1685"},"modified":"2025-02-20T09:24:02","modified_gmt":"2025-02-20T08:24:02","slug":"korcula-slika-grada-predavanje-gorana-niksica","status":"publish","type":"post","link":"https:\/\/gk-korcula.hr\/nova\/korcula-slika-grada-predavanje-gorana-niksica\/","title":{"rendered":"Kor\u010dula: slika grada &#8211; predavanje Gorana Nik\u0161i\u0107a"},"content":{"rendered":"<p>Pridru\u017eite nam se na predavanju dr. sc. Gorana Nik\u0161i\u0107a <em>Kor\u010dula: slika grada\u00a0<\/em><em><span class=\"OYPEnA font-feature-liga-off font-feature-clig-off font-feature-calt-off text-decoration-none text-strikethrough-none\">kako je do\u017eivljavaju\u00a0<\/span><span class=\"OYPEnA font-feature-liga-off font-feature-clig-off font-feature-calt-off text-decoration-none text-strikethrough-none\">stranci, a kako Kor\u010dulani<\/span><\/em><span class=\"OYPEnA font-feature-liga-off font-feature-clig-off font-feature-calt-off text-decoration-none text-strikethrough-none\"> koje \u0107e se odr\u017eati u petak, 21. velja\u010de, u Gradskoj knji\u017enici\u00a0<em>Ivan Vidali<\/em> s po\u010detkom u 19:00 sati.<\/span><\/p>\n","protected":false},"excerpt":{"rendered":"<p>Pridru\u017eite nam se na predavanju dr. sc. Gorana Nik\u0161i\u0107a Kor\u010dula: slika grada\u00a0kako je do\u017eivljavaju\u00a0stranci, a kako Kor\u010dulani koje \u0107e se odr\u017eati u petak, 21. velja\u010de, u Gradskoj knji\u017enici\u00a0Ivan Vidali s [&hellip;]<\/p>\n","protected":false},"author":3,"featured_media":1715,"comment_status":"closed","ping_status":"closed","sticky":false,"template":"","format":"standard","meta":{"_et_pb_use_builder":"","_et_pb_old_content":"","_et_gb_content_width":"","footnotes":""},"categories":[10],"tags":[],"class_list":["post-1685","post","type-post","status-publish","format-standard","has-post-thumbnail","hentry","category-najave-dogadaja"],"_links":{"self":[{"href":"https:\/\/gk-korcula.hr\/nova\/wp-json\/wp\/v2\/posts\/1685","targetHints":{"allow":["GET"]}}],"collection":[{"href":"https:\/\/gk-korcula.hr\/nova\/wp-json\/wp\/v2\/posts"}],"about":[{"href":"https:\/\/gk-korcula.hr\/nova\/wp-json\/wp\/v2\/types\/post"}],"author":[{"embeddable":true,"href":"https:\/\/gk-korcula.hr\/nova\/wp-json\/wp\/v2\/users\/3"}],"replies":[{"embeddable":true,"href":"https:\/\/gk-korcula.hr\/nova\/wp-json\/wp\/v2\/comments?post=1685"}],"version-history":[{"count":2,"href":"https:\/\/gk-korcula.hr\/nova\/wp-json\/wp\/v2\/posts\/1685\/revisions"}],"predecessor-version":[{"id":1716,"href":"https:\/\/gk-korcula.hr\/nova\/wp-json\/wp\/v2\/posts\/1685\/revisions\/1716"}],"wp:featuredmedia":[{"embeddable":true,"href":"https:\/\/gk-korcula.hr\/nova\/wp-json\/wp\/v2\/media\/1715"}],"wp:attachment":[{"href":"https:\/\/gk-korcula.hr\/nova\/wp-json\/wp\/v2\/media?parent=1685"}],"wp:term":[{"taxonomy":"category","embeddable":true,"href":"https:\/\/gk-korcula.hr\/nova\/wp-json\/wp\/v2\/categories?post=1685"},{"taxonomy":"post_tag","embeddable":true,"href":"https:\/\/gk-korcula.hr\/nova\/wp-json\/wp\/v2\/tags?post=1685"}],"curies":[{"name":"wp","href":"https:\/\/api.w.org\/{rel}","templated":true}]}}