{"id":1687,"date":"2025-02-15T10:28:00","date_gmt":"2025-02-15T09:28:00","guid":{"rendered":"https:\/\/gk-korcula.hr\/nova\/?p=1687"},"modified":"2025-02-17T10:33:02","modified_gmt":"2025-02-17T09:33:02","slug":"predstavljena-etnografija-lastovskog-poklada","status":"publish","type":"post","link":"https:\/\/gk-korcula.hr\/nova\/predstavljena-etnografija-lastovskog-poklada\/","title":{"rendered":"Predstavljena etnografija lastovskog poklada!"},"content":{"rendered":"<div dir=\"auto\">Ju\u010der je u na\u0161oj knji\u017enici s po\u010detkom u 18:00 sati predstavljena monografija &#8220;Uvooo! Eviva nam kumpanija, po\u0161a nam je alavija&#8221; posve\u0107ena pokladnim obi\u010dajima na Lastovu, tradiciji starijoj od pet stolje\u0107a. Plesni i glazbeni nastup KUD-a Lastovo zorno je prikazao pokladne obi\u010daje i odu\u0161evio kor\u010dulansku publiku.<\/div>\n<div dir=\"auto\">Projekt etnografije Lastovskog poklada nastao je na inicijativu lastovske lokalne zajednice, a realiziran je u suradnji s ustanovom <span class=\"html-span xdj266r x11i5rnm xat24cr x1mh8g0r xexx8yu x4uap5 x18d9i69 xkhd6sd x1hl2dhg x16tdsg8 x1vvkbs\"><a class=\"x1i10hfl xjbqb8w x1ejq31n xd10rxx x1sy0etr x17r0tee x972fbf xcfux6l x1qhh985 xm0m39n x9f619 x1ypdohk xt0psk2 xe8uvvx xdj266r x11i5rnm xat24cr x1mh8g0r xexx8yu x4uap5 x18d9i69 xkhd6sd x16tdsg8 x1hl2dhg xggy1nq x1a2a7pz x1sur9pj xkrqix3 x1fey0fg x1s688f\" tabindex=\"0\" role=\"link\" href=\"https:\/\/www.facebook.com\/profile.php?id=100064901161996&amp;__cft__[0]=AZWYUAFHz3RarJqPCfUopE8mtHSaFuqGEzaJK6NaJAZAbmsRhke_YsZih0eaS7DAniutVYV_Xqajt_AopU93sQXatg-aKk3YvPzknT2VLZxceahcaNbt7PRhbD4YOJodKUbzj4JAXkFbpVOuNrTVjcHMz19buumD8UHr5zDQCJPOiut8Uje4DT03j0yzY9P500Y&amp;__tn__=-]K-R\"><span class=\"xt0psk2\">Park prirode Lastovsko oto\u010dje Nature Park Lastovo Islands<\/span><\/a><\/span>, Institutom za etnologiju i folkloristiku, udrugom Lastovski poklad i Op\u0107inom Lastovo. Maja Re\u0161i\u0107, voditeljica i idejna za\u010detnica projekta i urednica knjige govorila je o na\u010dinu provedbe projekta a knjigu su predstavili autori <span class=\"html-span xdj266r x11i5rnm xat24cr x1mh8g0r xexx8yu x4uap5 x18d9i69 xkhd6sd x1hl2dhg x16tdsg8 x1vvkbs\">dr. sc.<\/span> Iva Niem\u010di\u0107 i <span class=\"html-span xdj266r x11i5rnm xat24cr x1mh8g0r xexx8yu x4uap5 x18d9i69 xkhd6sd x1hl2dhg x16tdsg8 x1vvkbs\">dr. sc.<\/span> Jo\u0161ko \u0106aleta, te urednica <span class=\"html-span xdj266r x11i5rnm xat24cr x1mh8g0r xexx8yu x4uap5 x18d9i69 xkhd6sd x1hl2dhg x16tdsg8 x1vvkbs\">dr. sc.<\/span> Marina Blagai\u0107 Bergman sa Instituta za etnologiju i folkloristiku.<\/div>\n<div dir=\"auto\">Monografija o etnografiji Lastovskog poklada, znanstveno-istra\u017eiva\u010dko je djelo velike vrijednosti za o\u010duvanje i promociju nematerijalne ba\u0161tine Lastova i hrvatskog kulturnog identiteta. Sretno s prijedlogom za nominaciju Lastovskog poklada na UNESCO-ovu Reprezentativnu listu nematerijalne kulturne ba\u0161tine \u010dovje\u010danstva!<\/div>\n<div dir=\"auto\"><\/div>\n<div dir=\"auto\">Galeriju fotografija pogledajte <a href=\"https:\/\/www.facebook.com\/GKKorcula\/posts\/pfbid0S3TjWPtNopJSsoVeUNJsJe8sEaWxwTdb7jrR2HJrssnnFM82uqvjo2KeVmUVcctyl\">ovdje<\/a>.<\/div>\n","protected":false},"excerpt":{"rendered":"<p>Ju\u010der je u na\u0161oj knji\u017enici s po\u010detkom u 18:00 sati predstavljena monografija &#8220;Uvooo! Eviva nam kumpanija, po\u0161a nam je alavija&#8221; posve\u0107ena pokladnim obi\u010dajima na Lastovu, tradiciji starijoj od pet stolje\u0107a. [&hellip;]<\/p>\n","protected":false},"author":3,"featured_media":1688,"comment_status":"closed","ping_status":"closed","sticky":false,"template":"","format":"standard","meta":{"_et_pb_use_builder":"","_et_pb_old_content":"","_et_gb_content_width":"","footnotes":""},"categories":[11],"tags":[],"class_list":["post-1687","post","type-post","status-publish","format-standard","has-post-thumbnail","hentry","category-aktualno"],"_links":{"self":[{"href":"https:\/\/gk-korcula.hr\/nova\/wp-json\/wp\/v2\/posts\/1687","targetHints":{"allow":["GET"]}}],"collection":[{"href":"https:\/\/gk-korcula.hr\/nova\/wp-json\/wp\/v2\/posts"}],"about":[{"href":"https:\/\/gk-korcula.hr\/nova\/wp-json\/wp\/v2\/types\/post"}],"author":[{"embeddable":true,"href":"https:\/\/gk-korcula.hr\/nova\/wp-json\/wp\/v2\/users\/3"}],"replies":[{"embeddable":true,"href":"https:\/\/gk-korcula.hr\/nova\/wp-json\/wp\/v2\/comments?post=1687"}],"version-history":[{"count":1,"href":"https:\/\/gk-korcula.hr\/nova\/wp-json\/wp\/v2\/posts\/1687\/revisions"}],"predecessor-version":[{"id":1689,"href":"https:\/\/gk-korcula.hr\/nova\/wp-json\/wp\/v2\/posts\/1687\/revisions\/1689"}],"wp:featuredmedia":[{"embeddable":true,"href":"https:\/\/gk-korcula.hr\/nova\/wp-json\/wp\/v2\/media\/1688"}],"wp:attachment":[{"href":"https:\/\/gk-korcula.hr\/nova\/wp-json\/wp\/v2\/media?parent=1687"}],"wp:term":[{"taxonomy":"category","embeddable":true,"href":"https:\/\/gk-korcula.hr\/nova\/wp-json\/wp\/v2\/categories?post=1687"},{"taxonomy":"post_tag","embeddable":true,"href":"https:\/\/gk-korcula.hr\/nova\/wp-json\/wp\/v2\/tags?post=1687"}],"curies":[{"name":"wp","href":"https:\/\/api.w.org\/{rel}","templated":true}]}}