{"id":1694,"date":"2025-02-05T10:38:47","date_gmt":"2025-02-05T09:38:47","guid":{"rendered":"https:\/\/gk-korcula.hr\/nova\/?p=1694"},"modified":"2025-02-17T10:41:24","modified_gmt":"2025-02-17T09:41:24","slug":"svjetski-dan-citanja-naglas-5-veljace","status":"publish","type":"post","link":"https:\/\/gk-korcula.hr\/nova\/svjetski-dan-citanja-naglas-5-veljace\/","title":{"rendered":"Svjetski dan \u010ditanja naglas, 5. velja\u010de"},"content":{"rendered":"<div dir=\"auto\">SVJETSKI DAN \u010cITANJA NAGLAS (5. velja\u010de) obilje\u017eili smo u dru\u0161tvu na\u0161ih vrti\u0107ana. U\u017eivali smo u \u010ditanju edukativne slikovnice o va\u017enosti osobne higijene u svakodnevnom \u017eivotu.<\/div>\n<div dir=\"auto\">\u010citanje naglas razvija vje\u0161tinu slu\u0161anja, oboga\u0107uje rje\u010dnik, razvija empatiju i \u010dimbenik je budu\u0107eg uspje\u0161nog razvoja djeteta. \u010citajmo djeci naglas gdje god i kad god stignemo \u010dime podr\u017eavamo i nacionalnu kampanju \u201c\u010citaj mi!\u201d.<\/div>\n","protected":false},"excerpt":{"rendered":"<p>SVJETSKI DAN \u010cITANJA NAGLAS (5. velja\u010de) obilje\u017eili smo u dru\u0161tvu na\u0161ih vrti\u0107ana. U\u017eivali smo u \u010ditanju edukativne slikovnice o va\u017enosti osobne higijene u svakodnevnom \u017eivotu. \u010citanje naglas razvija vje\u0161tinu slu\u0161anja, [&hellip;]<\/p>\n","protected":false},"author":3,"featured_media":1695,"comment_status":"closed","ping_status":"closed","sticky":false,"template":"","format":"standard","meta":{"_et_pb_use_builder":"","_et_pb_old_content":"","_et_gb_content_width":"","footnotes":""},"categories":[11],"tags":[],"class_list":["post-1694","post","type-post","status-publish","format-standard","has-post-thumbnail","hentry","category-aktualno"],"_links":{"self":[{"href":"https:\/\/gk-korcula.hr\/nova\/wp-json\/wp\/v2\/posts\/1694","targetHints":{"allow":["GET"]}}],"collection":[{"href":"https:\/\/gk-korcula.hr\/nova\/wp-json\/wp\/v2\/posts"}],"about":[{"href":"https:\/\/gk-korcula.hr\/nova\/wp-json\/wp\/v2\/types\/post"}],"author":[{"embeddable":true,"href":"https:\/\/gk-korcula.hr\/nova\/wp-json\/wp\/v2\/users\/3"}],"replies":[{"embeddable":true,"href":"https:\/\/gk-korcula.hr\/nova\/wp-json\/wp\/v2\/comments?post=1694"}],"version-history":[{"count":1,"href":"https:\/\/gk-korcula.hr\/nova\/wp-json\/wp\/v2\/posts\/1694\/revisions"}],"predecessor-version":[{"id":1696,"href":"https:\/\/gk-korcula.hr\/nova\/wp-json\/wp\/v2\/posts\/1694\/revisions\/1696"}],"wp:featuredmedia":[{"embeddable":true,"href":"https:\/\/gk-korcula.hr\/nova\/wp-json\/wp\/v2\/media\/1695"}],"wp:attachment":[{"href":"https:\/\/gk-korcula.hr\/nova\/wp-json\/wp\/v2\/media?parent=1694"}],"wp:term":[{"taxonomy":"category","embeddable":true,"href":"https:\/\/gk-korcula.hr\/nova\/wp-json\/wp\/v2\/categories?post=1694"},{"taxonomy":"post_tag","embeddable":true,"href":"https:\/\/gk-korcula.hr\/nova\/wp-json\/wp\/v2\/tags?post=1694"}],"curies":[{"name":"wp","href":"https:\/\/api.w.org\/{rel}","templated":true}]}}