{"id":1700,"date":"2025-01-24T20:48:01","date_gmt":"2025-01-24T19:48:01","guid":{"rendered":"https:\/\/gk-korcula.hr\/nova\/?p=1700"},"modified":"2025-02-17T10:48:23","modified_gmt":"2025-02-17T09:48:23","slug":"korcula-pod-dominacijom-venecije-u-xv-stoljecu-2","status":"publish","type":"post","link":"https:\/\/gk-korcula.hr\/nova\/korcula-pod-dominacijom-venecije-u-xv-stoljecu-2\/","title":{"rendered":"Kor\u010dula pod dominacijom Venecije u XV. stolje\u0107u"},"content":{"rendered":"<p>Ve\u010deras smo imali priliku slu\u0161ati vrlo zanimljivo predavanje Ante Cura\u0107a, dugogodi\u0161njeg turisti\u010dkog djelatnika i kako za sebe voli re\u0107i &#8220;kurioznog amatera u povijesti&#8221;. Predstavio nam je dijelove knjige &#8220;Kor\u010dula pod dominacijom Venecije u XV. st.&#8221;, koja je objavljena u Francuskoj, a na hrvatski jezik ju je preveo pok. dr. \u017divan Filippi.<\/p>\n<p>Galeriju fotografija mo\u017eete pogledati <a href=\"https:\/\/www.facebook.com\/GKKorcula\/posts\/pfbid02yCT9MkUJ2Af6eLz8EpPZqvzNuMneZkLNxuzn1tgZmXigjndt5yigMUxQgJdyzvgal\">ovdje<\/a>.<\/p>\n","protected":false},"excerpt":{"rendered":"<p>Ve\u010deras smo imali priliku slu\u0161ati vrlo zanimljivo predavanje Ante Cura\u0107a, dugogodi\u0161njeg turisti\u010dkog djelatnika i kako za sebe voli re\u0107i &#8220;kurioznog amatera u povijesti&#8221;. Predstavio nam je dijelove knjige &#8220;Kor\u010dula pod [&hellip;]<\/p>\n","protected":false},"author":3,"featured_media":1702,"comment_status":"closed","ping_status":"closed","sticky":false,"template":"","format":"standard","meta":{"_et_pb_use_builder":"","_et_pb_old_content":"","_et_gb_content_width":"","footnotes":""},"categories":[11],"tags":[],"class_list":["post-1700","post","type-post","status-publish","format-standard","has-post-thumbnail","hentry","category-aktualno"],"_links":{"self":[{"href":"https:\/\/gk-korcula.hr\/nova\/wp-json\/wp\/v2\/posts\/1700","targetHints":{"allow":["GET"]}}],"collection":[{"href":"https:\/\/gk-korcula.hr\/nova\/wp-json\/wp\/v2\/posts"}],"about":[{"href":"https:\/\/gk-korcula.hr\/nova\/wp-json\/wp\/v2\/types\/post"}],"author":[{"embeddable":true,"href":"https:\/\/gk-korcula.hr\/nova\/wp-json\/wp\/v2\/users\/3"}],"replies":[{"embeddable":true,"href":"https:\/\/gk-korcula.hr\/nova\/wp-json\/wp\/v2\/comments?post=1700"}],"version-history":[{"count":1,"href":"https:\/\/gk-korcula.hr\/nova\/wp-json\/wp\/v2\/posts\/1700\/revisions"}],"predecessor-version":[{"id":1703,"href":"https:\/\/gk-korcula.hr\/nova\/wp-json\/wp\/v2\/posts\/1700\/revisions\/1703"}],"wp:featuredmedia":[{"embeddable":true,"href":"https:\/\/gk-korcula.hr\/nova\/wp-json\/wp\/v2\/media\/1702"}],"wp:attachment":[{"href":"https:\/\/gk-korcula.hr\/nova\/wp-json\/wp\/v2\/media?parent=1700"}],"wp:term":[{"taxonomy":"category","embeddable":true,"href":"https:\/\/gk-korcula.hr\/nova\/wp-json\/wp\/v2\/categories?post=1700"},{"taxonomy":"post_tag","embeddable":true,"href":"https:\/\/gk-korcula.hr\/nova\/wp-json\/wp\/v2\/tags?post=1700"}],"curies":[{"name":"wp","href":"https:\/\/api.w.org\/{rel}","templated":true}]}}