{"id":1727,"date":"2025-02-21T21:31:24","date_gmt":"2025-02-21T20:31:24","guid":{"rendered":"https:\/\/gk-korcula.hr\/nova\/?p=1727"},"modified":"2025-02-26T09:34:03","modified_gmt":"2025-02-26T08:34:03","slug":"predavanje-o-gradu","status":"publish","type":"post","link":"https:\/\/gk-korcula.hr\/nova\/predavanje-o-gradu\/","title":{"rendered":"Predavanje o gradu"},"content":{"rendered":"<div dir=\"auto\">Ve\u010deras je u <span class=\"html-span xdj266r x11i5rnm xat24cr x1mh8g0r xexx8yu x4uap5 x18d9i69 xkhd6sd x1hl2dhg x16tdsg8 x1vvkbs\"><a class=\"x1i10hfl xjbqb8w x1ejq31n xd10rxx x1sy0etr x17r0tee x972fbf xcfux6l x1qhh985 xm0m39n x9f619 x1ypdohk xt0psk2 xe8uvvx xdj266r x11i5rnm xat24cr x1mh8g0r xexx8yu x4uap5 x18d9i69 xkhd6sd x16tdsg8 x1hl2dhg xggy1nq x1a2a7pz xkrqix3 x1sur9pj x1fey0fg x1s688f\" tabindex=\"0\" role=\"link\" href=\"https:\/\/web.facebook.com\/GKKorcula?__cft__[0]=AZXaskIy1NVzVHpedv4efZaW-A05r9KYfbl7KpK6DvQ1JokqumCA7otwx3KCch5oMqSGMMahhdf0I1o5jwpBKZW4tMJebo8Zo4rf5XskjkXSYpbigQHx-w8n4wuf10FseFyZtnxsqslKGwSdWTuHTOGaWeWsoFS463G9MG0EI7u9RupFBVJcNM0sLQ44mAj9s6c&amp;__tn__=-]K-R\"><span class=\"xt0psk2\">Gradska knji\u017enica Ivan Vidali<\/span><\/a><\/span> dr. sc. Goran Nik\u0161i\u0107, arhitekt i konzervator, vrstan poznavatelj kor\u010dulanskog graditeljskog naslje\u0111a, odr\u017eao predavanje &#8220;Kor\u010dula: slika grada, kako je do\u017eivljavaju stranci a kako Kor\u010dulani&#8221;.<\/div>\n<div dir=\"auto\">Zanimljivo i inspirativno predavanje prikazalo je raznovrsne, pojedina\u010dne i kolektivne, dojmove i slike grada, portret grada kako ga vidimo, osje\u0107amo i do\u017eivljavamo i potaklo publiku na razgovor i promi\u0161ljanje o o\u010duvanju jedinstvene povijesne jezgre i izgleda Kor\u010dule.<\/div>\n<div dir=\"auto\">Predavanje poslu\u0161ajte na <span class=\"html-span xdj266r x11i5rnm xat24cr x1mh8g0r xexx8yu x4uap5 x18d9i69 xkhd6sd x1hl2dhg x16tdsg8 x1vvkbs\"><a class=\"x1i10hfl xjbqb8w x1ejq31n xd10rxx x1sy0etr x17r0tee x972fbf xcfux6l x1qhh985 xm0m39n x9f619 x1ypdohk xt0psk2 xe8uvvx xdj266r x11i5rnm xat24cr x1mh8g0r xexx8yu x4uap5 x18d9i69 xkhd6sd x16tdsg8 x1hl2dhg xggy1nq x1a2a7pz xkrqix3 x1sur9pj x1fey0fg x1s688f\" tabindex=\"0\" role=\"link\" href=\"https:\/\/m.youtube.com\/watch?v=kOGSPeWxyog&amp;fbclid=IwZXh0bgNhZW0CMTAAAR3NPeRQhZz5SCCKXhrIumSwdqc_n0WLkNq3cIRk1GEabLiC70mC4gZCrs0_aem_zAlXqeG_wpknTlaCcqGtNg\" target=\"_blank\" rel=\"nofollow noopener noreferrer\">https:\/\/m.youtube.com\/watch?v=kOGSPeWxyog<\/a><\/span><\/div>\n<div dir=\"auto\"><\/div>\n<div dir=\"auto\">Slike s doga\u0111anja pogledajte <a href=\"https:\/\/web.facebook.com\/GKKorcula\/posts\/pfbid05SP48f8waDed1U5CGCH3igYLJ93fDUNhRTq2ujzF5MhsBcB65T2THQzttwAjqJpnl\">ovdje<\/a>.<\/div>\n","protected":false},"excerpt":{"rendered":"<p>Ve\u010deras je u Gradska knji\u017enica Ivan Vidali dr. sc. Goran Nik\u0161i\u0107, arhitekt i konzervator, vrstan poznavatelj kor\u010dulanskog graditeljskog naslje\u0111a, odr\u017eao predavanje &#8220;Kor\u010dula: slika grada, kako je do\u017eivljavaju stranci a kako [&hellip;]<\/p>\n","protected":false},"author":3,"featured_media":1728,"comment_status":"closed","ping_status":"closed","sticky":false,"template":"","format":"standard","meta":{"_et_pb_use_builder":"","_et_pb_old_content":"","_et_gb_content_width":"","footnotes":""},"categories":[11],"tags":[],"class_list":["post-1727","post","type-post","status-publish","format-standard","has-post-thumbnail","hentry","category-aktualno"],"_links":{"self":[{"href":"https:\/\/gk-korcula.hr\/nova\/wp-json\/wp\/v2\/posts\/1727","targetHints":{"allow":["GET"]}}],"collection":[{"href":"https:\/\/gk-korcula.hr\/nova\/wp-json\/wp\/v2\/posts"}],"about":[{"href":"https:\/\/gk-korcula.hr\/nova\/wp-json\/wp\/v2\/types\/post"}],"author":[{"embeddable":true,"href":"https:\/\/gk-korcula.hr\/nova\/wp-json\/wp\/v2\/users\/3"}],"replies":[{"embeddable":true,"href":"https:\/\/gk-korcula.hr\/nova\/wp-json\/wp\/v2\/comments?post=1727"}],"version-history":[{"count":1,"href":"https:\/\/gk-korcula.hr\/nova\/wp-json\/wp\/v2\/posts\/1727\/revisions"}],"predecessor-version":[{"id":1729,"href":"https:\/\/gk-korcula.hr\/nova\/wp-json\/wp\/v2\/posts\/1727\/revisions\/1729"}],"wp:featuredmedia":[{"embeddable":true,"href":"https:\/\/gk-korcula.hr\/nova\/wp-json\/wp\/v2\/media\/1728"}],"wp:attachment":[{"href":"https:\/\/gk-korcula.hr\/nova\/wp-json\/wp\/v2\/media?parent=1727"}],"wp:term":[{"taxonomy":"category","embeddable":true,"href":"https:\/\/gk-korcula.hr\/nova\/wp-json\/wp\/v2\/categories?post=1727"},{"taxonomy":"post_tag","embeddable":true,"href":"https:\/\/gk-korcula.hr\/nova\/wp-json\/wp\/v2\/tags?post=1727"}],"curies":[{"name":"wp","href":"https:\/\/api.w.org\/{rel}","templated":true}]}}