{"id":1764,"date":"2025-03-01T08:40:52","date_gmt":"2025-03-01T07:40:52","guid":{"rendered":"https:\/\/gk-korcula.hr\/nova\/?p=1764"},"modified":"2025-03-26T09:32:40","modified_gmt":"2025-03-26T08:32:40","slug":"korcula-pod-venecijom-u-xv-stoljecu-3-dio-korcula-i-more-u-xv-stoljecu","status":"publish","type":"post","link":"https:\/\/gk-korcula.hr\/nova\/korcula-pod-venecijom-u-xv-stoljecu-3-dio-korcula-i-more-u-xv-stoljecu\/","title":{"rendered":"Kor\u010dula pod Venecijom u XV. stolje\u0107u, 3. dio: Kor\u010dula i more u XV. stolje\u0107u"},"content":{"rendered":"<p>Na tre\u0107em u nizu predavanja o Kor\u010duli u XV. stolje\u0107u posvetit \u0107emo se maritimnim dimenzijama toga oto\u010dnoga dru\u0161tva: kako je Kor\u010dula \u017eivjela s morem i, kako je mleta\u010dka vlast preobrazila odnos otoka s maritimnim prostorom.<\/p>\n","protected":false},"excerpt":{"rendered":"<p>Na tre\u0107em u nizu predavanja o Kor\u010duli u XV. stolje\u0107u posvetit \u0107emo se maritimnim dimenzijama toga oto\u010dnoga dru\u0161tva: kako je Kor\u010dula \u017eivjela s morem i, kako je mleta\u010dka vlast preobrazila [&hellip;]<\/p>\n","protected":false},"author":3,"featured_media":1765,"comment_status":"closed","ping_status":"closed","sticky":false,"template":"","format":"standard","meta":{"_et_pb_use_builder":"","_et_pb_old_content":"","_et_gb_content_width":"","footnotes":""},"categories":[10],"tags":[],"class_list":["post-1764","post","type-post","status-publish","format-standard","has-post-thumbnail","hentry","category-najave-dogadaja"],"_links":{"self":[{"href":"https:\/\/gk-korcula.hr\/nova\/wp-json\/wp\/v2\/posts\/1764","targetHints":{"allow":["GET"]}}],"collection":[{"href":"https:\/\/gk-korcula.hr\/nova\/wp-json\/wp\/v2\/posts"}],"about":[{"href":"https:\/\/gk-korcula.hr\/nova\/wp-json\/wp\/v2\/types\/post"}],"author":[{"embeddable":true,"href":"https:\/\/gk-korcula.hr\/nova\/wp-json\/wp\/v2\/users\/3"}],"replies":[{"embeddable":true,"href":"https:\/\/gk-korcula.hr\/nova\/wp-json\/wp\/v2\/comments?post=1764"}],"version-history":[{"count":1,"href":"https:\/\/gk-korcula.hr\/nova\/wp-json\/wp\/v2\/posts\/1764\/revisions"}],"predecessor-version":[{"id":1766,"href":"https:\/\/gk-korcula.hr\/nova\/wp-json\/wp\/v2\/posts\/1764\/revisions\/1766"}],"wp:featuredmedia":[{"embeddable":true,"href":"https:\/\/gk-korcula.hr\/nova\/wp-json\/wp\/v2\/media\/1765"}],"wp:attachment":[{"href":"https:\/\/gk-korcula.hr\/nova\/wp-json\/wp\/v2\/media?parent=1764"}],"wp:term":[{"taxonomy":"category","embeddable":true,"href":"https:\/\/gk-korcula.hr\/nova\/wp-json\/wp\/v2\/categories?post=1764"},{"taxonomy":"post_tag","embeddable":true,"href":"https:\/\/gk-korcula.hr\/nova\/wp-json\/wp\/v2\/tags?post=1764"}],"curies":[{"name":"wp","href":"https:\/\/api.w.org\/{rel}","templated":true}]}}