{"id":1895,"date":"2025-04-15T13:25:57","date_gmt":"2025-04-15T11:25:57","guid":{"rendered":"https:\/\/gk-korcula.hr\/nova\/?p=1895"},"modified":"2025-04-15T13:26:25","modified_gmt":"2025-04-15T11:26:25","slug":"%f0%9f%93%9a%e2%9c%a8-poceo-besplatni-tecaj-hrvatskog-jezika","status":"publish","type":"post","link":"https:\/\/gk-korcula.hr\/nova\/%f0%9f%93%9a%e2%9c%a8-poceo-besplatni-tecaj-hrvatskog-jezika\/","title":{"rendered":"\ud83d\udcda\u2728 Po\u010deo besplatni te\u010daj hrvatskog jezika!"},"content":{"rendered":"<div class=\"x11i5rnm xat24cr x1mh8g0r x1vvkbs xtlvy1s x126k92a\">\n<div dir=\"auto\">Prvi sat te\u010daja hrvatskog jezika odr\u017ean je danas u <span class=\"html-span xdj266r x11i5rnm xat24cr x1mh8g0r xexx8yu x4uap5 x18d9i69 xkhd6sd x1hl2dhg x16tdsg8 x1vvkbs\"><a class=\"x1i10hfl xjbqb8w x1ejq31n xd10rxx x1sy0etr x17r0tee x972fbf xcfux6l x1qhh985 xm0m39n x9f619 x1ypdohk xt0psk2 xe8uvvx xdj266r x11i5rnm xat24cr x1mh8g0r xexx8yu x4uap5 x18d9i69 xkhd6sd x16tdsg8 x1hl2dhg xggy1nq x1a2a7pz xkrqix3 x1sur9pj x1fey0fg x1s688f\" tabindex=\"0\" role=\"link\" href=\"https:\/\/www.facebook.com\/GKKorcula?__cft__[0]=AZX1sCRq_vtqA3VNmqsJbUSv4VQ4dnryX0Fjk05tNatRbpNFPLRqANIB0av0YmExvx1Psidb-jvTOmwLNzPQnTMbjuilFL2evUITU0nTQ006sNbNkOHYFYMtYO74VkzBS0peKWwkWGo_99B-BaJqlmTHTmIEYGr7msm_H_JvsumPN0C9afQl8KpoAxy-0nSV3ho&amp;__tn__=-]K-R\"><span class=\"xt0psk2\"><span class=\"xjp7ctv\">Gradskoj knji\u017enici <em>Ivan Vidali<\/em><\/span><\/span><\/a><\/span> gdje su polaznici kroz prakti\u010dne primjere u\u010dili svakodnevnu komunikaciju, usvajali osnove gramatike i \u0161irili vokabular. Te\u010daj \u0107e trajati do kraja lipnja, a organizira se u suradnji na\u0161e knji\u017enice i voditeljice Tine Andriji\u0107.<\/div>\n<\/div>\n<div class=\"x11i5rnm xat24cr x1mh8g0r x1vvkbs xtlvy1s x126k92a\">\n<div dir=\"auto\">Zbog velikog broja zainteresiranih planiramo te\u010daj ponoviti na jesen. Broj polaznika je ograni\u010den, a prijaviti se mo\u017eete u knji\u017enici!<\/div>\n<\/div>\n","protected":false},"excerpt":{"rendered":"<p>Prvi sat te\u010daja hrvatskog jezika odr\u017ean je danas u Gradskoj knji\u017enici Ivan Vidali gdje su polaznici kroz prakti\u010dne primjere u\u010dili svakodnevnu komunikaciju, usvajali osnove gramatike i \u0161irili vokabular. Te\u010daj \u0107e [&hellip;]<\/p>\n","protected":false},"author":3,"featured_media":1896,"comment_status":"closed","ping_status":"closed","sticky":false,"template":"","format":"standard","meta":{"_et_pb_use_builder":"","_et_pb_old_content":"","_et_gb_content_width":"","footnotes":""},"categories":[11],"tags":[],"class_list":["post-1895","post","type-post","status-publish","format-standard","has-post-thumbnail","hentry","category-aktualno"],"_links":{"self":[{"href":"https:\/\/gk-korcula.hr\/nova\/wp-json\/wp\/v2\/posts\/1895","targetHints":{"allow":["GET"]}}],"collection":[{"href":"https:\/\/gk-korcula.hr\/nova\/wp-json\/wp\/v2\/posts"}],"about":[{"href":"https:\/\/gk-korcula.hr\/nova\/wp-json\/wp\/v2\/types\/post"}],"author":[{"embeddable":true,"href":"https:\/\/gk-korcula.hr\/nova\/wp-json\/wp\/v2\/users\/3"}],"replies":[{"embeddable":true,"href":"https:\/\/gk-korcula.hr\/nova\/wp-json\/wp\/v2\/comments?post=1895"}],"version-history":[{"count":2,"href":"https:\/\/gk-korcula.hr\/nova\/wp-json\/wp\/v2\/posts\/1895\/revisions"}],"predecessor-version":[{"id":1898,"href":"https:\/\/gk-korcula.hr\/nova\/wp-json\/wp\/v2\/posts\/1895\/revisions\/1898"}],"wp:featuredmedia":[{"embeddable":true,"href":"https:\/\/gk-korcula.hr\/nova\/wp-json\/wp\/v2\/media\/1896"}],"wp:attachment":[{"href":"https:\/\/gk-korcula.hr\/nova\/wp-json\/wp\/v2\/media?parent=1895"}],"wp:term":[{"taxonomy":"category","embeddable":true,"href":"https:\/\/gk-korcula.hr\/nova\/wp-json\/wp\/v2\/categories?post=1895"},{"taxonomy":"post_tag","embeddable":true,"href":"https:\/\/gk-korcula.hr\/nova\/wp-json\/wp\/v2\/tags?post=1895"}],"curies":[{"name":"wp","href":"https:\/\/api.w.org\/{rel}","templated":true}]}}