{"id":1957,"date":"2025-04-25T10:47:09","date_gmt":"2025-04-25T08:47:09","guid":{"rendered":"https:\/\/gk-korcula.hr\/nova\/?p=1957"},"modified":"2025-04-25T10:47:09","modified_gmt":"2025-04-25T08:47:09","slug":"volontiranje-kao-nacin-ucenja","status":"publish","type":"post","link":"https:\/\/gk-korcula.hr\/nova\/volontiranje-kao-nacin-ucenja\/","title":{"rendered":"Volontiranje kao na\u010din u\u010denja"},"content":{"rendered":"<p><span class=\"html-span xdj266r x11i5rnm xat24cr x1mh8g0r xexx8yu x4uap5 x18d9i69 xkhd6sd x1hl2dhg x16tdsg8 x1vvkbs\"><a class=\"x1i10hfl xjbqb8w x1ejq31n xd10rxx x1sy0etr x17r0tee x972fbf xcfux6l x1qhh985 xm0m39n x9f619 x1ypdohk xt0psk2 xe8uvvx xdj266r x11i5rnm xat24cr x1mh8g0r xexx8yu x4uap5 x18d9i69 xkhd6sd x16tdsg8 x1hl2dhg xggy1nq x1a2a7pz xkrqix3 x1sur9pj xzsf02u x1s688f\" tabindex=\"0\" role=\"link\" href=\"https:\/\/www.facebook.com\/europedirectkorcula?__cft__[0]=AZXtQbEuv6VIUj79480RKCt-NoRTfpaSJVrdFDizmci8MPKDYPURj_uNQI-IPqU02QallHYsyV33Fr70r8fGWBj7kuQme-3c5jeCWj8pAZmvL2gDGpyYupQx9jWdB2zwsE7vZFveJeFED-S350vWGnk8vrcgtk7B8RqEbxJxBPpBfBzR_DBFHq_sioN1SxWZfMM&amp;__tn__=-]K*F\"><span class=\"xt0psk2\">Europe Direct Kor\u010dula<\/span><\/a><\/span>\u00a0u suradnji s\u00a0<span class=\"html-span xdj266r x11i5rnm xat24cr x1mh8g0r xexx8yu x4uap5 x18d9i69 xkhd6sd x1hl2dhg x16tdsg8 x1vvkbs\"><a class=\"x1i10hfl xjbqb8w x1ejq31n xd10rxx x1sy0etr x17r0tee x972fbf xcfux6l x1qhh985 xm0m39n x9f619 x1ypdohk xt0psk2 xe8uvvx xdj266r x11i5rnm xat24cr x1mh8g0r xexx8yu x4uap5 x18d9i69 xkhd6sd x16tdsg8 x1hl2dhg xggy1nq x1a2a7pz xkrqix3 x1sur9pj xzsf02u x1s688f\" tabindex=\"0\" role=\"link\" href=\"https:\/\/www.facebook.com\/GKKorcula?__cft__[0]=AZXtQbEuv6VIUj79480RKCt-NoRTfpaSJVrdFDizmci8MPKDYPURj_uNQI-IPqU02QallHYsyV33Fr70r8fGWBj7kuQme-3c5jeCWj8pAZmvL2gDGpyYupQx9jWdB2zwsE7vZFveJeFED-S350vWGnk8vrcgtk7B8RqEbxJxBPpBfBzR_DBFHq_sioN1SxWZfMM&amp;__tn__=-]K*F\"><span class=\"xt0psk2\"><span class=\"xjp7ctv\">Gradskom knji\u017enicom\u00a0<em>Ivan Vidali<\/em><\/span><\/span><\/a><\/span>\u00a0organizira edukativnu radionicu za mlade na temu volontiranja i programa \u201cEuropske snage solidarnosti\u201d:<br class=\"html-br\" \/><br class=\"html-br\" \/><span class=\"html-span xexx8yu x4uap5 x18d9i69 xkhd6sd x1hl2dhg x16tdsg8 x1vvkbs x3nfvp2 x1j61x8r x1fcty0u xdj266r xat24cr xgzva0m xhhsvwb xxymvpz xlup9mm x1kky2od\"><img decoding=\"async\" class=\"xz74otr x168nmei x13lgxp2 x5pf9jr xo71vjh\" src=\"https:\/\/static.xx.fbcdn.net\/images\/emoji.php\/v9\/t51\/1\/16\/1f449.png\" alt=\"\ud83d\udc49\" width=\"16\" height=\"16\" \/><\/span>\u00a0\ud835\udc15\ud835\udc28\ud835\udc25\ud835\udc28\ud835\udc27\ud835\udc2d\ud835\udc22\ud835\udc2b\ud835\udc1a\ud835\udc27\ud835\udc23\ud835\udc1e \ud835\udc24\ud835\udc1a\ud835\udc28 \ud835\udc27\ud835\udc1a\ud835\udc1c\u030c\ud835\udc22\ud835\udc27 \ud835\udc2e\ud835\udc1c\u030c\ud835\udc1e\ud835\udc27\ud835\udc23\ud835\udc1a<br class=\"html-br\" \/><span class=\"html-span xexx8yu x4uap5 x18d9i69 xkhd6sd x1hl2dhg x16tdsg8 x1vvkbs x3nfvp2 x1j61x8r x1fcty0u xdj266r xat24cr xgzva0m xhhsvwb xxymvpz xlup9mm x1kky2od\"><img decoding=\"async\" class=\"xz74otr x168nmei x13lgxp2 x5pf9jr xo71vjh\" src=\"https:\/\/static.xx.fbcdn.net\/images\/emoji.php\/v9\/t7e\/1\/16\/1f4c5.png\" alt=\"\ud83d\udcc5\" width=\"16\" height=\"16\" \/><\/span>\u00a0u utorak, 29. travnja 2025.<br class=\"html-br\" \/><span class=\"html-span xexx8yu x4uap5 x18d9i69 xkhd6sd x1hl2dhg x16tdsg8 x1vvkbs x3nfvp2 x1j61x8r x1fcty0u xdj266r xat24cr xgzva0m xhhsvwb xxymvpz xlup9mm x1kky2od\"><img decoding=\"async\" class=\"xz74otr x168nmei x13lgxp2 x5pf9jr xo71vjh\" src=\"https:\/\/static.xx.fbcdn.net\/images\/emoji.php\/v9\/t34\/1\/16\/23f0.png\" alt=\"\u23f0\" width=\"16\" height=\"16\" \/><\/span>\u00a0s po\u010detkom u 11 sati<br class=\"html-br\" \/><span class=\"html-span xexx8yu x4uap5 x18d9i69 xkhd6sd x1hl2dhg x16tdsg8 x1vvkbs x3nfvp2 x1j61x8r x1fcty0u xdj266r xat24cr xgzva0m xhhsvwb xxymvpz xlup9mm x1kky2od\"><img decoding=\"async\" class=\"xz74otr x168nmei x13lgxp2 x5pf9jr xo71vjh\" src=\"https:\/\/static.xx.fbcdn.net\/images\/emoji.php\/v9\/t2d\/1\/16\/1f4cd.png\" alt=\"\ud83d\udccd\" width=\"16\" height=\"16\" \/><\/span>\u00a0<span class=\"html-span xdj266r x11i5rnm xat24cr x1mh8g0r xexx8yu x4uap5 x18d9i69 xkhd6sd x1hl2dhg x16tdsg8 x1vvkbs\"><a class=\"x1i10hfl xjbqb8w x1ejq31n xd10rxx x1sy0etr x17r0tee x972fbf xcfux6l x1qhh985 xm0m39n x9f619 x1ypdohk xt0psk2 xe8uvvx xdj266r x11i5rnm xat24cr x1mh8g0r xexx8yu x4uap5 x18d9i69 xkhd6sd x16tdsg8 x1hl2dhg xggy1nq x1a2a7pz xkrqix3 x1sur9pj xzsf02u x1s688f\" tabindex=\"0\" role=\"link\" href=\"https:\/\/www.facebook.com\/GKKorcula?__cft__[0]=AZXtQbEuv6VIUj79480RKCt-NoRTfpaSJVrdFDizmci8MPKDYPURj_uNQI-IPqU02QallHYsyV33Fr70r8fGWBj7kuQme-3c5jeCWj8pAZmvL2gDGpyYupQx9jWdB2zwsE7vZFveJeFED-S350vWGnk8vrcgtk7B8RqEbxJxBPpBfBzR_DBFHq_sioN1SxWZfMM&amp;__tn__=-]K*F\"><span class=\"xt0psk2\"><span class=\"xjp7ctv\">Gradska knji\u017enica Ivan Vidali<\/span><\/span><\/a><\/span><br class=\"html-br\" \/>\u2014\u2014\u2014\u2014\u2014\u2014\u2014\u2014\u2014<br class=\"html-br\" \/>Radionicu \u0107e voditi Bo\u017eo Simovi\u0107, predstavnik studentske organizacije Erasmus Student Network (ESN) Dubrovnik, koji \u0107e mlade informirati i educirati kako iskoristit volontiranje za osobni rast i bolju pripremu za ulazak na tr\u017ei\u0161te rada.<\/p>\n","protected":false},"excerpt":{"rendered":"<p>Europe Direct Kor\u010dula\u00a0u suradnji s\u00a0Gradskom knji\u017enicom\u00a0Ivan Vidali\u00a0organizira edukativnu radionicu za mlade na temu volontiranja i programa \u201cEuropske snage solidarnosti\u201d:\u00a0\ud835\udc15\ud835\udc28\ud835\udc25\ud835\udc28\ud835\udc27\ud835\udc2d\ud835\udc22\ud835\udc2b\ud835\udc1a\ud835\udc27\ud835\udc23\ud835\udc1e \ud835\udc24\ud835\udc1a\ud835\udc28 \ud835\udc27\ud835\udc1a\ud835\udc1c\u030c\ud835\udc22\ud835\udc27 \ud835\udc2e\ud835\udc1c\u030c\ud835\udc1e\ud835\udc27\ud835\udc23\ud835\udc1a\u00a0u utorak, 29. travnja 2025.\u00a0s po\u010detkom u 11 sati\u00a0Gradska [&hellip;]<\/p>\n","protected":false},"author":3,"featured_media":1958,"comment_status":"closed","ping_status":"closed","sticky":false,"template":"","format":"standard","meta":{"_et_pb_use_builder":"","_et_pb_old_content":"","_et_gb_content_width":"","footnotes":""},"categories":[10],"tags":[],"class_list":["post-1957","post","type-post","status-publish","format-standard","has-post-thumbnail","hentry","category-najave-dogadaja"],"_links":{"self":[{"href":"https:\/\/gk-korcula.hr\/nova\/wp-json\/wp\/v2\/posts\/1957","targetHints":{"allow":["GET"]}}],"collection":[{"href":"https:\/\/gk-korcula.hr\/nova\/wp-json\/wp\/v2\/posts"}],"about":[{"href":"https:\/\/gk-korcula.hr\/nova\/wp-json\/wp\/v2\/types\/post"}],"author":[{"embeddable":true,"href":"https:\/\/gk-korcula.hr\/nova\/wp-json\/wp\/v2\/users\/3"}],"replies":[{"embeddable":true,"href":"https:\/\/gk-korcula.hr\/nova\/wp-json\/wp\/v2\/comments?post=1957"}],"version-history":[{"count":1,"href":"https:\/\/gk-korcula.hr\/nova\/wp-json\/wp\/v2\/posts\/1957\/revisions"}],"predecessor-version":[{"id":1959,"href":"https:\/\/gk-korcula.hr\/nova\/wp-json\/wp\/v2\/posts\/1957\/revisions\/1959"}],"wp:featuredmedia":[{"embeddable":true,"href":"https:\/\/gk-korcula.hr\/nova\/wp-json\/wp\/v2\/media\/1958"}],"wp:attachment":[{"href":"https:\/\/gk-korcula.hr\/nova\/wp-json\/wp\/v2\/media?parent=1957"}],"wp:term":[{"taxonomy":"category","embeddable":true,"href":"https:\/\/gk-korcula.hr\/nova\/wp-json\/wp\/v2\/categories?post=1957"},{"taxonomy":"post_tag","embeddable":true,"href":"https:\/\/gk-korcula.hr\/nova\/wp-json\/wp\/v2\/tags?post=1957"}],"curies":[{"name":"wp","href":"https:\/\/api.w.org\/{rel}","templated":true}]}}