{"id":1982,"date":"2025-05-12T15:11:35","date_gmt":"2025-05-12T13:11:35","guid":{"rendered":"https:\/\/gk-korcula.hr\/nova\/?p=1982"},"modified":"2025-05-12T15:11:35","modified_gmt":"2025-05-12T13:11:35","slug":"odrzana-promocija-knjige-uz-pristanak-vjetra-autora-iva-kara-pesica","status":"publish","type":"post","link":"https:\/\/gk-korcula.hr\/nova\/odrzana-promocija-knjige-uz-pristanak-vjetra-autora-iva-kara-pesica\/","title":{"rendered":"Odr\u017eana promocija knjige &#8220;Uz pristanak vjetra&#8221; autora Iva Kara-Pe\u0161i\u0107a"},"content":{"rendered":"<div class=\"xdj266r x11i5rnm xat24cr x1mh8g0r x1vvkbs x126k92a\">\n<div dir=\"auto\"><span class=\"html-span xexx8yu x4uap5 x18d9i69 xkhd6sd x1hl2dhg x16tdsg8 x1vvkbs x3nfvp2 x1j61x8r x1fcty0u xdj266r xat24cr xgzva0m xhhsvwb xxymvpz xlup9mm x1kky2od\"><img decoding=\"async\" class=\"xz74otr x168nmei x13lgxp2 x5pf9jr xo71vjh\" src=\"https:\/\/static.xx.fbcdn.net\/images\/emoji.php\/v9\/tf3\/1\/16\/1f539.png\" alt=\"\ud83d\udd39\" width=\"16\" height=\"16\" \/><\/span>Ju\u010der je u <span class=\"html-span xdj266r x11i5rnm xat24cr x1mh8g0r xexx8yu x4uap5 x18d9i69 xkhd6sd x1hl2dhg x16tdsg8 x1vvkbs\"><a class=\"x1i10hfl xjbqb8w x1ejq31n xd10rxx x1sy0etr x17r0tee x972fbf xcfux6l x1qhh985 xm0m39n x9f619 x1ypdohk xt0psk2 xe8uvvx xdj266r x11i5rnm xat24cr x1mh8g0r xexx8yu x4uap5 x18d9i69 xkhd6sd x16tdsg8 x1hl2dhg xggy1nq x1a2a7pz xkrqix3 x1sur9pj x1fey0fg x1s688f\" tabindex=\"0\" role=\"link\" href=\"https:\/\/web.facebook.com\/GKKorcula?__cft__[0]=AZXcRBEjDO6zdkV1RTgUZegMjXhgDx7WkbUvM4ByHGJPe5T6kMUnKFVk5NT1yRwDcLOc_O4jEfjAbJ-aKrHqg49vH9YOHQTuj0alUOkgeLNaksP1uh4V6DjWjJTirxikLAOsL9kd8-00ha1khOaaDjW15DPpNwAeXoFR5GbjixEgve78_6ZM3dYadrm3-UOcAgOCOrkA9ga-j0GWpt8Rx1Y3dESnAD05Vec2y9t_3c9vRA&amp;__tn__=-]K-y-R\"><span class=\"xt0psk2\"><span class=\"xjp7ctv\">Gradskoj knji\u017enici <em>Ivan Vidali<\/em><\/span><\/span><\/a><\/span> odr\u017eana promocija dvojezi\u010dne publikacije koja je vodi\u010d za otoke, ali i <em>coffee table island book<\/em>, pod nazivom &#8220;Uz pristanak vjetra&#8221; autora <span class=\"html-span xdj266r x11i5rnm xat24cr x1mh8g0r xexx8yu x4uap5 x18d9i69 xkhd6sd x1hl2dhg x16tdsg8 x1vvkbs\"><a class=\"x1i10hfl xjbqb8w x1ejq31n xd10rxx x1sy0etr x17r0tee x972fbf xcfux6l x1qhh985 xm0m39n x9f619 x1ypdohk xt0psk2 xe8uvvx xdj266r x11i5rnm xat24cr x1mh8g0r xexx8yu x4uap5 x18d9i69 xkhd6sd x16tdsg8 x1hl2dhg xggy1nq x1a2a7pz xkrqix3 x1sur9pj x1fey0fg x1s688f\" tabindex=\"0\" role=\"link\" href=\"https:\/\/web.facebook.com\/ivo.kp.1?__cft__[0]=AZXcRBEjDO6zdkV1RTgUZegMjXhgDx7WkbUvM4ByHGJPe5T6kMUnKFVk5NT1yRwDcLOc_O4jEfjAbJ-aKrHqg49vH9YOHQTuj0alUOkgeLNaksP1uh4V6DjWjJTirxikLAOsL9kd8-00ha1khOaaDjW15DPpNwAeXoFR5GbjixEgve78_6ZM3dYadrm3-UOcAgOCOrkA9ga-j0GWpt8Rx1Y3dESnAD05Vec2y9t_3c9vRA&amp;__tn__=-]K-y-R\"><span class=\"xt0psk2\"><span class=\"xjp7ctv\">Iva Kara-Pe\u0161i\u0107a<\/span><\/span><\/a><\/span>, kao jedna od aktivnosti projekta <span class=\"html-span xdj266r x11i5rnm xat24cr x1mh8g0r xexx8yu x4uap5 x18d9i69 xkhd6sd x1hl2dhg x16tdsg8 x1vvkbs\"><a class=\"x1i10hfl xjbqb8w x1ejq31n xd10rxx x1sy0etr x17r0tee x972fbf xcfux6l x1qhh985 xm0m39n x9f619 x1ypdohk xt0psk2 xe8uvvx xdj266r x11i5rnm xat24cr x1mh8g0r xexx8yu x4uap5 x18d9i69 xkhd6sd x16tdsg8 x1hl2dhg xggy1nq x1a2a7pz xkrqix3 x1sur9pj x1fey0fg x1s688f\" tabindex=\"0\" role=\"link\" href=\"https:\/\/web.facebook.com\/okupiotok?__cft__[0]=AZXcRBEjDO6zdkV1RTgUZegMjXhgDx7WkbUvM4ByHGJPe5T6kMUnKFVk5NT1yRwDcLOc_O4jEfjAbJ-aKrHqg49vH9YOHQTuj0alUOkgeLNaksP1uh4V6DjWjJTirxikLAOsL9kd8-00ha1khOaaDjW15DPpNwAeXoFR5GbjixEgve78_6ZM3dYadrm3-UOcAgOCOrkA9ga-j0GWpt8Rx1Y3dESnAD05Vec2y9t_3c9vRA&amp;__tn__=-]K-y-R\"><span class=\"xt0psk2\"><span class=\"xjp7ctv\">O-kupi otok<\/span><\/span><\/a><\/span>.<\/div>\n<\/div>\n<div class=\"x11i5rnm xat24cr x1mh8g0r x1vvkbs xtlvy1s x126k92a\">\n<div dir=\"auto\"><span class=\"html-span xexx8yu x4uap5 x18d9i69 xkhd6sd x1hl2dhg x16tdsg8 x1vvkbs x3nfvp2 x1j61x8r x1fcty0u xdj266r xat24cr xgzva0m xhhsvwb xxymvpz xlup9mm x1kky2od\"><img decoding=\"async\" class=\"xz74otr x168nmei x13lgxp2 x5pf9jr xo71vjh\" src=\"https:\/\/static.xx.fbcdn.net\/images\/emoji.php\/v9\/tf3\/1\/16\/1f539.png\" alt=\"\ud83d\udd39\" width=\"16\" height=\"16\" \/><\/span>Projekt \u201eO-kupi otok\u201c predstavlja suradnju 3 odabrana oto\u010dna LAG-a s ciljem ja\u010danja me\u0111uteritorijalne povezanosti srednjodalmatinskih i ju\u017enodalmatinskih otoka kroz zajedni\u010dku promociju gastro-kulturnog naslje\u0111a, agrobioraznolikosti podru\u010dja i potencijala partnerskih LAG-ova: <span class=\"html-span xdj266r x11i5rnm xat24cr x1mh8g0r xexx8yu x4uap5 x18d9i69 xkhd6sd x1hl2dhg x16tdsg8 x1vvkbs\"><a class=\"x1i10hfl xjbqb8w x1ejq31n xd10rxx x1sy0etr x17r0tee x972fbf xcfux6l x1qhh985 xm0m39n x9f619 x1ypdohk xt0psk2 xe8uvvx xdj266r x11i5rnm xat24cr x1mh8g0r xexx8yu x4uap5 x18d9i69 xkhd6sd x16tdsg8 x1hl2dhg xggy1nq x1a2a7pz xkrqix3 x1sur9pj x1fey0fg x1s688f\" tabindex=\"0\" role=\"link\" href=\"https:\/\/web.facebook.com\/lag.brac.hr?__cft__[0]=AZXcRBEjDO6zdkV1RTgUZegMjXhgDx7WkbUvM4ByHGJPe5T6kMUnKFVk5NT1yRwDcLOc_O4jEfjAbJ-aKrHqg49vH9YOHQTuj0alUOkgeLNaksP1uh4V6DjWjJTirxikLAOsL9kd8-00ha1khOaaDjW15DPpNwAeXoFR5GbjixEgve78_6ZM3dYadrm3-UOcAgOCOrkA9ga-j0GWpt8Rx1Y3dESnAD05Vec2y9t_3c9vRA&amp;__tn__=-]K-y-R\"><span class=\"xt0psk2\"><span class=\"xjp7ctv\">LAG \/ LAGUR Bra\u010d<\/span><\/span><\/a><\/span>, <span class=\"html-span xdj266r x11i5rnm xat24cr x1mh8g0r xexx8yu x4uap5 x18d9i69 xkhd6sd x1hl2dhg x16tdsg8 x1vvkbs\"><a class=\"x1i10hfl xjbqb8w x1ejq31n xd10rxx x1sy0etr x17r0tee x972fbf xcfux6l x1qhh985 xm0m39n x9f619 x1ypdohk xt0psk2 xe8uvvx xdj266r x11i5rnm xat24cr x1mh8g0r xexx8yu x4uap5 x18d9i69 xkhd6sd x16tdsg8 x1hl2dhg xggy1nq x1a2a7pz xkrqix3 x1sur9pj x1fey0fg x1s688f\" tabindex=\"0\" role=\"link\" href=\"https:\/\/web.facebook.com\/lagskoji?__cft__[0]=AZXcRBEjDO6zdkV1RTgUZegMjXhgDx7WkbUvM4ByHGJPe5T6kMUnKFVk5NT1yRwDcLOc_O4jEfjAbJ-aKrHqg49vH9YOHQTuj0alUOkgeLNaksP1uh4V6DjWjJTirxikLAOsL9kd8-00ha1khOaaDjW15DPpNwAeXoFR5GbjixEgve78_6ZM3dYadrm3-UOcAgOCOrkA9ga-j0GWpt8Rx1Y3dESnAD05Vec2y9t_3c9vRA&amp;__tn__=-]K-y-R\"><span class=\"xt0psk2\"><span class=\"xjp7ctv\">LAG \u229a FLAG \u0160koji<\/span><\/span><\/a><\/span> i <span class=\"html-span xdj266r x11i5rnm xat24cr x1mh8g0r xexx8yu x4uap5 x18d9i69 xkhd6sd x1hl2dhg x16tdsg8 x1vvkbs\"><a class=\"x1i10hfl xjbqb8w x1ejq31n xd10rxx x1sy0etr x17r0tee x972fbf xcfux6l x1qhh985 xm0m39n x9f619 x1ypdohk xt0psk2 xe8uvvx xdj266r x11i5rnm xat24cr x1mh8g0r xexx8yu x4uap5 x18d9i69 xkhd6sd x16tdsg8 x1hl2dhg xggy1nq x1a2a7pz xkrqix3 x1sur9pj x1fey0fg x1s688f\" tabindex=\"0\" role=\"link\" href=\"https:\/\/web.facebook.com\/lag5.hrv?__cft__[0]=AZXcRBEjDO6zdkV1RTgUZegMjXhgDx7WkbUvM4ByHGJPe5T6kMUnKFVk5NT1yRwDcLOc_O4jEfjAbJ-aKrHqg49vH9YOHQTuj0alUOkgeLNaksP1uh4V6DjWjJTirxikLAOsL9kd8-00ha1khOaaDjW15DPpNwAeXoFR5GbjixEgve78_6ZM3dYadrm3-UOcAgOCOrkA9ga-j0GWpt8Rx1Y3dESnAD05Vec2y9t_3c9vRA&amp;__tn__=-]K-y-R\"><span class=\"xt0psk2\"><span class=\"xjp7ctv\">LAG 5<\/span><\/span><\/a><\/span>.<\/div>\n<\/div>\n<div class=\"x11i5rnm xat24cr x1mh8g0r x1vvkbs xtlvy1s x126k92a\">\n<div dir=\"auto\"><span class=\"html-span xexx8yu x4uap5 x18d9i69 xkhd6sd x1hl2dhg x16tdsg8 x1vvkbs x3nfvp2 x1j61x8r x1fcty0u xdj266r xat24cr xgzva0m xhhsvwb xxymvpz xlup9mm x1kky2od\"><img decoding=\"async\" class=\"xz74otr x168nmei x13lgxp2 x5pf9jr xo71vjh\" src=\"https:\/\/static.xx.fbcdn.net\/images\/emoji.php\/v9\/tf3\/1\/16\/1f539.png\" alt=\"\ud83d\udd39\" width=\"16\" height=\"16\" \/><\/span>Ju\u010der smo imali priliku ugostiti autora publikacije <span class=\"html-span xdj266r x11i5rnm xat24cr x1mh8g0r xexx8yu x4uap5 x18d9i69 xkhd6sd x1hl2dhg x16tdsg8 x1vvkbs\"><a class=\"x1i10hfl xjbqb8w x1ejq31n xd10rxx x1sy0etr x17r0tee x972fbf xcfux6l x1qhh985 xm0m39n x9f619 x1ypdohk xt0psk2 xe8uvvx xdj266r x11i5rnm xat24cr x1mh8g0r xexx8yu x4uap5 x18d9i69 xkhd6sd x16tdsg8 x1hl2dhg xggy1nq x1a2a7pz xkrqix3 x1sur9pj x1fey0fg x1s688f\" tabindex=\"0\" role=\"link\" href=\"https:\/\/web.facebook.com\/ivo.kp.1?__cft__[0]=AZXcRBEjDO6zdkV1RTgUZegMjXhgDx7WkbUvM4ByHGJPe5T6kMUnKFVk5NT1yRwDcLOc_O4jEfjAbJ-aKrHqg49vH9YOHQTuj0alUOkgeLNaksP1uh4V6DjWjJTirxikLAOsL9kd8-00ha1khOaaDjW15DPpNwAeXoFR5GbjixEgve78_6ZM3dYadrm3-UOcAgOCOrkA9ga-j0GWpt8Rx1Y3dESnAD05Vec2y9t_3c9vRA&amp;__tn__=-]K-y-R\"><span class=\"xt0psk2\"><span class=\"xjp7ctv\">Iva Kara-Pe\u0161i\u0107a<\/span><\/span><\/a><\/span> koji je magistar filozofije Filozofskog fakultete u Torinu, a bavi se pisanjem, prevo\u0111enjem, osmi\u0161ljavanjem i razvojem europskih i nacionalnih projekata u kulturi. Jedan je od osniva\u010da nevladine organizacije <span class=\"html-span xdj266r x11i5rnm xat24cr x1mh8g0r xexx8yu x4uap5 x18d9i69 xkhd6sd x1hl2dhg x16tdsg8 x1vvkbs\"><a class=\"x1i10hfl xjbqb8w x1ejq31n xd10rxx x1sy0etr x17r0tee x972fbf xcfux6l x1qhh985 xm0m39n x9f619 x1ypdohk xt0psk2 xe8uvvx xdj266r x11i5rnm xat24cr x1mh8g0r xexx8yu x4uap5 x18d9i69 xkhd6sd x16tdsg8 x1hl2dhg xggy1nq x1a2a7pz xkrqix3 x1sur9pj x1fey0fg x1s688f\" tabindex=\"0\" role=\"link\" href=\"https:\/\/web.facebook.com\/kinookus?__cft__[0]=AZXcRBEjDO6zdkV1RTgUZegMjXhgDx7WkbUvM4ByHGJPe5T6kMUnKFVk5NT1yRwDcLOc_O4jEfjAbJ-aKrHqg49vH9YOHQTuj0alUOkgeLNaksP1uh4V6DjWjJTirxikLAOsL9kd8-00ha1khOaaDjW15DPpNwAeXoFR5GbjixEgve78_6ZM3dYadrm3-UOcAgOCOrkA9ga-j0GWpt8Rx1Y3dESnAD05Vec2y9t_3c9vRA&amp;__tn__=-]K-y-R\"><span class=\"xt0psk2\"><span class=\"xjp7ctv\">Kinookus<\/span><\/span><\/a><\/span> i istoimenog food film festivala u Stonu.<\/div>\n<\/div>\n<div class=\"x11i5rnm xat24cr x1mh8g0r x1vvkbs xtlvy1s x126k92a\">\n<div dir=\"auto\"><span class=\"html-span xexx8yu x4uap5 x18d9i69 xkhd6sd x1hl2dhg x16tdsg8 x1vvkbs x3nfvp2 x1j61x8r x1fcty0u xdj266r xat24cr xgzva0m xhhsvwb xxymvpz xlup9mm x1kky2od\"><img decoding=\"async\" class=\"xz74otr x168nmei x13lgxp2 x5pf9jr xo71vjh\" src=\"https:\/\/static.xx.fbcdn.net\/images\/emoji.php\/v9\/tf3\/1\/16\/1f539.png\" alt=\"\ud83d\udd39\" width=\"16\" height=\"16\" \/><\/span>U vrlo zanimljivom i dinami\u010dnom izlaganju saznali smo kako je izgledao kreativan proces stvaranja ove publikacije, za\u0161to je pristao sudjelovati u ovom projektu, kako je Kara-Pe\u0161i\u0107 osjetio esenciju oto\u010dne sporosti i jo\u0161 bolje je prenio na stranice ove knjige i na koji na\u010din je uhvatio sr\u017e identiteta brojnih oto\u010dana: Kor\u010dule, Mljeta, Lastova, Visa, \u0160olte, Hvara, Bra\u010da i poluotoka Pelje\u0161ca.<\/div>\n<\/div>\n<div class=\"x11i5rnm xat24cr x1mh8g0r x1vvkbs xtlvy1s x126k92a\">\n<div dir=\"auto\"><span class=\"html-span xexx8yu x4uap5 x18d9i69 xkhd6sd x1hl2dhg x16tdsg8 x1vvkbs x3nfvp2 x1j61x8r x1fcty0u xdj266r xat24cr xgzva0m xhhsvwb xxymvpz xlup9mm x1kky2od\"><img decoding=\"async\" class=\"xz74otr x168nmei x13lgxp2 x5pf9jr xo71vjh\" src=\"https:\/\/static.xx.fbcdn.net\/images\/emoji.php\/v9\/tf3\/1\/16\/1f539.png\" alt=\"\ud83d\udd39\" width=\"16\" height=\"16\" \/><\/span>Ako \u017eelite saznati \u0161to zna\u010di piti vino od sorte koja je na otoku vjerojatno tisu\u0107ama godina, mogu li se srednjodalmatinski i ju\u017enodalmatinski otoci promatrati kao jedinstvena oto\u010dna regija, \u0161to zna\u010di nekoga ugostiti, kako osjetiti duh mjesta koje smo posjetili, u \u010demu je tajna hrane koju jedemo na otocima i odgovore na brojna druga pitanja &#8211; pro\u010ditajte ovu genijalnu i jedinstvenu zbirku impresija o oto\u010dnom \u017eivotu &#8220;Uz pristanak vjetra&#8221; <span class=\"html-span xexx8yu x4uap5 x18d9i69 xkhd6sd x1hl2dhg x16tdsg8 x1vvkbs x3nfvp2 x1j61x8r x1fcty0u xdj266r xat24cr xgzva0m xhhsvwb xxymvpz xlup9mm x1kky2od\"><img decoding=\"async\" class=\"xz74otr x168nmei x13lgxp2 x5pf9jr xo71vjh\" src=\"https:\/\/static.xx.fbcdn.net\/images\/emoji.php\/v9\/tc3\/1\/16\/1f4a8.png\" alt=\"\ud83d\udca8\" width=\"16\" height=\"16\" \/><\/span><\/div>\n<\/div>\n<div class=\"x11i5rnm xat24cr x1mh8g0r x1vvkbs xtlvy1s x126k92a\">\n<div dir=\"auto\"><span class=\"html-span xexx8yu x4uap5 x18d9i69 xkhd6sd x1hl2dhg x16tdsg8 x1vvkbs x3nfvp2 x1j61x8r x1fcty0u xdj266r xat24cr xgzva0m xhhsvwb xxymvpz xlup9mm x1kky2od\"><img decoding=\"async\" class=\"xz74otr x168nmei x13lgxp2 x5pf9jr xo71vjh\" src=\"https:\/\/static.xx.fbcdn.net\/images\/emoji.php\/v9\/tf3\/1\/16\/1f539.png\" alt=\"\ud83d\udd39\" width=\"16\" height=\"16\" \/><\/span>Jako smo ponosni na ovu publikaciju i zahvaljujemo Ivu na gostovanju i vremenu\u00a0i svim posjetiteljima koji su s nama ju\u010der u\u017eivali <span class=\"html-span xexx8yu x4uap5 x18d9i69 xkhd6sd x1hl2dhg x16tdsg8 x1vvkbs x3nfvp2 x1j61x8r x1fcty0u xdj266r xat24cr xgzva0m xhhsvwb xxymvpz xlup9mm x1kky2od\"><img decoding=\"async\" class=\"xz74otr x168nmei x13lgxp2 x5pf9jr xo71vjh\" src=\"https:\/\/static.xx.fbcdn.net\/images\/emoji.php\/v9\/t97\/1\/16\/1fa75.png\" alt=\"\ud83e\ude75\" width=\"16\" height=\"16\" \/><\/span><\/div>\n<\/div>\n<div dir=\"auto\">Fotografije s doga\u0111anja pogledajte <a href=\"https:\/\/web.facebook.com\/GKKorcula\/posts\/pfbid02GEJeAJAo7Ev1JXZpv3L9VkfKht5VoQ9r4NvWmB2JtkscT9yWqJKC3WMgH2yLqRAKl\">ovdje<\/a>.<\/div>\n","protected":false},"excerpt":{"rendered":"<p>Ju\u010der je u Gradskoj knji\u017enici Ivan Vidali odr\u017eana promocija dvojezi\u010dne publikacije koja je vodi\u010d za otoke, ali i coffee table island book, pod nazivom &#8220;Uz pristanak vjetra&#8221; autora Iva Kara-Pe\u0161i\u0107a, [&hellip;]<\/p>\n","protected":false},"author":3,"featured_media":1983,"comment_status":"closed","ping_status":"closed","sticky":false,"template":"","format":"standard","meta":{"_et_pb_use_builder":"","_et_pb_old_content":"","_et_gb_content_width":"","footnotes":""},"categories":[11],"tags":[],"class_list":["post-1982","post","type-post","status-publish","format-standard","has-post-thumbnail","hentry","category-aktualno"],"_links":{"self":[{"href":"https:\/\/gk-korcula.hr\/nova\/wp-json\/wp\/v2\/posts\/1982","targetHints":{"allow":["GET"]}}],"collection":[{"href":"https:\/\/gk-korcula.hr\/nova\/wp-json\/wp\/v2\/posts"}],"about":[{"href":"https:\/\/gk-korcula.hr\/nova\/wp-json\/wp\/v2\/types\/post"}],"author":[{"embeddable":true,"href":"https:\/\/gk-korcula.hr\/nova\/wp-json\/wp\/v2\/users\/3"}],"replies":[{"embeddable":true,"href":"https:\/\/gk-korcula.hr\/nova\/wp-json\/wp\/v2\/comments?post=1982"}],"version-history":[{"count":1,"href":"https:\/\/gk-korcula.hr\/nova\/wp-json\/wp\/v2\/posts\/1982\/revisions"}],"predecessor-version":[{"id":1984,"href":"https:\/\/gk-korcula.hr\/nova\/wp-json\/wp\/v2\/posts\/1982\/revisions\/1984"}],"wp:featuredmedia":[{"embeddable":true,"href":"https:\/\/gk-korcula.hr\/nova\/wp-json\/wp\/v2\/media\/1983"}],"wp:attachment":[{"href":"https:\/\/gk-korcula.hr\/nova\/wp-json\/wp\/v2\/media?parent=1982"}],"wp:term":[{"taxonomy":"category","embeddable":true,"href":"https:\/\/gk-korcula.hr\/nova\/wp-json\/wp\/v2\/categories?post=1982"},{"taxonomy":"post_tag","embeddable":true,"href":"https:\/\/gk-korcula.hr\/nova\/wp-json\/wp\/v2\/tags?post=1982"}],"curies":[{"name":"wp","href":"https:\/\/api.w.org\/{rel}","templated":true}]}}