{"id":1991,"date":"2025-05-15T08:50:52","date_gmt":"2025-05-15T06:50:52","guid":{"rendered":"https:\/\/gk-korcula.hr\/nova\/?p=1991"},"modified":"2025-05-26T08:55:05","modified_gmt":"2025-05-26T06:55:05","slug":"%f0%9f%93%9a%f0%9f%90%be-predstavljanje-knjige-fredove-avanture-u-gradskoj-knjiznici-ivan-vidali-%f0%9f%90%be%f0%9f%93%9a","status":"publish","type":"post","link":"https:\/\/gk-korcula.hr\/nova\/%f0%9f%93%9a%f0%9f%90%be-predstavljanje-knjige-fredove-avanture-u-gradskoj-knjiznici-ivan-vidali-%f0%9f%90%be%f0%9f%93%9a\/","title":{"rendered":"\ud83d\udcda\ud83d\udc3e Predstavljanje knjige &#8220;Fredove avanture&#8221; u Gradskoj knji\u017enici Ivan Vidali! \ud83d\udc3e\ud83d\udcda"},"content":{"rendered":"<div class=\"x11i5rnm xat24cr x1mh8g0r x1vvkbs xtlvy1s x126k92a\">\n<div dir=\"auto\">U srijedu, 14. svibnja, u <span class=\"html-span xdj266r x11i5rnm xat24cr x1mh8g0r xexx8yu x4uap5 x18d9i69 xkhd6sd x1hl2dhg x16tdsg8 x1vvkbs\"><a class=\"x1i10hfl xjbqb8w x1ejq31n xd10rxx x1sy0etr x17r0tee x972fbf xcfux6l x1qhh985 xm0m39n x9f619 x1ypdohk xt0psk2 xe8uvvx xdj266r x11i5rnm xat24cr x1mh8g0r xexx8yu x4uap5 x18d9i69 xkhd6sd x16tdsg8 x1hl2dhg xggy1nq x1a2a7pz xkrqix3 x1sur9pj x1fey0fg x1s688f\" tabindex=\"0\" role=\"link\" href=\"https:\/\/www.facebook.com\/GKKorcula?__cft__[0]=AZXH55wQsAIUWAsaqyndy4uMwCEiDKQ4ejAgZJxxOvqHQhYSpT_jsHpjKs2jdxuVp71xyn6ezMZln1xZgg1SpwtWcAYY_eyjx9wTj7yWfEhhGaXqjd6wFf32NOEypGT4M-S_X3VqLbLc_MUMvpI6uA_MMLqFR8l7gwsYm9KXZuwkSyJpffiIvH-t1hsS08Y6fyHFABHQnVG-mKZdXkXEOD76&amp;__tn__=-]K-R\"><span class=\"xt0psk2\"><span class=\"xjp7ctv\">Gradskoj knji\u017enici <em>Ivan Vidali<\/em><\/span><\/span><\/a><\/span> odr\u017eana je promocija zbirke pri\u010da za djecu &#8220;Fredove avanture&#8221;, autorice Jasne Antunovi\u0107, u\u010diteljice Osnovne \u0161kole Petra Kanaveli\u0107a. Knjiga nas vodi kroz zabavne i dirljive pustolovine nesta\u0161nog psi\u0107a Freda, a ilustrirali su je u\u010denici <span class=\"html-span xdj266r x11i5rnm xat24cr x1mh8g0r xexx8yu x4uap5 x18d9i69 xkhd6sd x1hl2dhg x16tdsg8 x1vvkbs\"><a class=\"x1i10hfl xjbqb8w x1ejq31n xd10rxx x1sy0etr x17r0tee x972fbf xcfux6l x1qhh985 xm0m39n x9f619 x1ypdohk xt0psk2 xe8uvvx xdj266r x11i5rnm xat24cr x1mh8g0r xexx8yu x4uap5 x18d9i69 xkhd6sd x16tdsg8 x1hl2dhg xggy1nq x1a2a7pz xkrqix3 x1sur9pj x1fey0fg x1s688f\" tabindex=\"0\" role=\"link\" href=\"https:\/\/www.facebook.com\/profile.php?id=61565732390375&amp;__cft__[0]=AZXH55wQsAIUWAsaqyndy4uMwCEiDKQ4ejAgZJxxOvqHQhYSpT_jsHpjKs2jdxuVp71xyn6ezMZln1xZgg1SpwtWcAYY_eyjx9wTj7yWfEhhGaXqjd6wFf32NOEypGT4M-S_X3VqLbLc_MUMvpI6uA_MMLqFR8l7gwsYm9KXZuwkSyJpffiIvH-t1hsS08Y6fyHFABHQnVG-mKZdXkXEOD76&amp;__tn__=-]K-R\"><span class=\"xt0psk2\"><span class=\"xjp7ctv\">O\u0160 Petra Kanaveli\u0107a Kor\u010dula<\/span><\/span><\/a><\/span> koji su nam pro\u010ditali odabrane ulomke iz knjige.<span class=\"html-span xexx8yu x4uap5 x18d9i69 xkhd6sd x1hl2dhg x16tdsg8 x1vvkbs x3nfvp2 x1j61x8r x1fcty0u xdj266r xat24cr xgzva0m xhhsvwb xxymvpz xlup9mm x1kky2od\"><img decoding=\"async\" class=\"xz74otr x168nmei x13lgxp2 x5pf9jr xo71vjh\" src=\"https:\/\/static.xx.fbcdn.net\/images\/emoji.php\/v9\/t82\/1\/16\/1f3a8.png\" alt=\"\ud83c\udfa8\" width=\"16\" height=\"16\" \/><\/span><span class=\"html-span xexx8yu x4uap5 x18d9i69 xkhd6sd x1hl2dhg x16tdsg8 x1vvkbs x3nfvp2 x1j61x8r x1fcty0u xdj266r xat24cr xgzva0m xhhsvwb xxymvpz xlup9mm x1kky2od\"><img decoding=\"async\" class=\"xz74otr x168nmei x13lgxp2 x5pf9jr xo71vjh\" src=\"https:\/\/static.xx.fbcdn.net\/images\/emoji.php\/v9\/t9e\/1\/16\/1f4d6.png\" alt=\"\ud83d\udcd6\" width=\"16\" height=\"16\" \/><\/span><\/div>\n<\/div>\n<div class=\"x11i5rnm xat24cr x1mh8g0r x1vvkbs xtlvy1s x126k92a\">\n<div dir=\"auto\">\u017delite li saznati vi\u0161e o Fredovim avanturama, posudite knjigu u na\u0161oj Gradskoj knji\u017enici!<\/div>\n<\/div>\n<div dir=\"auto\">Fotografije s doga\u0111anja pogledajte <a href=\"https:\/\/www.facebook.com\/GKKorcula\/posts\/pfbid0pr3wqbjxiAzyzVMzb5prM1dcsjopYpsMq68ZuG9Dpf7WU3vnuBgwigP2BbzVUxsLl\">ovdje<\/a>!<\/div>\n","protected":false},"excerpt":{"rendered":"<p>U srijedu, 14. svibnja, u Gradskoj knji\u017enici Ivan Vidali odr\u017eana je promocija zbirke pri\u010da za djecu &#8220;Fredove avanture&#8221;, autorice Jasne Antunovi\u0107, u\u010diteljice Osnovne \u0161kole Petra Kanaveli\u0107a. Knjiga nas vodi kroz [&hellip;]<\/p>\n","protected":false},"author":3,"featured_media":1993,"comment_status":"closed","ping_status":"closed","sticky":false,"template":"","format":"standard","meta":{"_et_pb_use_builder":"","_et_pb_old_content":"","_et_gb_content_width":"","footnotes":""},"categories":[11],"tags":[],"class_list":["post-1991","post","type-post","status-publish","format-standard","has-post-thumbnail","hentry","category-aktualno"],"_links":{"self":[{"href":"https:\/\/gk-korcula.hr\/nova\/wp-json\/wp\/v2\/posts\/1991","targetHints":{"allow":["GET"]}}],"collection":[{"href":"https:\/\/gk-korcula.hr\/nova\/wp-json\/wp\/v2\/posts"}],"about":[{"href":"https:\/\/gk-korcula.hr\/nova\/wp-json\/wp\/v2\/types\/post"}],"author":[{"embeddable":true,"href":"https:\/\/gk-korcula.hr\/nova\/wp-json\/wp\/v2\/users\/3"}],"replies":[{"embeddable":true,"href":"https:\/\/gk-korcula.hr\/nova\/wp-json\/wp\/v2\/comments?post=1991"}],"version-history":[{"count":1,"href":"https:\/\/gk-korcula.hr\/nova\/wp-json\/wp\/v2\/posts\/1991\/revisions"}],"predecessor-version":[{"id":1994,"href":"https:\/\/gk-korcula.hr\/nova\/wp-json\/wp\/v2\/posts\/1991\/revisions\/1994"}],"wp:featuredmedia":[{"embeddable":true,"href":"https:\/\/gk-korcula.hr\/nova\/wp-json\/wp\/v2\/media\/1993"}],"wp:attachment":[{"href":"https:\/\/gk-korcula.hr\/nova\/wp-json\/wp\/v2\/media?parent=1991"}],"wp:term":[{"taxonomy":"category","embeddable":true,"href":"https:\/\/gk-korcula.hr\/nova\/wp-json\/wp\/v2\/categories?post=1991"},{"taxonomy":"post_tag","embeddable":true,"href":"https:\/\/gk-korcula.hr\/nova\/wp-json\/wp\/v2\/tags?post=1991"}],"curies":[{"name":"wp","href":"https:\/\/api.w.org\/{rel}","templated":true}]}}