{"id":2004,"date":"2025-05-26T09:08:37","date_gmt":"2025-05-26T07:08:37","guid":{"rendered":"https:\/\/gk-korcula.hr\/nova\/?p=2004"},"modified":"2025-05-26T09:08:37","modified_gmt":"2025-05-26T07:08:37","slug":"4-okrugli-stol-o-potencijalima-razvitka-manjih-mjesta-i-gradova-promicanjem-knjige-i-citanja","status":"publish","type":"post","link":"https:\/\/gk-korcula.hr\/nova\/4-okrugli-stol-o-potencijalima-razvitka-manjih-mjesta-i-gradova-promicanjem-knjige-i-citanja\/","title":{"rendered":"4. okrugli stol o potencijalima razvitka manjih mjesta i gradova promicanjem knjige i \u010ditanja"},"content":{"rendered":"<div class=\"xdj266r x11i5rnm xat24cr x1mh8g0r x1vvkbs x126k92a\">\n<div dir=\"auto\">Posljednji dan 4. okruglog stola o potencijalima razvitka manjih mjesta i gradova promicanjem knjige i \u010ditanja, u organizaciji Hrvatskog knji\u017eni\u010darskog dru\u0161tva, odr\u017eao se u <span class=\"html-span xdj266r x11i5rnm xat24cr x1mh8g0r xexx8yu x4uap5 x18d9i69 xkhd6sd x1hl2dhg x16tdsg8 x1vvkbs\"><a class=\"x1i10hfl xjbqb8w x1ejq31n xd10rxx x1sy0etr x17r0tee x972fbf xcfux6l x1qhh985 xm0m39n x9f619 x1ypdohk xt0psk2 xe8uvvx xdj266r x11i5rnm xat24cr x1mh8g0r xexx8yu x4uap5 x18d9i69 xkhd6sd x16tdsg8 x1hl2dhg xggy1nq x1a2a7pz xkrqix3 x1sur9pj x1fey0fg x1s688f\" tabindex=\"0\" role=\"link\" href=\"https:\/\/www.facebook.com\/GKKorcula?__cft__[0]=AZX9oPansgRK8UhHJouIY6p2TnXtLhhh-kMFEPOzZyYXH-BRWgH3MdLb2IzTl7PXoXoKMpLG-7WzZRSzZZ_aWFr5b2SE9vddM-RD0YqF5cJM1qRKGu40Z8_4K64OzO0efGoG6594on7cqn9YN0LaTchnpXNagzThyN75b7Pm71L6KtxORwjlcMEPhfDSm3Z2NUPZxP48uvnq6h1RxGk6xvZa&amp;__tn__=-]K-R\"><span class=\"xt0psk2\"><span class=\"xjp7ctv\">Gradskoj knji\u017enici <em>Ivan Vidali<\/em><\/span><\/span><\/a><\/span>. Svojim smo kolegama predstavili kor\u010dulansku knji\u017enicu te primjere dobre prakse koje provodimo u svrhu o\u010duvanja kulturne, posebno kulinarske, ba\u0161tine.<\/div>\n<\/div>\n<div class=\"x11i5rnm xat24cr x1mh8g0r x1vvkbs xtlvy1s x126k92a\">\n<div dir=\"auto\">Ovom su prilikom odr\u017eana i predstavljanja dviju kor\u010dulanskih kuharica &#8211; &#8220;Gastronomska ba\u0161tina otoka Kor\u010dule i poluotoka Pelje\u0161ca&#8221; koju je predstavio Ante Skokandi\u0107, voditelj ugostiteljskog praktikuma <span class=\"html-span xdj266r x11i5rnm xat24cr x1mh8g0r xexx8yu x4uap5 x18d9i69 xkhd6sd x1hl2dhg x16tdsg8 x1vvkbs\"><a class=\"x1i10hfl xjbqb8w x1ejq31n xd10rxx x1sy0etr x17r0tee x972fbf xcfux6l x1qhh985 xm0m39n x9f619 x1ypdohk xt0psk2 xe8uvvx xdj266r x11i5rnm xat24cr x1mh8g0r xexx8yu x4uap5 x18d9i69 xkhd6sd x16tdsg8 x1hl2dhg xggy1nq x1a2a7pz xkrqix3 x1sur9pj x1fey0fg x1s688f\" tabindex=\"0\" role=\"link\" href=\"https:\/\/www.facebook.com\/profile.php?id=100069091964965&amp;__cft__[0]=AZX9oPansgRK8UhHJouIY6p2TnXtLhhh-kMFEPOzZyYXH-BRWgH3MdLb2IzTl7PXoXoKMpLG-7WzZRSzZZ_aWFr5b2SE9vddM-RD0YqF5cJM1qRKGu40Z8_4K64OzO0efGoG6594on7cqn9YN0LaTchnpXNagzThyN75b7Pm71L6KtxORwjlcMEPhfDSm3Z2NUPZxP48uvnq6h1RxGk6xvZa&amp;__tn__=-]K-R\"><span class=\"xt0psk2\"><span class=\"xjp7ctv\">Srednje \u0161kole Petra \u0160egedina Kor\u010dula<\/span><\/span><\/a><\/span> i &#8220;Slatka Kor\u010dula- slatkarije kor\u010dulanskih nona&#8221; autorice Franice Tasovac. Anamarija Radovanovi\u0107 predstavila je knjigu &#8220;Vratimo se prirodi&#8221; koja je nastala kao rezultat istoimenog projekta provedenog u Osnovnoj \u0161koli Ante Cura\u0107 Pinjac u \u017drnovu, s ciljem poticanja istra\u017eivanja ba\u0161tinskih vrijednosti koje su skrivene u prirodi.<\/div>\n<div dir=\"auto\">Nakon radnog dijela programa, sudionici su razgledali staru gradsku jezgru u pratnji <span class=\"html-span xdj266r x11i5rnm xat24cr x1mh8g0r xexx8yu x4uap5 x18d9i69 xkhd6sd x1hl2dhg x16tdsg8 x1vvkbs\"><a class=\"x1i10hfl xjbqb8w x1ejq31n xd10rxx x1sy0etr x17r0tee x972fbf xcfux6l x1qhh985 xm0m39n x9f619 x1ypdohk xt0psk2 xe8uvvx xdj266r x11i5rnm xat24cr x1mh8g0r xexx8yu x4uap5 x18d9i69 xkhd6sd x16tdsg8 x1hl2dhg xggy1nq x1a2a7pz xkrqix3 x1sur9pj x1fey0fg x1s688f\" tabindex=\"0\" role=\"link\" href=\"https:\/\/www.facebook.com\/andrea.tedeschi.944?__cft__[0]=AZX9oPansgRK8UhHJouIY6p2TnXtLhhh-kMFEPOzZyYXH-BRWgH3MdLb2IzTl7PXoXoKMpLG-7WzZRSzZZ_aWFr5b2SE9vddM-RD0YqF5cJM1qRKGu40Z8_4K64OzO0efGoG6594on7cqn9YN0LaTchnpXNagzThyN75b7Pm71L6KtxORwjlcMEPhfDSm3Z2NUPZxP48uvnq6h1RxGk6xvZa&amp;__tn__=-]K-R\"><span class=\"xt0psk2\"><span class=\"xjp7ctv\">Andree Tedeschi <\/span><\/span><\/a><\/span>i sudjelovali na gastro radionici izrade tradicionalnog jela &#8220;\u017drnovski makaruni&#8221; koju su vodile \u010dlanice istoimene udruge iz mjesta \u017drnovo na Kor\u010duli, <span class=\"html-span xdj266r x11i5rnm xat24cr x1mh8g0r xexx8yu x4uap5 x18d9i69 xkhd6sd x1hl2dhg x16tdsg8 x1vvkbs\"><a class=\"x1i10hfl xjbqb8w x1ejq31n xd10rxx x1sy0etr x17r0tee x972fbf xcfux6l x1qhh985 xm0m39n x9f619 x1ypdohk xt0psk2 xe8uvvx xdj266r x11i5rnm xat24cr x1mh8g0r xexx8yu x4uap5 x18d9i69 xkhd6sd x16tdsg8 x1hl2dhg xggy1nq x1a2a7pz xkrqix3 x1sur9pj x1fey0fg x1s688f\" tabindex=\"0\" role=\"link\" href=\"https:\/\/www.facebook.com\/profile.php?id=100071016743936&amp;__cft__[0]=AZX9oPansgRK8UhHJouIY6p2TnXtLhhh-kMFEPOzZyYXH-BRWgH3MdLb2IzTl7PXoXoKMpLG-7WzZRSzZZ_aWFr5b2SE9vddM-RD0YqF5cJM1qRKGu40Z8_4K64OzO0efGoG6594on7cqn9YN0LaTchnpXNagzThyN75b7Pm71L6KtxORwjlcMEPhfDSm3Z2NUPZxP48uvnq6h1RxGk6xvZa&amp;__tn__=-]K-R\"><span class=\"xt0psk2\"><span class=\"xjp7ctv\">Udruga \u017drnovski makaruni<\/span><\/span><\/a><\/span>.<\/div>\n<\/div>\n<div class=\"x11i5rnm xat24cr x1mh8g0r x1vvkbs xtlvy1s x126k92a\">\n<div dir=\"auto\">Zahvaljujemo svima koji su sudjelovali, podijelili svoja znanja i iskustva te svojim prisustvom obogatili posljednji dan okruglog stola. Veselimo se budu\u0107im susretima i nastavku suradnje na promicanju \u010ditanja, knjige i o\u010duvanja lokalne ba\u0161tine u manjim sredinama.<\/div>\n<\/div>\n<div dir=\"auto\">Fotografije pogledajte <a href=\"https:\/\/www.facebook.com\/GKKorcula\/posts\/pfbid04T6W56bocXndDCcsQ15DxNC9q7GyfqJ4mTf9J7oPfvJSKYKxeoRz63Lp4PiVdk9nl\">ovdje<\/a>!<\/div>\n","protected":false},"excerpt":{"rendered":"<p>Posljednji dan 4. okruglog stola o potencijalima razvitka manjih mjesta i gradova promicanjem knjige i \u010ditanja, u organizaciji Hrvatskog knji\u017eni\u010darskog dru\u0161tva, odr\u017eao se u Gradskoj knji\u017enici Ivan Vidali. Svojim smo [&hellip;]<\/p>\n","protected":false},"author":3,"featured_media":2005,"comment_status":"closed","ping_status":"closed","sticky":false,"template":"","format":"standard","meta":{"_et_pb_use_builder":"","_et_pb_old_content":"","_et_gb_content_width":"","footnotes":""},"categories":[11],"tags":[],"class_list":["post-2004","post","type-post","status-publish","format-standard","has-post-thumbnail","hentry","category-aktualno"],"_links":{"self":[{"href":"https:\/\/gk-korcula.hr\/nova\/wp-json\/wp\/v2\/posts\/2004","targetHints":{"allow":["GET"]}}],"collection":[{"href":"https:\/\/gk-korcula.hr\/nova\/wp-json\/wp\/v2\/posts"}],"about":[{"href":"https:\/\/gk-korcula.hr\/nova\/wp-json\/wp\/v2\/types\/post"}],"author":[{"embeddable":true,"href":"https:\/\/gk-korcula.hr\/nova\/wp-json\/wp\/v2\/users\/3"}],"replies":[{"embeddable":true,"href":"https:\/\/gk-korcula.hr\/nova\/wp-json\/wp\/v2\/comments?post=2004"}],"version-history":[{"count":1,"href":"https:\/\/gk-korcula.hr\/nova\/wp-json\/wp\/v2\/posts\/2004\/revisions"}],"predecessor-version":[{"id":2006,"href":"https:\/\/gk-korcula.hr\/nova\/wp-json\/wp\/v2\/posts\/2004\/revisions\/2006"}],"wp:featuredmedia":[{"embeddable":true,"href":"https:\/\/gk-korcula.hr\/nova\/wp-json\/wp\/v2\/media\/2005"}],"wp:attachment":[{"href":"https:\/\/gk-korcula.hr\/nova\/wp-json\/wp\/v2\/media?parent=2004"}],"wp:term":[{"taxonomy":"category","embeddable":true,"href":"https:\/\/gk-korcula.hr\/nova\/wp-json\/wp\/v2\/categories?post=2004"},{"taxonomy":"post_tag","embeddable":true,"href":"https:\/\/gk-korcula.hr\/nova\/wp-json\/wp\/v2\/tags?post=2004"}],"curies":[{"name":"wp","href":"https:\/\/api.w.org\/{rel}","templated":true}]}}