{"id":2057,"date":"2025-06-13T19:04:37","date_gmt":"2025-06-13T17:04:37","guid":{"rendered":"https:\/\/gk-korcula.hr\/nova\/?p=2057"},"modified":"2025-06-13T19:04:37","modified_gmt":"2025-06-13T17:04:37","slug":"korcula-bernarda-bernardija-korculanska-bastina","status":"publish","type":"post","link":"https:\/\/gk-korcula.hr\/nova\/korcula-bernarda-bernardija-korculanska-bastina\/","title":{"rendered":"Kor\u010dula Bernarda Bernardija [Kor\u010dulanska ba\u0161tina]"},"content":{"rendered":"<div class=\"x14z9mp xat24cr x1lziwak x1vvkbs xtlvy1s x126k92a\">\n<div dir=\"auto\">U utorak, 10. lipnja, odr\u017eana je sve\u010dana dodjela priznanja u\u010denicima i njihovim mentorima za najbolje literarne, likovne i dramske radove prijavljene na natje\u010daj Kor\u010dula Bernarda Bernardija. Natje\u010daj je raspisan u sklopu dugogodi\u0161njeg programa Kor\u010dulanska ba\u0161tina, namijenjenog djeci i mladima, a provodi ga na\u0161a knji\u017enica u suradnji sa TZ-a Grada Kor\u010dule (<span class=\"html-span xdj266r x14z9mp xat24cr x1lziwak xexx8yu xyri2b x18d9i69 x1c1uobl x1hl2dhg x16tdsg8 x1vvkbs\"><a class=\"x1i10hfl xjbqb8w x1ejq31n x18oe1m7 x1sy0etr xstzfhl x972fbf x10w94by x1qhh985 x14e42zd x9f619 x1ypdohk xt0psk2 xe8uvvx xdj266r x14z9mp xat24cr x1lziwak xexx8yu xyri2b x18d9i69 x1c1uobl x16tdsg8 x1hl2dhg xggy1nq x1a2a7pz xkrqix3 x1sur9pj x1fey0fg x1s688f\" tabindex=\"0\" role=\"link\" href=\"https:\/\/www.facebook.com\/KorculaTouristBoard?__cft__[0]=AZVBuy3Hnpn9PJtXLX0P6wwZQrW9e7kCm4wWGGAaRKzPbL7m9sdbK7013zPwUHI1Ks-PbxBsGCH84WbmlY1KS6gWiuntmvUO1i5-UF_Kk4hmQY__zRZHSN4t3HYkgFBgdHI3SibOHOuUbGhM7u1BziU59FH3-GMfdBMUbrYFL2IXat--Snj-e0-3CLcqXXyhT21uXSoaA63qHDAgIvllDOi4&amp;__tn__=-]K-R\"><span class=\"xt0psk2\"><span class=\"xjp7ctv\">Visit Kor\u010dula<\/span><\/span><\/a><\/span>) i op\u0107ine Lumbarda (<span class=\"html-span xdj266r x14z9mp xat24cr x1lziwak xexx8yu xyri2b x18d9i69 x1c1uobl x1hl2dhg x16tdsg8 x1vvkbs\"><a class=\"x1i10hfl xjbqb8w x1ejq31n x18oe1m7 x1sy0etr xstzfhl x972fbf x10w94by x1qhh985 x14e42zd x9f619 x1ypdohk xt0psk2 xe8uvvx xdj266r x14z9mp xat24cr x1lziwak xexx8yu xyri2b x18d9i69 x1c1uobl x16tdsg8 x1hl2dhg xggy1nq x1a2a7pz xkrqix3 x1sur9pj x1fey0fg x1s688f\" tabindex=\"0\" role=\"link\" href=\"https:\/\/www.facebook.com\/lumbarda.opcina?__cft__[0]=AZVBuy3Hnpn9PJtXLX0P6wwZQrW9e7kCm4wWGGAaRKzPbL7m9sdbK7013zPwUHI1Ks-PbxBsGCH84WbmlY1KS6gWiuntmvUO1i5-UF_Kk4hmQY__zRZHSN4t3HYkgFBgdHI3SibOHOuUbGhM7u1BziU59FH3-GMfdBMUbrYFL2IXat--Snj-e0-3CLcqXXyhT21uXSoaA63qHDAgIvllDOi4&amp;__tn__=-]K-R\"><span class=\"xt0psk2\"><span class=\"xjp7ctv\">Op\u0107ina Lumbarda<\/span><\/span><\/a><\/span>) s ciljem za\u0161tite i \u010duvanja na\u0161e pro\u0161losti i tradicije.<\/div>\n<div dir=\"auto\"><\/div>\n<\/div>\n<div class=\"x14z9mp xat24cr x1lziwak x1vvkbs xtlvy1s x126k92a\">\n<div dir=\"auto\">Ovogodi\u0161nji natje\u010daj posve\u0107en je poznatom hrvatskom arhitektu, Kor\u010dulaninu Bernardu Bernardiju, kojem ove godine obilje\u017eavamo 40. godi\u0161njicu smrti. Tko je bio Bernardo Bernardi i za\u0161to je nam je va\u017eno \u010duvati sje\u0107anje na njega, djeca su saznala uz pomo\u0107 svojih mentora i starijih \u010dlanova obitelji, a osobni do\u017eivljaj njegova \u017eivota i djela prikazala literarnim, likovnim i dramskim radovima.<\/div>\n<\/div>\n<div class=\"x14z9mp xat24cr x1lziwak x1vvkbs xtlvy1s x126k92a\">\n<div dir=\"auto\">Nagra\u0111eno je ukupno 100 u\u010denika i 11 mentora a odabrani radovi, pojedina\u010dni i skupni, pokazali su kreativnost, marljivost i ma\u0161tovitost malih \u010duvara ba\u0161tine! \u010cestitamo im od srca! <span class=\"html-span xexx8yu xyri2b x18d9i69 x1c1uobl x1hl2dhg x16tdsg8 x1vvkbs x3nfvp2 x1j61x8r x1fcty0u xdj266r xat24cr xm2jcoa x1mpyi22 xxymvpz xlup9mm x1kky2od\"><img decoding=\"async\" class=\"xz74otr x15mokao x1ga7v0g x16uus16 xbiv7yw\" src=\"https:\/\/static.xx.fbcdn.net\/images\/emoji.php\/v9\/t6c\/1\/16\/2764.png\" alt=\"\u2764\ufe0f\" width=\"16\" height=\"16\" \/><\/span><\/div>\n<\/div>\n<div class=\"x14z9mp xat24cr x1lziwak x1vvkbs xtlvy1s x126k92a\">\n<div dir=\"auto\">Tiskani katalog nagra\u0111enih radova ostaje kao svjedo\u010danstvo bogatstva na\u0161e ba\u0161tine i originalnosti mladih autora, koji dobro znaju da je va\u017eno \u010duvati tradiciju i zavi\u010dajne vrijednosti.<\/div>\n<\/div>\n<div class=\"x14z9mp xat24cr x1lziwak x1vvkbs xtlvy1s x126k92a\">\n<div dir=\"auto\">Hvala mentorima, hvala svima koji su sudjelovali, osnovnim \u0161kolama na suradnji a brojnim posjetiteljima na podr\u0161ci! <span class=\"html-span xexx8yu xyri2b x18d9i69 x1c1uobl x1hl2dhg x16tdsg8 x1vvkbs x3nfvp2 x1j61x8r x1fcty0u xdj266r xat24cr xm2jcoa x1mpyi22 xxymvpz xlup9mm x1kky2od\"><img decoding=\"async\" class=\"xz74otr x15mokao x1ga7v0g x16uus16 xbiv7yw\" src=\"https:\/\/static.xx.fbcdn.net\/images\/emoji.php\/v9\/tea\/1\/16\/1f970.png\" alt=\"\ud83e\udd70\" width=\"16\" height=\"16\" \/><\/span><\/div>\n<\/div>\n<div class=\"x14z9mp xat24cr x1lziwak x1vvkbs xtlvy1s x126k92a\">\n<div dir=\"auto\">\u010cuvajmo ba\u0161tinu, mislimo na budu\u0107nost! <span class=\"html-span xexx8yu xyri2b x18d9i69 x1c1uobl x1hl2dhg x16tdsg8 x1vvkbs x3nfvp2 x1j61x8r x1fcty0u xdj266r xat24cr xm2jcoa x1mpyi22 xxymvpz xlup9mm x1kky2od\"><img decoding=\"async\" class=\"xz74otr x15mokao x1ga7v0g x16uus16 xbiv7yw\" src=\"https:\/\/static.xx.fbcdn.net\/images\/emoji.php\/v9\/t9e\/1\/16\/1f4d6.png\" alt=\"\ud83d\udcd6\" width=\"16\" height=\"16\" \/><\/span><\/div>\n<div dir=\"auto\"><\/div>\n<\/div>\n<div class=\"x14z9mp xat24cr x1lziwak x1vvkbs xtlvy1s x126k92a\">\n<div dir=\"auto\">Program je financiran sredstvima MKIM (<span class=\"html-span xdj266r x14z9mp xat24cr x1lziwak xexx8yu xyri2b x18d9i69 x1c1uobl x1hl2dhg x16tdsg8 x1vvkbs\"><a class=\"x1i10hfl xjbqb8w x1ejq31n x18oe1m7 x1sy0etr xstzfhl x972fbf x10w94by x1qhh985 x14e42zd x9f619 x1ypdohk xt0psk2 xe8uvvx xdj266r x14z9mp xat24cr x1lziwak xexx8yu xyri2b x18d9i69 x1c1uobl x16tdsg8 x1hl2dhg xggy1nq x1a2a7pz xkrqix3 x1sur9pj x1fey0fg x1s688f\" tabindex=\"0\" role=\"link\" href=\"https:\/\/www.facebook.com\/minkulturehr?__cft__[0]=AZVBuy3Hnpn9PJtXLX0P6wwZQrW9e7kCm4wWGGAaRKzPbL7m9sdbK7013zPwUHI1Ks-PbxBsGCH84WbmlY1KS6gWiuntmvUO1i5-UF_Kk4hmQY__zRZHSN4t3HYkgFBgdHI3SibOHOuUbGhM7u1BziU59FH3-GMfdBMUbrYFL2IXat--Snj-e0-3CLcqXXyhT21uXSoaA63qHDAgIvllDOi4&amp;__tn__=-]K-R\"><span class=\"xt0psk2\"><span class=\"xjp7ctv\">Ministarstvo kulture i medija Republike Hrvatske<\/span><\/span><\/a><\/span>) i Grada Kor\u010dule (<span class=\"html-span xdj266r x14z9mp xat24cr x1lziwak xexx8yu xyri2b x18d9i69 x1c1uobl x1hl2dhg x16tdsg8 x1vvkbs\"><a class=\"x1i10hfl xjbqb8w x1ejq31n x18oe1m7 x1sy0etr xstzfhl x972fbf x10w94by x1qhh985 x14e42zd x9f619 x1ypdohk xt0psk2 xe8uvvx xdj266r x14z9mp xat24cr x1lziwak xexx8yu xyri2b x18d9i69 x1c1uobl x16tdsg8 x1hl2dhg xggy1nq x1a2a7pz xkrqix3 x1sur9pj x1fey0fg x1s688f\" tabindex=\"0\" role=\"link\" href=\"https:\/\/www.facebook.com\/GradKorcula?__cft__[0]=AZVBuy3Hnpn9PJtXLX0P6wwZQrW9e7kCm4wWGGAaRKzPbL7m9sdbK7013zPwUHI1Ks-PbxBsGCH84WbmlY1KS6gWiuntmvUO1i5-UF_Kk4hmQY__zRZHSN4t3HYkgFBgdHI3SibOHOuUbGhM7u1BziU59FH3-GMfdBMUbrYFL2IXat--Snj-e0-3CLcqXXyhT21uXSoaA63qHDAgIvllDOi4&amp;__tn__=-]K-R\"><span class=\"xt0psk2\"><span class=\"xjp7ctv\">Grad Kor\u010dula<\/span><\/span><\/a><\/span>).<\/div>\n<\/div>\n<div dir=\"auto\">Fotografije s dodjele pogledajte <a href=\"https:\/\/www.facebook.com\/GKKorcula\/posts\/pfbid0BJjsJewdxPhKBYYz1TxpZiPiWJTmmhUtHXvuPyntv453yhDwvQrWKy3Ge2YmqEcHl\">ovdje<\/a>.<\/div>\n","protected":false},"excerpt":{"rendered":"<p>U utorak, 10. lipnja, odr\u017eana je sve\u010dana dodjela priznanja u\u010denicima i njihovim mentorima za najbolje literarne, likovne i dramske radove prijavljene na natje\u010daj Kor\u010dula Bernarda Bernardija. Natje\u010daj je raspisan u [&hellip;]<\/p>\n","protected":false},"author":3,"featured_media":2058,"comment_status":"closed","ping_status":"closed","sticky":false,"template":"","format":"standard","meta":{"_et_pb_use_builder":"","_et_pb_old_content":"","_et_gb_content_width":"","footnotes":""},"categories":[11],"tags":[],"class_list":["post-2057","post","type-post","status-publish","format-standard","has-post-thumbnail","hentry","category-aktualno"],"_links":{"self":[{"href":"https:\/\/gk-korcula.hr\/nova\/wp-json\/wp\/v2\/posts\/2057","targetHints":{"allow":["GET"]}}],"collection":[{"href":"https:\/\/gk-korcula.hr\/nova\/wp-json\/wp\/v2\/posts"}],"about":[{"href":"https:\/\/gk-korcula.hr\/nova\/wp-json\/wp\/v2\/types\/post"}],"author":[{"embeddable":true,"href":"https:\/\/gk-korcula.hr\/nova\/wp-json\/wp\/v2\/users\/3"}],"replies":[{"embeddable":true,"href":"https:\/\/gk-korcula.hr\/nova\/wp-json\/wp\/v2\/comments?post=2057"}],"version-history":[{"count":1,"href":"https:\/\/gk-korcula.hr\/nova\/wp-json\/wp\/v2\/posts\/2057\/revisions"}],"predecessor-version":[{"id":2059,"href":"https:\/\/gk-korcula.hr\/nova\/wp-json\/wp\/v2\/posts\/2057\/revisions\/2059"}],"wp:featuredmedia":[{"embeddable":true,"href":"https:\/\/gk-korcula.hr\/nova\/wp-json\/wp\/v2\/media\/2058"}],"wp:attachment":[{"href":"https:\/\/gk-korcula.hr\/nova\/wp-json\/wp\/v2\/media?parent=2057"}],"wp:term":[{"taxonomy":"category","embeddable":true,"href":"https:\/\/gk-korcula.hr\/nova\/wp-json\/wp\/v2\/categories?post=2057"},{"taxonomy":"post_tag","embeddable":true,"href":"https:\/\/gk-korcula.hr\/nova\/wp-json\/wp\/v2\/tags?post=2057"}],"curies":[{"name":"wp","href":"https:\/\/api.w.org\/{rel}","templated":true}]}}