{"id":2117,"date":"2025-07-02T09:52:21","date_gmt":"2025-07-02T07:52:21","guid":{"rendered":"https:\/\/gk-korcula.hr\/nova\/?p=2117"},"modified":"2025-07-02T09:59:13","modified_gmt":"2025-07-02T07:59:13","slug":"ljeto-u-knjiznici-2025","status":"publish","type":"post","link":"https:\/\/gk-korcula.hr\/nova\/ljeto-u-knjiznici-2025\/","title":{"rendered":"Ljeto u knji\u017enici 2025."},"content":{"rendered":"<p data-start=\"230\" data-end=\"542\">I ove godine Gradska knji\u017enica <em>Ivan Vidali<\/em> organizira ve\u0107 tradicionalni ljetni program za djecu i mlade \u2013 <strong data-start=\"336\" data-end=\"359\">\u201eLjeto u knji\u017enici\u201c<\/strong>, koji slavi <strong data-start=\"372\" data-end=\"398\">24 godine zajedni\u0161tva!<\/strong> Program je namijenjen djeci pred\u0161kolske dobi, osnovno\u0161kolcima i tinejd\u017eerima, a nudi raznolike i edukativne aktivnosti tijekom ljetnih mjeseci.<\/p>\n<p data-start=\"544\" data-end=\"583\">\ud83e\udde0 <strong data-start=\"547\" data-end=\"581\">Edukativno-kreativne radionice<\/strong><\/p>\n<ul data-start=\"584\" data-end=\"1101\">\n<li data-start=\"584\" data-end=\"689\">\n<p data-start=\"586\" data-end=\"689\"><strong data-start=\"586\" data-end=\"637\">Micro:bit i BOSON set (ponedjeljkom u 13:00 h):<\/strong> Uvod u robotiku i programiranje za osnovno\u0161kolce.<\/p>\n<\/li>\n<li data-start=\"690\" data-end=\"822\">\n<p data-start=\"692\" data-end=\"822\"><strong data-start=\"692\" data-end=\"736\">Likovne radionice (\u010detvrtkom u 18:00 h):<\/strong> Upoznavanje s likovnim tehnikama, umjetni\u010dkim vje\u0161tinama i razli\u010ditim materijalima.<\/p>\n<\/li>\n<li data-start=\"823\" data-end=\"972\">\n<p data-start=\"825\" data-end=\"972\"><strong data-start=\"825\" data-end=\"859\">Ljetni miks za bistre glavice:<\/strong> Poticanje logi\u010dkog razmi\u0161ljanja, snala\u017eljivosti i kreativnosti kroz igru, mozgalice i istra\u017eivanje bez ekrana.<\/p>\n<\/li>\n<li data-start=\"973\" data-end=\"1101\">\n<p data-start=\"975\" data-end=\"1101\"><strong data-start=\"975\" data-end=\"997\">Dramske radionice:<\/strong> Razvoj komunikacijskih i govornih sposobnosti, samopouzdanja i timskog rada kroz igru i scenski nastup.<\/p>\n<\/li>\n<\/ul>\n<p data-start=\"1103\" data-end=\"1146\">\ud83d\udcda <strong data-start=\"1106\" data-end=\"1144\">\u010citateljski i pripovjeda\u010dki programi<\/strong><\/p>\n<ul data-start=\"1147\" data-end=\"1371\">\n<li data-start=\"1147\" data-end=\"1264\">\n<p data-start=\"1149\" data-end=\"1264\"><strong data-start=\"1149\" data-end=\"1186\">Ljetni dje\u010dji \u010ditateljski izazov:<\/strong> Djeca \u010ditaju preporu\u010dene knjige te imaju priliku osvojiti nagrade.<\/p>\n<\/li>\n<li data-start=\"1265\" data-end=\"1371\">\n<p data-start=\"1267\" data-end=\"1371\"><strong data-start=\"1267\" data-end=\"1282\">Pri\u010daonice:<\/strong> Vesela knji\u017eevna dru\u017eenja i susreti s najljep\u0161im pri\u010dama iz svijeta dje\u010dje knji\u017eevnosti.<\/p>\n<\/li>\n<\/ul>\n<p>\ud83d\udcc5 <strong>Raspored radionica: <\/strong><a href=\"https:\/\/gk-korcula.hr\/kalendar-dogadanja\/\">https:\/\/gk-korcula.hr\/kalendar-dogadanja\/<\/a><\/p>\n<p data-start=\"1373\" data-end=\"1477\">\ud83d\udccc <strong data-start=\"1376\" data-end=\"1388\">Prijava:<\/strong><br data-start=\"1388\" data-end=\"1391\" \/>Broj mjesta je ograni\u010den, a prijave su obavezne: <a href=\"https:\/\/tidycal.com\/gradskaknjiznicaivanvidali\">https:\/\/tidycal.com\/gradskaknjiznicaivanvidali<\/a><\/p>\n<p data-start=\"1479\" data-end=\"1611\">\ud83d\udc68\u200d\ud83d\udc69\u200d\ud83d\udc67\u200d\ud83d\udc66 <strong data-start=\"1491\" data-end=\"1515\">Roditeljska pratnja:<\/strong><br data-start=\"1515\" data-end=\"1518\" \/>Djeca do \u0161est godina mogu sudjelovati isklju\u010divo uz pratnji roditelja ili druge odrasle osobe.<\/p>\n<p data-start=\"1613\" data-end=\"1717\">Za dodatne informacije:<br data-start=\"1636\" data-end=\"1639\" \/>\ud83c\udf10 <a class=\"\" href=\"http:\/\/www.gk-korcula.com\" target=\"_new\" rel=\"noopener\" data-start=\"1642\" data-end=\"1660\">www.gk-korcula.com<\/a><br data-start=\"1660\" data-end=\"1663\" \/>\ud83d\udce7 <a class=\"cursor-pointer\" rel=\"noopener\" data-start=\"1666\" data-end=\"1684\">info@gk-korcula.hr<\/a><br data-start=\"1684\" data-end=\"1687\" \/>\ud83d\udcde 020\/711-974<br data-start=\"1701\" data-end=\"1704\" \/>\ud83d\udcf1 @GKKorcula<\/p>\n","protected":false},"excerpt":{"rendered":"<p>I ove godine Gradska knji\u017enica Ivan Vidali organizira ve\u0107 tradicionalni ljetni program za djecu i mlade \u2013 \u201eLjeto u knji\u017enici\u201c, koji slavi 24 godine zajedni\u0161tva! Program je namijenjen djeci pred\u0161kolske [&hellip;]<\/p>\n","protected":false},"author":3,"featured_media":2122,"comment_status":"closed","ping_status":"closed","sticky":false,"template":"","format":"standard","meta":{"_et_pb_use_builder":"","_et_pb_old_content":"","_et_gb_content_width":"","footnotes":""},"categories":[10],"tags":[],"class_list":["post-2117","post","type-post","status-publish","format-standard","has-post-thumbnail","hentry","category-najave-dogadaja"],"_links":{"self":[{"href":"https:\/\/gk-korcula.hr\/nova\/wp-json\/wp\/v2\/posts\/2117","targetHints":{"allow":["GET"]}}],"collection":[{"href":"https:\/\/gk-korcula.hr\/nova\/wp-json\/wp\/v2\/posts"}],"about":[{"href":"https:\/\/gk-korcula.hr\/nova\/wp-json\/wp\/v2\/types\/post"}],"author":[{"embeddable":true,"href":"https:\/\/gk-korcula.hr\/nova\/wp-json\/wp\/v2\/users\/3"}],"replies":[{"embeddable":true,"href":"https:\/\/gk-korcula.hr\/nova\/wp-json\/wp\/v2\/comments?post=2117"}],"version-history":[{"count":2,"href":"https:\/\/gk-korcula.hr\/nova\/wp-json\/wp\/v2\/posts\/2117\/revisions"}],"predecessor-version":[{"id":2121,"href":"https:\/\/gk-korcula.hr\/nova\/wp-json\/wp\/v2\/posts\/2117\/revisions\/2121"}],"wp:featuredmedia":[{"embeddable":true,"href":"https:\/\/gk-korcula.hr\/nova\/wp-json\/wp\/v2\/media\/2122"}],"wp:attachment":[{"href":"https:\/\/gk-korcula.hr\/nova\/wp-json\/wp\/v2\/media?parent=2117"}],"wp:term":[{"taxonomy":"category","embeddable":true,"href":"https:\/\/gk-korcula.hr\/nova\/wp-json\/wp\/v2\/categories?post=2117"},{"taxonomy":"post_tag","embeddable":true,"href":"https:\/\/gk-korcula.hr\/nova\/wp-json\/wp\/v2\/tags?post=2117"}],"curies":[{"name":"wp","href":"https:\/\/api.w.org\/{rel}","templated":true}]}}