{"id":2153,"date":"2025-07-16T18:15:12","date_gmt":"2025-07-16T16:15:12","guid":{"rendered":"https:\/\/gk-korcula.hr\/nova\/?p=2153"},"modified":"2025-07-17T18:15:21","modified_gmt":"2025-07-17T16:15:21","slug":"susret-s-knjizevnicom-oljom-savicevic-ivancevic","status":"publish","type":"post","link":"https:\/\/gk-korcula.hr\/nova\/susret-s-knjizevnicom-oljom-savicevic-ivancevic\/","title":{"rendered":"Susret s knji\u017eevnicom Oljom Savi\u010devi\u0107 Ivan\u010devi\u0107"},"content":{"rendered":"<p>Danas smo u na\u0161oj knji\u017enici ugostili poznatu hrvatsku spisateljicu Olju Savi\u010devi\u0107 Ivan\u010devi\u0107. Djeci pred\u0161kolskog uzrasta predstavila je svoje autorske slikovnice, a pa\u017enju im je zaokupila pri\u010da o sredozemnoj medvjedici Adriani, odva\u017enoj djevoj\u010dici Mari i dje\u010daku Adrianu koja ih je upoznala s ljepotama Jadranskog mora i njegovih \u010dudesnih stanovnika. Hvala Olji na odr\u017eanoj pri\u010daonici i inspirativnom dru\u017eenju s na\u0161im najmla\u0111im korisnicima!<\/p>\n<p>Fotografije s doga\u0111anja pogledajte <a href=\"https:\/\/web.facebook.com\/GKKorcula\/posts\/pfbid0XKSiLC3uSwNaZUow5K39LLsyWGT1NZPy2CRpsZGvkcrR2HKF5Hy1JFz11eJvGoL7l\">ovdje<\/a>!<\/p>\n","protected":false},"excerpt":{"rendered":"<p>Danas smo u na\u0161oj knji\u017enici ugostili poznatu hrvatsku spisateljicu Olju Savi\u010devi\u0107 Ivan\u010devi\u0107. Djeci pred\u0161kolskog uzrasta predstavila je svoje autorske slikovnice, a pa\u017enju im je zaokupila pri\u010da o sredozemnoj medvjedici Adriani, [&hellip;]<\/p>\n","protected":false},"author":3,"featured_media":2154,"comment_status":"closed","ping_status":"closed","sticky":false,"template":"","format":"standard","meta":{"_et_pb_use_builder":"","_et_pb_old_content":"","_et_gb_content_width":"","footnotes":""},"categories":[11],"tags":[],"class_list":["post-2153","post","type-post","status-publish","format-standard","has-post-thumbnail","hentry","category-aktualno"],"_links":{"self":[{"href":"https:\/\/gk-korcula.hr\/nova\/wp-json\/wp\/v2\/posts\/2153","targetHints":{"allow":["GET"]}}],"collection":[{"href":"https:\/\/gk-korcula.hr\/nova\/wp-json\/wp\/v2\/posts"}],"about":[{"href":"https:\/\/gk-korcula.hr\/nova\/wp-json\/wp\/v2\/types\/post"}],"author":[{"embeddable":true,"href":"https:\/\/gk-korcula.hr\/nova\/wp-json\/wp\/v2\/users\/3"}],"replies":[{"embeddable":true,"href":"https:\/\/gk-korcula.hr\/nova\/wp-json\/wp\/v2\/comments?post=2153"}],"version-history":[{"count":1,"href":"https:\/\/gk-korcula.hr\/nova\/wp-json\/wp\/v2\/posts\/2153\/revisions"}],"predecessor-version":[{"id":2155,"href":"https:\/\/gk-korcula.hr\/nova\/wp-json\/wp\/v2\/posts\/2153\/revisions\/2155"}],"wp:featuredmedia":[{"embeddable":true,"href":"https:\/\/gk-korcula.hr\/nova\/wp-json\/wp\/v2\/media\/2154"}],"wp:attachment":[{"href":"https:\/\/gk-korcula.hr\/nova\/wp-json\/wp\/v2\/media?parent=2153"}],"wp:term":[{"taxonomy":"category","embeddable":true,"href":"https:\/\/gk-korcula.hr\/nova\/wp-json\/wp\/v2\/categories?post=2153"},{"taxonomy":"post_tag","embeddable":true,"href":"https:\/\/gk-korcula.hr\/nova\/wp-json\/wp\/v2\/tags?post=2153"}],"curies":[{"name":"wp","href":"https:\/\/api.w.org\/{rel}","templated":true}]}}