{"id":2206,"date":"2025-09-03T11:44:49","date_gmt":"2025-09-03T09:44:49","guid":{"rendered":"https:\/\/gk-korcula.hr\/nova\/?p=2206"},"modified":"2025-09-03T11:44:49","modified_gmt":"2025-09-03T09:44:49","slug":"predstavljanje-knjige-mi-se-ne-grlimo-2","status":"publish","type":"post","link":"https:\/\/gk-korcula.hr\/nova\/predstavljanje-knjige-mi-se-ne-grlimo-2\/","title":{"rendered":"Predstavljanje knjige &#8220;Mi se ne grlimo&#8221;"},"content":{"rendered":"<div dir=\"auto\">U dru\u0161tvu <span class=\"html-span xdj266r x14z9mp xat24cr x1lziwak xexx8yu xyri2b x18d9i69 x1c1uobl x1hl2dhg x16tdsg8 x1vvkbs\"><a class=\"x1i10hfl xjbqb8w x1ejq31n x18oe1m7 x1sy0etr xstzfhl x972fbf x10w94by x1qhh985 x14e42zd x9f619 x1ypdohk xt0psk2 x3ct3a4 xdj266r x14z9mp xat24cr x1lziwak xexx8yu xyri2b x18d9i69 x1c1uobl x16tdsg8 x1hl2dhg xggy1nq x1a2a7pz xkrqix3 x1sur9pj x1fey0fg x1s688f\" tabindex=\"0\" role=\"link\" href=\"https:\/\/web.facebook.com\/nastjakulovic?__cft__[0]=AZWDxNqlvVnlHi8BXkYefAfnsXs0RLzcKDr3xXdt4juPxn3U3tKn91pUSsFGXOsGcv9XdVF7prsAG9sVwo9n8VDtyrCYutpO-pZzrVCyMmh_y1cHcPv4fafmpNHm1xsQnXNTssJ2AFIXHRAyU1qM9yOCl48_tcN9mOS02UOJ2n1zapCrJOynNGW08-7_7P1CWMQ&amp;__tn__=-]K-R\"><span class=\"xt0psk2\"><span class=\"xjp7ctv\">Nastje Kulovi\u0107<\/span><\/span><\/a><\/span>\u00a0uvijek je ugodno, emotivno i zanimljivo! Predstavljanje njenog najnovijeg romana &#8220;Mi se ne grlimo&#8221; u <span class=\"html-span xdj266r x14z9mp xat24cr x1lziwak xexx8yu xyri2b x18d9i69 x1c1uobl x1hl2dhg x16tdsg8 x1vvkbs\"><a class=\"x1i10hfl xjbqb8w x1ejq31n x18oe1m7 x1sy0etr xstzfhl x972fbf x10w94by x1qhh985 x14e42zd x9f619 x1ypdohk xt0psk2 x3ct3a4 xdj266r x14z9mp xat24cr x1lziwak xexx8yu xyri2b x18d9i69 x1c1uobl x16tdsg8 x1hl2dhg xggy1nq x1a2a7pz xkrqix3 x1sur9pj x1fey0fg x1s688f\" tabindex=\"0\" role=\"link\" href=\"https:\/\/web.facebook.com\/GKKorcula?__cft__[0]=AZWDxNqlvVnlHi8BXkYefAfnsXs0RLzcKDr3xXdt4juPxn3U3tKn91pUSsFGXOsGcv9XdVF7prsAG9sVwo9n8VDtyrCYutpO-pZzrVCyMmh_y1cHcPv4fafmpNHm1xsQnXNTssJ2AFIXHRAyU1qM9yOCl48_tcN9mOS02UOJ2n1zapCrJOynNGW08-7_7P1CWMQ&amp;__tn__=-]K-R\"><span class=\"xt0psk2\"><span class=\"xjp7ctv\">Gradskoj knji\u017enici <em>Ivan Vidali<\/em><\/span><\/span><\/a><\/span> podsjetilo nas je na va\u017enost dijaloga, na povezivanje kroz pri\u010de koje pri\u010damo jedni drugima umjesto jedni o drugima.<\/div>\n<div dir=\"auto\"><\/div>\n<div dir=\"auto\">Zahvaljujemo spisateljici na gostovanju i \u017eelimo joj uspjeha u daljnjem stvarala\u0161tvu!<\/div>\n","protected":false},"excerpt":{"rendered":"<p>U dru\u0161tvu Nastje Kulovi\u0107\u00a0uvijek je ugodno, emotivno i zanimljivo! Predstavljanje njenog najnovijeg romana &#8220;Mi se ne grlimo&#8221; u Gradskoj knji\u017enici Ivan Vidali podsjetilo nas je na va\u017enost dijaloga, na povezivanje [&hellip;]<\/p>\n","protected":false},"author":3,"featured_media":2207,"comment_status":"closed","ping_status":"closed","sticky":false,"template":"","format":"standard","meta":{"_et_pb_use_builder":"","_et_pb_old_content":"","_et_gb_content_width":"","footnotes":""},"categories":[11],"tags":[],"class_list":["post-2206","post","type-post","status-publish","format-standard","has-post-thumbnail","hentry","category-aktualno"],"_links":{"self":[{"href":"https:\/\/gk-korcula.hr\/nova\/wp-json\/wp\/v2\/posts\/2206","targetHints":{"allow":["GET"]}}],"collection":[{"href":"https:\/\/gk-korcula.hr\/nova\/wp-json\/wp\/v2\/posts"}],"about":[{"href":"https:\/\/gk-korcula.hr\/nova\/wp-json\/wp\/v2\/types\/post"}],"author":[{"embeddable":true,"href":"https:\/\/gk-korcula.hr\/nova\/wp-json\/wp\/v2\/users\/3"}],"replies":[{"embeddable":true,"href":"https:\/\/gk-korcula.hr\/nova\/wp-json\/wp\/v2\/comments?post=2206"}],"version-history":[{"count":1,"href":"https:\/\/gk-korcula.hr\/nova\/wp-json\/wp\/v2\/posts\/2206\/revisions"}],"predecessor-version":[{"id":2208,"href":"https:\/\/gk-korcula.hr\/nova\/wp-json\/wp\/v2\/posts\/2206\/revisions\/2208"}],"wp:featuredmedia":[{"embeddable":true,"href":"https:\/\/gk-korcula.hr\/nova\/wp-json\/wp\/v2\/media\/2207"}],"wp:attachment":[{"href":"https:\/\/gk-korcula.hr\/nova\/wp-json\/wp\/v2\/media?parent=2206"}],"wp:term":[{"taxonomy":"category","embeddable":true,"href":"https:\/\/gk-korcula.hr\/nova\/wp-json\/wp\/v2\/categories?post=2206"},{"taxonomy":"post_tag","embeddable":true,"href":"https:\/\/gk-korcula.hr\/nova\/wp-json\/wp\/v2\/tags?post=2206"}],"curies":[{"name":"wp","href":"https:\/\/api.w.org\/{rel}","templated":true}]}}