{"id":2273,"date":"2025-09-16T09:07:03","date_gmt":"2025-09-16T07:07:03","guid":{"rendered":"https:\/\/gk-korcula.hr\/nova\/?p=2273"},"modified":"2025-09-16T09:07:03","modified_gmt":"2025-09-16T07:07:03","slug":"predstavljen-zbornik-radova-o-dostojevskom","status":"publish","type":"post","link":"https:\/\/gk-korcula.hr\/nova\/predstavljen-zbornik-radova-o-dostojevskom\/","title":{"rendered":"Predstavljen Zbornik radova o Dostojevskom"},"content":{"rendered":"<div dir=\"auto\">U <span class=\"html-span xdj266r x14z9mp xat24cr x1lziwak xexx8yu xyri2b x18d9i69 x1c1uobl x1hl2dhg x16tdsg8 x1vvkbs\"><a class=\"x1i10hfl xjbqb8w x1ejq31n x18oe1m7 x1sy0etr xstzfhl x972fbf x10w94by x1qhh985 x14e42zd x9f619 x1ypdohk xt0psk2 x3ct3a4 xdj266r x14z9mp xat24cr x1lziwak xexx8yu xyri2b x18d9i69 x1c1uobl x16tdsg8 x1hl2dhg xggy1nq x1a2a7pz xkrqix3 x1sur9pj x1fey0fg x1s688f\" tabindex=\"0\" role=\"link\" href=\"https:\/\/www.facebook.com\/GKKorcula?__cft__[0]=AZVZxpYiC6ScEBSC9D7g6-z7g8CdNMLgrYS916rzfvbgJu-NNzH-ym3Iwpdm9ZnDlJ2Pp03ZzWiq4Z73iob9OAEMnrPzZm--rOJJQDAGr3jE_O4GOLrNVrOoHuIvuiCmTutIZo4LvlQcKmy0J92q32GMjv9Pctzb9Gczm3Wv6cd8o4LRPLYeX62FWB8n1du_12g&amp;__tn__=-]K-R\"><span class=\"xt0psk2\"><span class=\"xjp7ctv\">Gradskoj knji\u017enici <em>Ivan Vidali<\/em><\/span><\/span><\/a><\/span> predstavljen je Zbornik radova o Dostojevskom, nedavno objavljen u nakladi Durieux, nastao iz pera doma\u0107ih etabliranih znanstvenika i autora. Zbornik je zna\u010dajan doprinos prou\u010davanjima knji\u017eevnog naslje\u0111a velikog ruskog pisca a interdisciplinarnim pristupom njegovu djelu, aktualizirane su univerzalne teme o kojima je pisao.<\/div>\n<div dir=\"auto\"><\/div>\n<div dir=\"auto\">Zbornik su predstavili urednici: dr. sc. Goran Greti\u0107, filozof i dr. sc. Tihomir Cipek, politolog.<\/div>\n<div dir=\"auto\"><\/div>\n<div dir=\"auto\">Fotogaleriju s doga\u0111anja pogledajte <a href=\"https:\/\/www.facebook.com\/GKKorcula\/posts\/pfbid0SexuvzkD3SxBpnefEbEh1pEf1VV58BArTM56D3vT3dfWpUtv9bsSmZBkVRFAzRgUl\">ovdje<\/a>.<\/div>\n","protected":false},"excerpt":{"rendered":"<p>U Gradskoj knji\u017enici Ivan Vidali predstavljen je Zbornik radova o Dostojevskom, nedavno objavljen u nakladi Durieux, nastao iz pera doma\u0107ih etabliranih znanstvenika i autora. Zbornik je zna\u010dajan doprinos prou\u010davanjima knji\u017eevnog [&hellip;]<\/p>\n","protected":false},"author":3,"featured_media":2274,"comment_status":"closed","ping_status":"closed","sticky":false,"template":"","format":"standard","meta":{"_et_pb_use_builder":"","_et_pb_old_content":"","_et_gb_content_width":"","footnotes":""},"categories":[11],"tags":[],"class_list":["post-2273","post","type-post","status-publish","format-standard","has-post-thumbnail","hentry","category-aktualno"],"_links":{"self":[{"href":"https:\/\/gk-korcula.hr\/nova\/wp-json\/wp\/v2\/posts\/2273","targetHints":{"allow":["GET"]}}],"collection":[{"href":"https:\/\/gk-korcula.hr\/nova\/wp-json\/wp\/v2\/posts"}],"about":[{"href":"https:\/\/gk-korcula.hr\/nova\/wp-json\/wp\/v2\/types\/post"}],"author":[{"embeddable":true,"href":"https:\/\/gk-korcula.hr\/nova\/wp-json\/wp\/v2\/users\/3"}],"replies":[{"embeddable":true,"href":"https:\/\/gk-korcula.hr\/nova\/wp-json\/wp\/v2\/comments?post=2273"}],"version-history":[{"count":1,"href":"https:\/\/gk-korcula.hr\/nova\/wp-json\/wp\/v2\/posts\/2273\/revisions"}],"predecessor-version":[{"id":2275,"href":"https:\/\/gk-korcula.hr\/nova\/wp-json\/wp\/v2\/posts\/2273\/revisions\/2275"}],"wp:featuredmedia":[{"embeddable":true,"href":"https:\/\/gk-korcula.hr\/nova\/wp-json\/wp\/v2\/media\/2274"}],"wp:attachment":[{"href":"https:\/\/gk-korcula.hr\/nova\/wp-json\/wp\/v2\/media?parent=2273"}],"wp:term":[{"taxonomy":"category","embeddable":true,"href":"https:\/\/gk-korcula.hr\/nova\/wp-json\/wp\/v2\/categories?post=2273"},{"taxonomy":"post_tag","embeddable":true,"href":"https:\/\/gk-korcula.hr\/nova\/wp-json\/wp\/v2\/tags?post=2273"}],"curies":[{"name":"wp","href":"https:\/\/api.w.org\/{rel}","templated":true}]}}