{"id":2276,"date":"2025-09-16T09:09:17","date_gmt":"2025-09-16T07:09:17","guid":{"rendered":"https:\/\/gk-korcula.hr\/nova\/?p=2276"},"modified":"2025-09-16T09:09:17","modified_gmt":"2025-09-16T07:09:17","slug":"predstavljanje-knjige-matija-autora-drage-hedla","status":"publish","type":"post","link":"https:\/\/gk-korcula.hr\/nova\/predstavljanje-knjige-matija-autora-drage-hedla\/","title":{"rendered":"Predstavljanje knjige\u00a0&#8220;Matija&#8221;\u00a0autora Drage Hedla"},"content":{"rendered":"<p>Pozivamo vas na predstavljanje knjige\u00a0<em>Matija<\/em>\u00a0autora Drage Hedla koje \u0107e se odr\u017eati u petak, 26. rujna 2025. godine u Gradskoj knji\u017enici\u00a0<em>Ivan Vidali<\/em>\u00a0s po\u010detkom u 18:00 sati.<\/p>\n<blockquote><p>Knjiga Matija, \u017eanrovski najbli\u017ea dnevniku, tragi\u010dna je pri\u010da renomiranog hrvatskog novinara Drage Hedla o samoubojstvu njegovog sina Matije, doktora biokemije i znanstvenika na ameri\u010dkom Yaleu.<\/p>\n<p>\u201cTo je knjiga o ocu i sinu. I knjiga o tome koliko je \u017eivot lijep. I koliko u \u017eivotu boli sve \u0161to je lijepo\u201d<\/p>\n<p>\u2013 Miljenko Jergovi\u0107<\/p><\/blockquote>\n","protected":false},"excerpt":{"rendered":"<p>Pozivamo vas na predstavljanje knjige\u00a0Matija\u00a0autora Drage Hedla koje \u0107e se odr\u017eati u petak, 26. rujna 2025. godine u Gradskoj knji\u017enici\u00a0Ivan Vidali\u00a0s po\u010detkom u 18:00 sati. Knjiga Matija, \u017eanrovski najbli\u017ea dnevniku, [&hellip;]<\/p>\n","protected":false},"author":3,"featured_media":2261,"comment_status":"closed","ping_status":"closed","sticky":false,"template":"","format":"standard","meta":{"_et_pb_use_builder":"","_et_pb_old_content":"","_et_gb_content_width":"","footnotes":""},"categories":[10],"tags":[],"class_list":["post-2276","post","type-post","status-publish","format-standard","has-post-thumbnail","hentry","category-najave-dogadaja"],"_links":{"self":[{"href":"https:\/\/gk-korcula.hr\/nova\/wp-json\/wp\/v2\/posts\/2276","targetHints":{"allow":["GET"]}}],"collection":[{"href":"https:\/\/gk-korcula.hr\/nova\/wp-json\/wp\/v2\/posts"}],"about":[{"href":"https:\/\/gk-korcula.hr\/nova\/wp-json\/wp\/v2\/types\/post"}],"author":[{"embeddable":true,"href":"https:\/\/gk-korcula.hr\/nova\/wp-json\/wp\/v2\/users\/3"}],"replies":[{"embeddable":true,"href":"https:\/\/gk-korcula.hr\/nova\/wp-json\/wp\/v2\/comments?post=2276"}],"version-history":[{"count":1,"href":"https:\/\/gk-korcula.hr\/nova\/wp-json\/wp\/v2\/posts\/2276\/revisions"}],"predecessor-version":[{"id":2277,"href":"https:\/\/gk-korcula.hr\/nova\/wp-json\/wp\/v2\/posts\/2276\/revisions\/2277"}],"wp:featuredmedia":[{"embeddable":true,"href":"https:\/\/gk-korcula.hr\/nova\/wp-json\/wp\/v2\/media\/2261"}],"wp:attachment":[{"href":"https:\/\/gk-korcula.hr\/nova\/wp-json\/wp\/v2\/media?parent=2276"}],"wp:term":[{"taxonomy":"category","embeddable":true,"href":"https:\/\/gk-korcula.hr\/nova\/wp-json\/wp\/v2\/categories?post=2276"},{"taxonomy":"post_tag","embeddable":true,"href":"https:\/\/gk-korcula.hr\/nova\/wp-json\/wp\/v2\/tags?post=2276"}],"curies":[{"name":"wp","href":"https:\/\/api.w.org\/{rel}","templated":true}]}}