{"id":2280,"date":"2025-09-23T10:35:55","date_gmt":"2025-09-23T08:35:55","guid":{"rendered":"https:\/\/gk-korcula.hr\/nova\/?p=2280"},"modified":"2025-09-23T10:37:42","modified_gmt":"2025-09-23T08:37:42","slug":"korculanski-festival-knjizevnosti-2025-prvi-dan","status":"publish","type":"post","link":"https:\/\/gk-korcula.hr\/nova\/korculanski-festival-knjizevnosti-2025-prvi-dan\/","title":{"rendered":"Kor\u010dulanski festival knji\u017eevnosti 2025 [prvi dan]"},"content":{"rendered":"<p>[et_pb_section fb_built=&#8221;1&#8243; _builder_version=&#8221;4.16&#8243; global_colors_info=&#8221;{}&#8221;][et_pb_row _builder_version=&#8221;4.16&#8243; background_size=&#8221;initial&#8221; background_position=&#8221;top_left&#8221; background_repeat=&#8221;repeat&#8221; global_colors_info=&#8221;{}&#8221;][et_pb_column type=&#8221;4_4&#8243; _builder_version=&#8221;4.16&#8243; custom_padding=&#8221;|||&#8221; global_colors_info=&#8221;{}&#8221; custom_padding__hover=&#8221;|||&#8221;][et_pb_text _builder_version=&#8221;4.27.4&#8243; background_size=&#8221;initial&#8221; background_position=&#8221;top_left&#8221; background_repeat=&#8221;repeat&#8221; hover_enabled=&#8221;0&#8243; global_colors_info=&#8221;{}&#8221; sticky_enabled=&#8221;0&#8243;]<\/p>\n<div class=\"x14z9mp xat24cr x1lziwak x1vvkbs xtlvy1s x126k92a\">\n<div dir=\"auto\">U kor\u010dulanskom gradskom parku odr\u017eana je sve\u010danost otvaranja 5. KFK za djecu, programa kojim pridonosimo ciljevima Nacionalne kampanje za poticanje \u010ditanja. Festivalska doga\u0111anja u trajanju od tri dana, odvijat \u0107e se po svim oto\u010dnim naseljima, po \u0161kolama, knji\u017enicama i na otvorenom, a djeca \u0107e u\u017eivati u knji\u017eevnim susretima, pri\u010daonicama i radionicama dru\u017ee\u0107i se s poznatim, hrvatskim autorima za djecu, ilustratorima i umjetnicima.<\/div>\n<\/div>\n<div class=\"x14z9mp xat24cr x1lziwak x1vvkbs xtlvy1s x126k92a\">\n<div dir=\"auto\">Hvala svim mladim izvo\u0111a\u010dima koji su svojim nastupima uveli\u010dali dana\u0161nju sve\u010danost: bubnjarskoj sekciji Kluba Dobre vibracije koja djeluje pri Glazbenoj \u0161koli u Kor\u010duli i voditelju Borisu Prljevi\u0107u, \u017denskom pjeva\u010dkom zboru \u201eDivne\u201c koji djeluje pri <span class=\"html-span xdj266r x14z9mp xat24cr x1lziwak xexx8yu xyri2b x18d9i69 x1c1uobl x1hl2dhg x16tdsg8 x1vvkbs\"><a class=\"x1i10hfl xjbqb8w x1ejq31n x18oe1m7 x1sy0etr xstzfhl x972fbf x10w94by x1qhh985 x14e42zd x9f619 x1ypdohk xt0psk2 x3ct3a4 xdj266r x14z9mp xat24cr x1lziwak xexx8yu xyri2b x18d9i69 x1c1uobl x16tdsg8 x1hl2dhg xggy1nq x1a2a7pz xkrqix3 x1sur9pj x1fey0fg x1s688f\" tabindex=\"0\" role=\"link\" href=\"https:\/\/www.facebook.com\/profile.php?id=100087496521720&amp;__cft__[0]=AZXYUW_ut8LYElPH1D_oxEzyYZ6aN7AR7_uTElNT6NuwSUDGO3foFGRYMqmzVNV3zCmkj8lAvgr8qZpeaXRbnXl2Ce3vv-eHSkMJeF4Dop9woGitUy6AmG-SkjDo7swlgInFIz1NFm8L6JBNtCJ_ObBdXIty8ONEytRP6sz7DiSzB82hZRmuAszsjydhMlMq-JE&amp;__tn__=-]K-y-R\"><span class=\"xt0psk2\"><span class=\"xjp7ctv\">KPD Bratska sloga<\/span><\/span><\/a><\/span> iz \u017drnova i voditeljici Luciji Skokandi\u0107, te Sportsko &#8211; plesnom klubu T-dance i voditeljici Kristini Luki\u0107, \u010diji nastupi nas uvijek nanovo odu\u0161eve.<\/div>\n<\/div>\n<div class=\"x14z9mp xat24cr x1lziwak x1vvkbs xtlvy1s x126k92a\">\n<div dir=\"auto\">Hvala na suradnji \u0161kolama i \u0161kolskim knji\u017enicama, \u010dlanovima udruge pisaca i umjetnika <span class=\"html-span xdj266r x14z9mp xat24cr x1lziwak xexx8yu xyri2b x18d9i69 x1c1uobl x1hl2dhg x16tdsg8 x1vvkbs\"><a class=\"x1i10hfl xjbqb8w x1ejq31n x18oe1m7 x1sy0etr xstzfhl x972fbf x10w94by x1qhh985 x14e42zd x9f619 x1ypdohk xt0psk2 x3ct3a4 xdj266r x14z9mp xat24cr x1lziwak xexx8yu xyri2b x18d9i69 x1c1uobl x16tdsg8 x1hl2dhg xggy1nq x1a2a7pz xkrqix3 x1sur9pj x1fey0fg x1s688f\" tabindex=\"0\" role=\"link\" href=\"https:\/\/www.facebook.com\/udrugakreativnamreza?__cft__[0]=AZXYUW_ut8LYElPH1D_oxEzyYZ6aN7AR7_uTElNT6NuwSUDGO3foFGRYMqmzVNV3zCmkj8lAvgr8qZpeaXRbnXl2Ce3vv-eHSkMJeF4Dop9woGitUy6AmG-SkjDo7swlgInFIz1NFm8L6JBNtCJ_ObBdXIty8ONEytRP6sz7DiSzB82hZRmuAszsjydhMlMq-JE&amp;__tn__=-]K-y-R\"><span class=\"xt0psk2\"><span class=\"xjp7ctv\">Kreativna mre\u017ea<\/span><\/span><\/a><\/span> iz Zagreba, te na\u0161im sponzorima, <span class=\"html-span xdj266r x14z9mp xat24cr x1lziwak xexx8yu xyri2b x18d9i69 x1c1uobl x1hl2dhg x16tdsg8 x1vvkbs\"><a class=\"x1i10hfl xjbqb8w x1ejq31n x18oe1m7 x1sy0etr xstzfhl x972fbf x10w94by x1qhh985 x14e42zd x9f619 x1ypdohk xt0psk2 x3ct3a4 xdj266r x14z9mp xat24cr x1lziwak xexx8yu xyri2b x18d9i69 x1c1uobl x16tdsg8 x1hl2dhg xggy1nq x1a2a7pz xkrqix3 x1sur9pj x1fey0fg x1s688f\" tabindex=\"0\" role=\"link\" href=\"https:\/\/www.facebook.com\/GradKorcula?__cft__[0]=AZXYUW_ut8LYElPH1D_oxEzyYZ6aN7AR7_uTElNT6NuwSUDGO3foFGRYMqmzVNV3zCmkj8lAvgr8qZpeaXRbnXl2Ce3vv-eHSkMJeF4Dop9woGitUy6AmG-SkjDo7swlgInFIz1NFm8L6JBNtCJ_ObBdXIty8ONEytRP6sz7DiSzB82hZRmuAszsjydhMlMq-JE&amp;__tn__=-]K-y-R\"><span class=\"xt0psk2\"><span class=\"xjp7ctv\">Grad Kor\u010dula<\/span><\/span><\/a><\/span>, <span class=\"html-span xdj266r x14z9mp xat24cr x1lziwak xexx8yu xyri2b x18d9i69 x1c1uobl x1hl2dhg x16tdsg8 x1vvkbs\"><a class=\"x1i10hfl xjbqb8w x1ejq31n x18oe1m7 x1sy0etr xstzfhl x972fbf x10w94by x1qhh985 x14e42zd x9f619 x1ypdohk xt0psk2 x3ct3a4 xdj266r x14z9mp xat24cr x1lziwak xexx8yu xyri2b x18d9i69 x1c1uobl x16tdsg8 x1hl2dhg xggy1nq x1a2a7pz xkrqix3 x1sur9pj x1fey0fg x1s688f\" tabindex=\"0\" role=\"link\" href=\"https:\/\/www.facebook.com\/minkulturehr?__cft__[0]=AZXYUW_ut8LYElPH1D_oxEzyYZ6aN7AR7_uTElNT6NuwSUDGO3foFGRYMqmzVNV3zCmkj8lAvgr8qZpeaXRbnXl2Ce3vv-eHSkMJeF4Dop9woGitUy6AmG-SkjDo7swlgInFIz1NFm8L6JBNtCJ_ObBdXIty8ONEytRP6sz7DiSzB82hZRmuAszsjydhMlMq-JE&amp;__tn__=-]K-y-R\"><span class=\"xt0psk2\"><span class=\"xjp7ctv\">Ministarstvo kulture i medija Republike Hrvatske<\/span><\/span><\/a><\/span> i DN\u017d.<\/div>\n<\/div>\n<div dir=\"auto\">\u00a0<\/div>\n<div dir=\"auto\">Nakon otvaranja, u <span class=\"html-span xdj266r x14z9mp xat24cr x1lziwak xexx8yu xyri2b x18d9i69 x1c1uobl x1hl2dhg x16tdsg8 x1vvkbs\"><a class=\"x1i10hfl xjbqb8w x1ejq31n x18oe1m7 x1sy0etr xstzfhl x972fbf x10w94by x1qhh985 x14e42zd x9f619 x1ypdohk xt0psk2 x3ct3a4 xdj266r x14z9mp xat24cr x1lziwak xexx8yu xyri2b x18d9i69 x1c1uobl x16tdsg8 x1hl2dhg xggy1nq x1a2a7pz xkrqix3 x1sur9pj x1fey0fg x1s688f\" tabindex=\"0\" role=\"link\" href=\"https:\/\/www.facebook.com\/GKKorcula?__cft__[0]=AZWOh7KCKhzGgHPJm6A0DgwBMdxLCkE43lywtDDdpbxM2vmmGZq1qonwFis-Z8fuxpLtx5SscjHHDNiPQZ1iozfmowmh47aHDDJDPpVDPdl1w_JLksBJ-V8HpIBiw3jTJc10HkfknBtwnenBDoNKRJMy6WNYIMI_srhWIxUReY01Cw0Nq8iqkbLXG7gJM5g2mks&amp;__tn__=-]K-R\"><span class=\"xt0psk2\"><span class=\"xjp7ctv\">Gradskoj knji\u017enici <em>Ivan Vidali<\/em><\/span><\/span><\/a><\/span> u dru\u0161tvu sjajne knji\u017eevnice Nikoline Manojlovi\u0107 Vra\u010dar djeca ni\u017eih razreda <span class=\"html-span xdj266r x14z9mp xat24cr x1lziwak xexx8yu xyri2b x18d9i69 x1c1uobl x1hl2dhg x16tdsg8 x1vvkbs\"><a class=\"x1i10hfl xjbqb8w x1ejq31n x18oe1m7 x1sy0etr xstzfhl x972fbf x10w94by x1qhh985 x14e42zd x9f619 x1ypdohk xt0psk2 x3ct3a4 xdj266r x14z9mp xat24cr x1lziwak xexx8yu xyri2b x18d9i69 x1c1uobl x16tdsg8 x1hl2dhg xggy1nq x1a2a7pz xkrqix3 x1sur9pj x1fey0fg x1s688f\" tabindex=\"0\" role=\"link\" href=\"https:\/\/www.facebook.com\/profile.php?id=61565732390375&amp;__cft__[0]=AZWOh7KCKhzGgHPJm6A0DgwBMdxLCkE43lywtDDdpbxM2vmmGZq1qonwFis-Z8fuxpLtx5SscjHHDNiPQZ1iozfmowmh47aHDDJDPpVDPdl1w_JLksBJ-V8HpIBiw3jTJc10HkfknBtwnenBDoNKRJMy6WNYIMI_srhWIxUReY01Cw0Nq8iqkbLXG7gJM5g2mks&amp;__tn__=-]K-R\"><span class=\"xt0psk2\"><span class=\"xjp7ctv\">O\u0160 Petra Kanaveli\u0107a Kor\u010dula<\/span><\/span><\/a><\/span> u pratnji u\u010diteljica u\u017eivala su u pri\u010dama, recitacijama, glumi, repanju i pjevanju. Susret s Nikolinom bio je pun smijeha, kreativnosti i dobrih vibracija! <span class=\"html-span xexx8yu xyri2b x18d9i69 x1c1uobl x1hl2dhg x16tdsg8 x1vvkbs x3nfvp2 x1j61x8r x1fcty0u xdj266r xat24cr xm2jcoa x1mpyi22 xxymvpz xlup9mm x1kky2od\"><img decoding=\"async\" class=\"xz74otr x15mokao x1ga7v0g x16uus16 xbiv7yw\" src=\"https:\/\/static.xx.fbcdn.net\/images\/emoji.php\/v9\/tae\/1\/16\/1f3ad.png\" alt=\"\ud83c\udfad\" width=\"16\" height=\"16\" \/><\/span><span class=\"html-span xexx8yu xyri2b x18d9i69 x1c1uobl x1hl2dhg x16tdsg8 x1vvkbs x3nfvp2 x1j61x8r x1fcty0u xdj266r xat24cr xm2jcoa x1mpyi22 xxymvpz xlup9mm x1kky2od\"><img decoding=\"async\" class=\"xz74otr x15mokao x1ga7v0g x16uus16 xbiv7yw\" src=\"https:\/\/static.xx.fbcdn.net\/images\/emoji.php\/v9\/t1f\/1\/16\/1f3b6.png\" alt=\"\ud83c\udfb6\" width=\"16\" height=\"16\" \/><\/span><\/div>\n<div dir=\"auto\">\n<div class=\"x14z9mp xat24cr x1lziwak x1vvkbs xtlvy1s x126k92a\">\n<div dir=\"auto\">\u00a0<\/div>\n<div dir=\"auto\">Nikolina je svestrana umjetnica, dipl. slikarica, \u010dlanica HDLU-a, HZSU-a i i HDKDM-a, autorica brojnih slikovnica i zbirki pjesama za djecu, te je godinama vodila i popularnu emisiju \u201eNinin kutak\u201c na HRT-u. Njezina djela, poput nagra\u0111ivane zbirke \u0160to sve i slikovnice Oblak u \u017eutom kaputu, donose djeci svijet igre, ma\u0161te i jezika na poseban, duhovit i inspirativan na\u010din.<\/div>\n<\/div>\n<\/div>\n<div dir=\"auto\">\n<div class=\"x14z9mp xat24cr x1lziwak x1vvkbs xtlvy1s x126k92a\">\n<div dir=\"auto\">Program Kor\u010dulanskog festivala knji\u017eevnosti nastavili smo u Podru\u010dnoj \u0161koli u \u010cari, gdje su se u\u010denici od 1. do 4. razreda dru\u017eili s knji\u017eevnicom i ilustratoricom Brankom Hollingsworth Narom. <span class=\"html-span xexx8yu xyri2b x18d9i69 x1c1uobl x1hl2dhg x16tdsg8 x1vvkbs x3nfvp2 x1j61x8r x1fcty0u xdj266r xat24cr xm2jcoa x1mpyi22 xxymvpz xlup9mm x1kky2od\"><img decoding=\"async\" class=\"xz74otr x15mokao x1ga7v0g x16uus16 xbiv7yw\" src=\"https:\/\/static.xx.fbcdn.net\/images\/emoji.php\/v9\/t49\/1\/16\/1f4da.png\" alt=\"\ud83d\udcda\" width=\"16\" height=\"16\" \/><\/span><span class=\"html-span xexx8yu xyri2b x18d9i69 x1c1uobl x1hl2dhg x16tdsg8 x1vvkbs x3nfvp2 x1j61x8r x1fcty0u xdj266r xat24cr xm2jcoa x1mpyi22 xxymvpz xlup9mm x1kky2od\"><img decoding=\"async\" class=\"xz74otr x15mokao x1ga7v0g x16uus16 xbiv7yw\" src=\"https:\/\/static.xx.fbcdn.net\/images\/emoji.php\/v9\/te4\/1\/16\/270f.png\" alt=\"\u270f\ufe0f\" width=\"16\" height=\"16\" \/><\/span><\/div>\n<\/div>\n<div class=\"x14z9mp xat24cr x1lziwak x1vvkbs xtlvy1s x126k92a\">\n<div dir=\"auto\">Autorica im je predstavila slikovnicu &#8220;Vuk na mjesecu&#8221;, a potom su na kreativnoj radionici u\u010denici ilustrirali svoj zami\u0161ljeni odlazak na Mjesec. <span class=\"html-span xexx8yu xyri2b x18d9i69 x1c1uobl x1hl2dhg x16tdsg8 x1vvkbs x3nfvp2 x1j61x8r x1fcty0u xdj266r xat24cr xm2jcoa x1mpyi22 xxymvpz xlup9mm x1kky2od\"><img decoding=\"async\" class=\"xz74otr x15mokao x1ga7v0g x16uus16 xbiv7yw\" src=\"https:\/\/static.xx.fbcdn.net\/images\/emoji.php\/v9\/t33\/1\/16\/1f319.png\" alt=\"\ud83c\udf19\" width=\"16\" height=\"16\" \/><\/span><span class=\"html-span xexx8yu xyri2b x18d9i69 x1c1uobl x1hl2dhg x16tdsg8 x1vvkbs x3nfvp2 x1j61x8r x1fcty0u xdj266r xat24cr xm2jcoa x1mpyi22 xxymvpz xlup9mm x1kky2od\"><img decoding=\"async\" class=\"xz74otr x15mokao x1ga7v0g x16uus16 xbiv7yw\" src=\"https:\/\/static.xx.fbcdn.net\/images\/emoji.php\/v9\/tc6\/1\/16\/1f680.png\" alt=\"\ud83d\ude80\" width=\"16\" height=\"16\" \/><\/span><\/div>\n<\/div>\n<div class=\"x14z9mp xat24cr x1lziwak x1vvkbs xtlvy1s x126k92a\">\n<div dir=\"auto\">Razgovarali smo i o tome \u0161to su ilustracije, kako izgleda posao ilustratora i za\u0161to su ilustracije va\u017ene za svaku pri\u010du. Djeca su u\u017eivala, a njihova ma\u0161tovita djela dokazala su koliko umjetnost mo\u017ee potaknuti kreativnost i znati\u017eelju. <span class=\"html-span xexx8yu xyri2b x18d9i69 x1c1uobl x1hl2dhg x16tdsg8 x1vvkbs x3nfvp2 x1j61x8r x1fcty0u xdj266r xat24cr xm2jcoa x1mpyi22 xxymvpz xlup9mm x1kky2od\"><img decoding=\"async\" class=\"xz74otr x15mokao x1ga7v0g x16uus16 xbiv7yw\" src=\"https:\/\/static.xx.fbcdn.net\/images\/emoji.php\/v9\/t15\/1\/16\/1f49b.png\" alt=\"\ud83d\udc9b\" width=\"16\" height=\"16\" \/><\/span><\/div>\n<\/div>\n<\/div>\n<div dir=\"auto\">\u00a0<\/div>\n<p>[\/et_pb_text][\/et_pb_column][\/et_pb_row][\/et_pb_section]<\/p>\n","protected":false},"excerpt":{"rendered":"<p>U kor\u010dulanskom gradskom parku odr\u017eana je sve\u010danost otvaranja 5. KFK za djecu, programa kojim pridonosimo ciljevima Nacionalne kampanje za poticanje \u010ditanja. Festivalska doga\u0111anja u trajanju od tri dana, odvijat \u0107e [&hellip;]<\/p>\n","protected":false},"author":3,"featured_media":2286,"comment_status":"closed","ping_status":"closed","sticky":false,"template":"","format":"standard","meta":{"_et_pb_use_builder":"on","_et_pb_old_content":"<div class=\"x14z9mp xat24cr x1lziwak x1vvkbs xtlvy1s x126k92a\"><div dir=\"auto\">U kor\u010dulanskom gradskom parku odr\u017eana je sve\u010danost otvaranja 5. KFK za djecu, programa kojim pridonosimo ciljevima Nacionalne kampanje za poticanje \u010ditanja. Festivalska doga\u0111anja u trajanju od tri dana, odvijat \u0107e se po svim oto\u010dnim naseljima, po \u0161kolama, knji\u017enicama i na otvorenom, a djeca \u0107e u\u017eivati u knji\u017eevnim susretima, pri\u010daonicama i radionicama dru\u017ee\u0107i se s poznatim, hrvatskim autorima za djecu, ilustratorima i umjetnicima.<\/div><\/div><div class=\"x14z9mp xat24cr x1lziwak x1vvkbs xtlvy1s x126k92a\"><div dir=\"auto\">Hvala svim mladim izvo\u0111a\u010dima koji su svojim nastupima uveli\u010dali dana\u0161nju sve\u010danost: bubnjarskoj sekciji Kluba Dobre vibracije koja djeluje pri Glazbenoj \u0161koli u Kor\u010duli i voditelju Borisu Prljevi\u0107u, \u017denskom pjeva\u010dkom zboru \u201eDivne\u201c koji djeluje pri <span class=\"html-span xdj266r x14z9mp xat24cr x1lziwak xexx8yu xyri2b x18d9i69 x1c1uobl x1hl2dhg x16tdsg8 x1vvkbs\"><a class=\"x1i10hfl xjbqb8w x1ejq31n x18oe1m7 x1sy0etr xstzfhl x972fbf x10w94by x1qhh985 x14e42zd x9f619 x1ypdohk xt0psk2 x3ct3a4 xdj266r x14z9mp xat24cr x1lziwak xexx8yu xyri2b x18d9i69 x1c1uobl x16tdsg8 x1hl2dhg xggy1nq x1a2a7pz xkrqix3 x1sur9pj x1fey0fg x1s688f\" tabindex=\"0\" role=\"link\" href=\"https:\/\/www.facebook.com\/profile.php?id=100087496521720&__cft__[0]=AZXYUW_ut8LYElPH1D_oxEzyYZ6aN7AR7_uTElNT6NuwSUDGO3foFGRYMqmzVNV3zCmkj8lAvgr8qZpeaXRbnXl2Ce3vv-eHSkMJeF4Dop9woGitUy6AmG-SkjDo7swlgInFIz1NFm8L6JBNtCJ_ObBdXIty8ONEytRP6sz7DiSzB82hZRmuAszsjydhMlMq-JE&__tn__=-]K-y-R\"><span class=\"xt0psk2\"><span class=\"xjp7ctv\">KPD Bratska sloga<\/span><\/span><\/a><\/span> iz \u017drnova i voditeljici Luciji Skokandi\u0107, te Sportsko - plesnom klubu T-dance i voditeljici Kristini Luki\u0107, \u010diji nastupi nas uvijek nanovo odu\u0161eve.<\/div><\/div><div class=\"x14z9mp xat24cr x1lziwak x1vvkbs xtlvy1s x126k92a\"><div dir=\"auto\">Hvala na suradnji \u0161kolama i \u0161kolskim knji\u017enicama, \u010dlanovima udruge pisaca i umjetnika <span class=\"html-span xdj266r x14z9mp xat24cr x1lziwak xexx8yu xyri2b x18d9i69 x1c1uobl x1hl2dhg x16tdsg8 x1vvkbs\"><a class=\"x1i10hfl xjbqb8w x1ejq31n x18oe1m7 x1sy0etr xstzfhl x972fbf x10w94by x1qhh985 x14e42zd x9f619 x1ypdohk xt0psk2 x3ct3a4 xdj266r x14z9mp xat24cr x1lziwak xexx8yu xyri2b x18d9i69 x1c1uobl x16tdsg8 x1hl2dhg xggy1nq x1a2a7pz xkrqix3 x1sur9pj x1fey0fg x1s688f\" tabindex=\"0\" role=\"link\" href=\"https:\/\/www.facebook.com\/udrugakreativnamreza?__cft__[0]=AZXYUW_ut8LYElPH1D_oxEzyYZ6aN7AR7_uTElNT6NuwSUDGO3foFGRYMqmzVNV3zCmkj8lAvgr8qZpeaXRbnXl2Ce3vv-eHSkMJeF4Dop9woGitUy6AmG-SkjDo7swlgInFIz1NFm8L6JBNtCJ_ObBdXIty8ONEytRP6sz7DiSzB82hZRmuAszsjydhMlMq-JE&__tn__=-]K-y-R\"><span class=\"xt0psk2\"><span class=\"xjp7ctv\">Kreativna mre\u017ea<\/span><\/span><\/a><\/span> iz Zagreba, te na\u0161im sponzorima, <span class=\"html-span xdj266r x14z9mp xat24cr x1lziwak xexx8yu xyri2b x18d9i69 x1c1uobl x1hl2dhg x16tdsg8 x1vvkbs\"><a class=\"x1i10hfl xjbqb8w x1ejq31n x18oe1m7 x1sy0etr xstzfhl x972fbf x10w94by x1qhh985 x14e42zd x9f619 x1ypdohk xt0psk2 x3ct3a4 xdj266r x14z9mp xat24cr x1lziwak xexx8yu xyri2b x18d9i69 x1c1uobl x16tdsg8 x1hl2dhg xggy1nq x1a2a7pz xkrqix3 x1sur9pj x1fey0fg x1s688f\" tabindex=\"0\" role=\"link\" href=\"https:\/\/www.facebook.com\/GradKorcula?__cft__[0]=AZXYUW_ut8LYElPH1D_oxEzyYZ6aN7AR7_uTElNT6NuwSUDGO3foFGRYMqmzVNV3zCmkj8lAvgr8qZpeaXRbnXl2Ce3vv-eHSkMJeF4Dop9woGitUy6AmG-SkjDo7swlgInFIz1NFm8L6JBNtCJ_ObBdXIty8ONEytRP6sz7DiSzB82hZRmuAszsjydhMlMq-JE&__tn__=-]K-y-R\"><span class=\"xt0psk2\"><span class=\"xjp7ctv\">Grad Kor\u010dula<\/span><\/span><\/a><\/span>, <span class=\"html-span xdj266r x14z9mp xat24cr x1lziwak xexx8yu xyri2b x18d9i69 x1c1uobl x1hl2dhg x16tdsg8 x1vvkbs\"><a class=\"x1i10hfl xjbqb8w x1ejq31n x18oe1m7 x1sy0etr xstzfhl x972fbf x10w94by x1qhh985 x14e42zd x9f619 x1ypdohk xt0psk2 x3ct3a4 xdj266r x14z9mp xat24cr x1lziwak xexx8yu xyri2b x18d9i69 x1c1uobl x16tdsg8 x1hl2dhg xggy1nq x1a2a7pz xkrqix3 x1sur9pj x1fey0fg x1s688f\" tabindex=\"0\" role=\"link\" href=\"https:\/\/www.facebook.com\/minkulturehr?__cft__[0]=AZXYUW_ut8LYElPH1D_oxEzyYZ6aN7AR7_uTElNT6NuwSUDGO3foFGRYMqmzVNV3zCmkj8lAvgr8qZpeaXRbnXl2Ce3vv-eHSkMJeF4Dop9woGitUy6AmG-SkjDo7swlgInFIz1NFm8L6JBNtCJ_ObBdXIty8ONEytRP6sz7DiSzB82hZRmuAszsjydhMlMq-JE&__tn__=-]K-y-R\"><span class=\"xt0psk2\"><span class=\"xjp7ctv\">Ministarstvo kulture i medija Republike Hrvatske<\/span><\/span><\/a><\/span> i DN\u017d.<\/div><\/div><div dir=\"auto\">\u00a0<\/div><div dir=\"auto\">\u00a0<\/div>","_et_gb_content_width":"","footnotes":""},"categories":[11],"tags":[],"class_list":["post-2280","post","type-post","status-publish","format-standard","has-post-thumbnail","hentry","category-aktualno"],"_links":{"self":[{"href":"https:\/\/gk-korcula.hr\/nova\/wp-json\/wp\/v2\/posts\/2280","targetHints":{"allow":["GET"]}}],"collection":[{"href":"https:\/\/gk-korcula.hr\/nova\/wp-json\/wp\/v2\/posts"}],"about":[{"href":"https:\/\/gk-korcula.hr\/nova\/wp-json\/wp\/v2\/types\/post"}],"author":[{"embeddable":true,"href":"https:\/\/gk-korcula.hr\/nova\/wp-json\/wp\/v2\/users\/3"}],"replies":[{"embeddable":true,"href":"https:\/\/gk-korcula.hr\/nova\/wp-json\/wp\/v2\/comments?post=2280"}],"version-history":[{"count":5,"href":"https:\/\/gk-korcula.hr\/nova\/wp-json\/wp\/v2\/posts\/2280\/revisions"}],"predecessor-version":[{"id":2291,"href":"https:\/\/gk-korcula.hr\/nova\/wp-json\/wp\/v2\/posts\/2280\/revisions\/2291"}],"wp:featuredmedia":[{"embeddable":true,"href":"https:\/\/gk-korcula.hr\/nova\/wp-json\/wp\/v2\/media\/2286"}],"wp:attachment":[{"href":"https:\/\/gk-korcula.hr\/nova\/wp-json\/wp\/v2\/media?parent=2280"}],"wp:term":[{"taxonomy":"category","embeddable":true,"href":"https:\/\/gk-korcula.hr\/nova\/wp-json\/wp\/v2\/categories?post=2280"},{"taxonomy":"post_tag","embeddable":true,"href":"https:\/\/gk-korcula.hr\/nova\/wp-json\/wp\/v2\/tags?post=2280"}],"curies":[{"name":"wp","href":"https:\/\/api.w.org\/{rel}","templated":true}]}}