{"id":2298,"date":"2025-09-27T09:44:49","date_gmt":"2025-09-27T07:44:49","guid":{"rendered":"https:\/\/gk-korcula.hr\/nova\/?p=2298"},"modified":"2025-10-08T09:46:59","modified_gmt":"2025-10-08T07:46:59","slug":"predstavljanje-knjige-matija","status":"publish","type":"post","link":"https:\/\/gk-korcula.hr\/nova\/predstavljanje-knjige-matija\/","title":{"rendered":"Predstavljanje knjige &#8220;Matija&#8221;"},"content":{"rendered":"<div class=\"xdj266r x14z9mp xat24cr x1lziwak x1vvkbs x126k92a\">\n<div dir=\"auto\">Sino\u0107 je u Kor\u010duli u <span class=\"html-span xdj266r x14z9mp xat24cr x1lziwak xexx8yu xyri2b x18d9i69 x1c1uobl x1hl2dhg x16tdsg8 x1vvkbs\"><a class=\"x1i10hfl xjbqb8w x1ejq31n x18oe1m7 x1sy0etr xstzfhl x972fbf x10w94by x1qhh985 x14e42zd x9f619 x1ypdohk xt0psk2 x3ct3a4 xdj266r x14z9mp xat24cr x1lziwak xexx8yu xyri2b x18d9i69 x1c1uobl x16tdsg8 x1hl2dhg xggy1nq x1a2a7pz xkrqix3 x1sur9pj x1fey0fg x1s688f\" tabindex=\"0\" role=\"link\" href=\"https:\/\/web.facebook.com\/GKKorcula?__cft__[0]=AZWSmpRCFaytkEbBUViF9895BlhXL82b8lQsH_2bZCl7Yq9T16KQObhhf5gbdP2XlB567XfRpAn4588tmL9g8hEvbFchtnxQvga7uzL9WiAC2gN4ZB0ItlSkLUNc2Dah5ZWUaWPkQ9b43nEZXUcmV_WyjLrC6JzqQpDR0OD99Cx3GIKkJf0PWwJH6Ev36jZvAN8&amp;__tn__=-]K-R\"><span class=\"xt0psk2\"><span class=\"xjp7ctv\">Gradska knji\u017enica Ivan Vidali<\/span><\/span><\/a><\/span> predstavljena knjiga &#8220;Matija&#8221; Drage Hedla, istaknutog hrvatskog novinara i knji\u017eevnika. Roman je potresna intimna ispovijest autora, u kojoj iskreno i hrabro progovara o neizrecivom, o preranom gubitku sina Matije koji je svojevoljno napustio ovaj svijet. Osim o boli, samo\u0107i i \u017ealovanju, pri\u010da je to o Matijinim profesionalnim uspjesima i humanosti, o Hrvatskoj i Americi, o be\u0161\u0107utnosti birokracije, kulture u kojoj se potiskuju emocije&#8230;&#8230;<\/div>\n<div dir=\"auto\"><\/div>\n<\/div>\n<div class=\"x14z9mp xat24cr x1lziwak x1vvkbs xtlvy1s x126k92a\">\n<div dir=\"auto\">&#8220;Trebalo je puno odluka i hrabrosti da se uop\u0107e odlu\u010dim napisati ovu knjigu&#8230;&#8230; prvi razlog je to \u0161to je pisanje knjige zna\u010dilo ponovno uranjanje u sve ono \u0161to smo Matijina majka, moja biv\u0161a supruga, i ja zajedno pro\u0161li. Drugo je nekakav strah kako \u0107e ta knjiga biti primljena kod publike, rije\u010d je o vrlo intimnim stvarima, i tre\u0107e moja \u017eelja je bila da sa suicida skinemo nekakvu stigmu koja vlada u na\u0161emu dru\u0161tvu, jer se nerado govori da je netko u obitelji po\u010dinio suicid&#8221; &#8211; rekao je Hedl.<\/div>\n<div dir=\"auto\"><\/div>\n<\/div>\n<div class=\"x14z9mp xat24cr x1lziwak x1vvkbs xtlvy1s x126k92a\">\n<div dir=\"auto\">Predstavljanje knjiga &#8220;Matija&#8221; izazvalo je veliki interes kor\u010dulanske publike, koja je s pa\u017enjom slu\u0161ala razgovor autora s moderatorom ve\u010deri Draganom Markovinom, publicistom i povjesni\u010darom.<\/div>\n<\/div>\n","protected":false},"excerpt":{"rendered":"<p>Sino\u0107 je u Kor\u010duli u Gradska knji\u017enica Ivan Vidali predstavljena knjiga &#8220;Matija&#8221; Drage Hedla, istaknutog hrvatskog novinara i knji\u017eevnika. Roman je potresna intimna ispovijest autora, u kojoj iskreno i hrabro [&hellip;]<\/p>\n","protected":false},"author":3,"featured_media":2299,"comment_status":"closed","ping_status":"closed","sticky":false,"template":"","format":"standard","meta":{"_et_pb_use_builder":"","_et_pb_old_content":"","_et_gb_content_width":"","footnotes":""},"categories":[11],"tags":[],"class_list":["post-2298","post","type-post","status-publish","format-standard","has-post-thumbnail","hentry","category-aktualno"],"_links":{"self":[{"href":"https:\/\/gk-korcula.hr\/nova\/wp-json\/wp\/v2\/posts\/2298","targetHints":{"allow":["GET"]}}],"collection":[{"href":"https:\/\/gk-korcula.hr\/nova\/wp-json\/wp\/v2\/posts"}],"about":[{"href":"https:\/\/gk-korcula.hr\/nova\/wp-json\/wp\/v2\/types\/post"}],"author":[{"embeddable":true,"href":"https:\/\/gk-korcula.hr\/nova\/wp-json\/wp\/v2\/users\/3"}],"replies":[{"embeddable":true,"href":"https:\/\/gk-korcula.hr\/nova\/wp-json\/wp\/v2\/comments?post=2298"}],"version-history":[{"count":1,"href":"https:\/\/gk-korcula.hr\/nova\/wp-json\/wp\/v2\/posts\/2298\/revisions"}],"predecessor-version":[{"id":2300,"href":"https:\/\/gk-korcula.hr\/nova\/wp-json\/wp\/v2\/posts\/2298\/revisions\/2300"}],"wp:featuredmedia":[{"embeddable":true,"href":"https:\/\/gk-korcula.hr\/nova\/wp-json\/wp\/v2\/media\/2299"}],"wp:attachment":[{"href":"https:\/\/gk-korcula.hr\/nova\/wp-json\/wp\/v2\/media?parent=2298"}],"wp:term":[{"taxonomy":"category","embeddable":true,"href":"https:\/\/gk-korcula.hr\/nova\/wp-json\/wp\/v2\/categories?post=2298"},{"taxonomy":"post_tag","embeddable":true,"href":"https:\/\/gk-korcula.hr\/nova\/wp-json\/wp\/v2\/tags?post=2298"}],"curies":[{"name":"wp","href":"https:\/\/api.w.org\/{rel}","templated":true}]}}