{"id":2316,"date":"2025-10-18T12:21:45","date_gmt":"2025-10-18T10:21:45","guid":{"rendered":"https:\/\/gk-korcula.hr\/nova\/?p=2316"},"modified":"2025-10-20T12:23:56","modified_gmt":"2025-10-20T10:23:56","slug":"igor-beles-gostovao-u-gradskoj-knjiznici-ivan-vidali","status":"publish","type":"post","link":"https:\/\/gk-korcula.hr\/nova\/igor-beles-gostovao-u-gradskoj-knjiznici-ivan-vidali\/","title":{"rendered":"Igor Bele\u0161 gostovao u Gradskoj knji\u017enici Ivan Vidali"},"content":{"rendered":"<div class=\"x14z9mp xat24cr x1lziwak x1vvkbs xtlvy1s x126k92a\">\n<div dir=\"auto\">Sino\u0107 je u Kor\u010duli u sklopu programa <span class=\"html-span xdj266r x14z9mp xat24cr x1lziwak xexx8yu xyri2b x18d9i69 x1c1uobl x1hl2dhg x16tdsg8 x1vvkbs\"><a class=\"x1i10hfl xjbqb8w x1ejq31n x18oe1m7 x1sy0etr xstzfhl x972fbf x10w94by x1qhh985 x14e42zd x9f619 x1ypdohk xt0psk2 x3ct3a4 xdj266r x14z9mp xat24cr x1lziwak xexx8yu xyri2b x18d9i69 x1c1uobl x16tdsg8 x1hl2dhg xggy1nq x1a2a7pz xkrqix3 x1sur9pj x1fey0fg x1s688f\" tabindex=\"0\" role=\"link\" href=\"https:\/\/web.facebook.com\/mjesechrvatskeknjige?__cft__[0]=AZVsjOJk-g_Q4T9xQt6pNPJMJQSCBw5JT87J8_Tmk2OuppH5ar170AxUaq5rn73tWeWIVaR0S2a_gT6VJctMqFbeoPEI9lqM11m89d92YVtbPc7CnrXpQdpSkpBhuxY2hkNJnp-VUyhjfGSqED6VHsGwP9z-hSOYeiy369gZhKQkJF_ANDufH6gqhik9sgimloY&amp;__tn__=-]K-R\"><span class=\"xt0psk2\"><span class=\"xjp7ctv\">Mjesec hrvatske knjige<\/span><\/span><\/a><\/span> gostovao knji\u017eevnik <span class=\"html-span xdj266r x14z9mp xat24cr x1lziwak xexx8yu xyri2b x18d9i69 x1c1uobl x1hl2dhg x16tdsg8 x1vvkbs\"><a class=\"x1i10hfl xjbqb8w x1ejq31n x18oe1m7 x1sy0etr xstzfhl x972fbf x10w94by x1qhh985 x14e42zd x9f619 x1ypdohk xt0psk2 x3ct3a4 xdj266r x14z9mp xat24cr x1lziwak xexx8yu xyri2b x18d9i69 x1c1uobl x16tdsg8 x1hl2dhg xggy1nq x1a2a7pz xkrqix3 x1sur9pj x1fey0fg x1s688f\" tabindex=\"0\" role=\"link\" href=\"https:\/\/web.facebook.com\/igor.beles?__cft__[0]=AZVsjOJk-g_Q4T9xQt6pNPJMJQSCBw5JT87J8_Tmk2OuppH5ar170AxUaq5rn73tWeWIVaR0S2a_gT6VJctMqFbeoPEI9lqM11m89d92YVtbPc7CnrXpQdpSkpBhuxY2hkNJnp-VUyhjfGSqED6VHsGwP9z-hSOYeiy369gZhKQkJF_ANDufH6gqhik9sgimloY&amp;__tn__=-]K-R\"><span class=\"xt0psk2\"><span class=\"xjp7ctv\">Igor Bele\u0161<\/span><\/span><\/a><\/span> i predstavio svoj novi roman &#8220;Listanje kupusa&#8221; kojim je osvojio kritiku i \u010ditateljsku publiku.<\/div>\n<div dir=\"auto\">Pri\u010da o odrastanju u Borovu naselju u vrijeme rata jednako je potresna, duhovita i topla, podsje\u0107aju\u0107i nas kako postoje vrijednosti koje su iznad svega, poput prijateljstva, ljubavi i razumijevanja. Roman je to koji se pamti i koji se zaista lista, jedna od najpopularnijih i najhumanijih knjiga o ratu napisana posljednjih godina.<\/div>\n<\/div>\n<div class=\"x14z9mp xat24cr x1lziwak x1vvkbs xtlvy1s x126k92a\">\n<div dir=\"auto\">Hvala publici na sudjelovanju, a Vinki Lozici na vje\u0161tom i zanimljivom moderiranju susreta s knji\u017eevnikom.<\/div>\n<\/div>\n<div class=\"x14z9mp xat24cr x1lziwak x1vvkbs xtlvy1s x126k92a\">\n<div dir=\"auto\">Pridru\u017eite nam se i u nastavku programa &#8211; Va\u0161i knji\u017eni\u010dari odabiru za Vas!<\/div>\n<div dir=\"auto\"><\/div>\n<\/div>\n<div dir=\"auto\">Fotogaleriju pogledajte <a href=\"https:\/\/web.facebook.com\/GKKorcula\/posts\/pfbid02NYaSNw3Zm3LJUHL71DcKjjKXG18vAG6FJoyaJCdhqJkpPTu4Ui8YHULrreKbFZaMl\">ovdje<\/a>.<\/div>\n","protected":false},"excerpt":{"rendered":"<p>Sino\u0107 je u Kor\u010duli u sklopu programa Mjesec hrvatske knjige gostovao knji\u017eevnik Igor Bele\u0161 i predstavio svoj novi roman &#8220;Listanje kupusa&#8221; kojim je osvojio kritiku i \u010ditateljsku publiku. Pri\u010da o [&hellip;]<\/p>\n","protected":false},"author":3,"featured_media":2317,"comment_status":"closed","ping_status":"closed","sticky":false,"template":"","format":"standard","meta":{"_et_pb_use_builder":"","_et_pb_old_content":"","_et_gb_content_width":"","footnotes":""},"categories":[11],"tags":[],"class_list":["post-2316","post","type-post","status-publish","format-standard","has-post-thumbnail","hentry","category-aktualno"],"_links":{"self":[{"href":"https:\/\/gk-korcula.hr\/nova\/wp-json\/wp\/v2\/posts\/2316","targetHints":{"allow":["GET"]}}],"collection":[{"href":"https:\/\/gk-korcula.hr\/nova\/wp-json\/wp\/v2\/posts"}],"about":[{"href":"https:\/\/gk-korcula.hr\/nova\/wp-json\/wp\/v2\/types\/post"}],"author":[{"embeddable":true,"href":"https:\/\/gk-korcula.hr\/nova\/wp-json\/wp\/v2\/users\/3"}],"replies":[{"embeddable":true,"href":"https:\/\/gk-korcula.hr\/nova\/wp-json\/wp\/v2\/comments?post=2316"}],"version-history":[{"count":1,"href":"https:\/\/gk-korcula.hr\/nova\/wp-json\/wp\/v2\/posts\/2316\/revisions"}],"predecessor-version":[{"id":2318,"href":"https:\/\/gk-korcula.hr\/nova\/wp-json\/wp\/v2\/posts\/2316\/revisions\/2318"}],"wp:featuredmedia":[{"embeddable":true,"href":"https:\/\/gk-korcula.hr\/nova\/wp-json\/wp\/v2\/media\/2317"}],"wp:attachment":[{"href":"https:\/\/gk-korcula.hr\/nova\/wp-json\/wp\/v2\/media?parent=2316"}],"wp:term":[{"taxonomy":"category","embeddable":true,"href":"https:\/\/gk-korcula.hr\/nova\/wp-json\/wp\/v2\/categories?post=2316"},{"taxonomy":"post_tag","embeddable":true,"href":"https:\/\/gk-korcula.hr\/nova\/wp-json\/wp\/v2\/tags?post=2316"}],"curies":[{"name":"wp","href":"https:\/\/api.w.org\/{rel}","templated":true}]}}