{"id":2323,"date":"2025-10-24T22:30:03","date_gmt":"2025-10-24T20:30:03","guid":{"rendered":"https:\/\/gk-korcula.hr\/nova\/?p=2323"},"modified":"2025-10-25T08:35:30","modified_gmt":"2025-10-25T06:35:30","slug":"u-korculi-predstavljen-roman-10-tisuca-koraka-danijele-crljen","status":"publish","type":"post","link":"https:\/\/gk-korcula.hr\/nova\/u-korculi-predstavljen-roman-10-tisuca-koraka-danijele-crljen\/","title":{"rendered":"U Kor\u010duli predstavljen roman &#8220;10 tisu\u0107a koraka&#8221; Danijele Crljen"},"content":{"rendered":"<div class=\"x14z9mp xat24cr x1lziwak x1vvkbs xtlvy1s x126k92a\">\n<div dir=\"auto\">U programu <span class=\"html-span xdj266r x14z9mp xat24cr x1lziwak xexx8yu xyri2b x18d9i69 x1c1uobl x1hl2dhg x16tdsg8 x1vvkbs\"><a class=\"x1i10hfl xjbqb8w x1ejq31n x18oe1m7 x1sy0etr xstzfhl x972fbf x10w94by x1qhh985 x14e42zd x9f619 x1ypdohk xt0psk2 x3ct3a4 xdj266r x14z9mp xat24cr x1lziwak xexx8yu xyri2b x18d9i69 x1c1uobl x16tdsg8 x1hl2dhg xggy1nq x1a2a7pz xkrqix3 x1sur9pj x1fey0fg x1s688f\" tabindex=\"0\" role=\"link\" href=\"https:\/\/web.facebook.com\/GKKorcula?__cft__[0]=AZUcCr07e4VRI8qh8EpKYNIsWMexB5iaJrJrkWN-bCVwhqEDKz3j6hWmq9rDZLTwbeWMqJ0-fhjL43OOrH1Eg1LoVcTnst1rYlSmS-ElvTOJ0fJgqnhIq_cPhxUuyjwVC-eyXdHv6hH71YusJBE9A1OjRTGIxnM1eD6vRnCs-jxFcj8m43ETxehSR3IFTm5KKOA&amp;__tn__=-]K-R\"><span class=\"xt0psk2\"><span class=\"xjp7ctv\">Gradska knji\u017enica Ivan Vidali<\/span><\/span><\/a><\/span> za obilje\u017eavanje manifestacije <span class=\"html-span xdj266r x14z9mp xat24cr x1lziwak xexx8yu xyri2b x18d9i69 x1c1uobl x1hl2dhg x16tdsg8 x1vvkbs\"><a class=\"x1i10hfl xjbqb8w x1ejq31n x18oe1m7 x1sy0etr xstzfhl x972fbf x10w94by x1qhh985 x14e42zd x9f619 x1ypdohk xt0psk2 x3ct3a4 xdj266r x14z9mp xat24cr x1lziwak xexx8yu xyri2b x18d9i69 x1c1uobl x16tdsg8 x1hl2dhg xggy1nq x1a2a7pz xkrqix3 x1sur9pj x1fey0fg x1s688f\" tabindex=\"0\" role=\"link\" href=\"https:\/\/web.facebook.com\/mjesechrvatskeknjige?__cft__[0]=AZUcCr07e4VRI8qh8EpKYNIsWMexB5iaJrJrkWN-bCVwhqEDKz3j6hWmq9rDZLTwbeWMqJ0-fhjL43OOrH1Eg1LoVcTnst1rYlSmS-ElvTOJ0fJgqnhIq_cPhxUuyjwVC-eyXdHv6hH71YusJBE9A1OjRTGIxnM1eD6vRnCs-jxFcj8m43ETxehSR3IFTm5KKOA&amp;__tn__=-]K-R\"><span class=\"xt0psk2\"><span class=\"xjp7ctv\">Mjesec hrvatske knjige<\/span><\/span><\/a><\/span> gostovala je ve\u010deras spisateljica <span class=\"html-span xdj266r x14z9mp xat24cr x1lziwak xexx8yu xyri2b x18d9i69 x1c1uobl x1hl2dhg x16tdsg8 x1vvkbs\"><a class=\"x1i10hfl xjbqb8w x1ejq31n x18oe1m7 x1sy0etr xstzfhl x972fbf x10w94by x1qhh985 x14e42zd x9f619 x1ypdohk xt0psk2 x3ct3a4 xdj266r x14z9mp xat24cr x1lziwak xexx8yu xyri2b x18d9i69 x1c1uobl x16tdsg8 x1hl2dhg xggy1nq x1a2a7pz xkrqix3 x1sur9pj x1fey0fg x1s688f\" tabindex=\"0\" role=\"link\" href=\"https:\/\/web.facebook.com\/danijela.crljen?__cft__[0]=AZUcCr07e4VRI8qh8EpKYNIsWMexB5iaJrJrkWN-bCVwhqEDKz3j6hWmq9rDZLTwbeWMqJ0-fhjL43OOrH1Eg1LoVcTnst1rYlSmS-ElvTOJ0fJgqnhIq_cPhxUuyjwVC-eyXdHv6hH71YusJBE9A1OjRTGIxnM1eD6vRnCs-jxFcj8m43ETxehSR3IFTm5KKOA&amp;__tn__=-]K-R\"><span class=\"xt0psk2\"><span class=\"xjp7ctv\">Danijela Crljen<\/span><\/span><\/a><\/span>. Predstavljanje njene nove knjige Deset tisu\u0107a koraka, objavljene u <span class=\"html-span xdj266r x14z9mp xat24cr x1lziwak xexx8yu xyri2b x18d9i69 x1c1uobl x1hl2dhg x16tdsg8 x1vvkbs\"><a class=\"x1i10hfl xjbqb8w x1ejq31n x18oe1m7 x1sy0etr xstzfhl x972fbf x10w94by x1qhh985 x14e42zd x9f619 x1ypdohk xt0psk2 x3ct3a4 xdj266r x14z9mp xat24cr x1lziwak xexx8yu xyri2b x18d9i69 x1c1uobl x16tdsg8 x1hl2dhg xggy1nq x1a2a7pz xkrqix3 x1sur9pj x1fey0fg x1s688f\" tabindex=\"0\" role=\"link\" href=\"https:\/\/web.facebook.com\/nakladafragment?__cft__[0]=AZUcCr07e4VRI8qh8EpKYNIsWMexB5iaJrJrkWN-bCVwhqEDKz3j6hWmq9rDZLTwbeWMqJ0-fhjL43OOrH1Eg1LoVcTnst1rYlSmS-ElvTOJ0fJgqnhIq_cPhxUuyjwVC-eyXdHv6hH71YusJBE9A1OjRTGIxnM1eD6vRnCs-jxFcj8m43ETxehSR3IFTm5KKOA&amp;__tn__=-]K-R\"><span class=\"xt0psk2\"><span class=\"xjp7ctv\">Naklada Fragment<\/span><\/span><\/a><\/span>, vje\u0161to je moderirala prof. hrvatskog jezika <span class=\"html-span xdj266r x14z9mp xat24cr x1lziwak xexx8yu xyri2b x18d9i69 x1c1uobl x1hl2dhg x16tdsg8 x1vvkbs\"><a class=\"x1i10hfl xjbqb8w x1ejq31n x18oe1m7 x1sy0etr xstzfhl x972fbf x10w94by x1qhh985 x14e42zd x9f619 x1ypdohk xt0psk2 x3ct3a4 xdj266r x14z9mp xat24cr x1lziwak xexx8yu xyri2b x18d9i69 x1c1uobl x16tdsg8 x1hl2dhg xggy1nq x1a2a7pz xkrqix3 x1sur9pj x1fey0fg x1s688f\" tabindex=\"0\" role=\"link\" href=\"https:\/\/web.facebook.com\/skatulebatule?__cft__[0]=AZUcCr07e4VRI8qh8EpKYNIsWMexB5iaJrJrkWN-bCVwhqEDKz3j6hWmq9rDZLTwbeWMqJ0-fhjL43OOrH1Eg1LoVcTnst1rYlSmS-ElvTOJ0fJgqnhIq_cPhxUuyjwVC-eyXdHv6hH71YusJBE9A1OjRTGIxnM1eD6vRnCs-jxFcj8m43ETxehSR3IFTm5KKOA&amp;__tn__=-]K-R\"><span class=\"xt0psk2\"><span class=\"xjp7ctv\">Josipa Favro Kurtovi\u0107<\/span><\/span><\/a><\/span> i u opu\u0161tenom razgovoru s autoricom o temama iz ove iskrene osobne ispovjesti o dana\u0161njim, za \u010dovjeka vrlo izazovnim vremenima, zainteresirala \u010ditateljsku publiku. Nakon uspjeha svog prvijenca &#8220;Strah od kupine&#8221;, Danijela se jo\u0161 jednom pokazala sjajnom spisateljicom koja odu\u0161evljava snagom i ljepotom dobre pri\u010de.<\/div>\n<div dir=\"auto\">Bilo nam je zadovoljstvo ugostiti je u Kor\u010duli!<\/div>\n<\/div>\n<div class=\"x14z9mp xat24cr x1lziwak x1vvkbs xtlvy1s x126k92a\">\n<div dir=\"auto\">Hvala svima na ugodnom i inspirativnom dru\u017eenju uz knjigu!<\/div>\n<\/div>\n<div dir=\"auto\">Fotogaleriju s predstavljanja pogledajte <a href=\"https:\/\/web.facebook.com\/GKKorcula\/posts\/pfbid0sQt4Efd94XA86StWChHdjFRbWtSPFP63FDMRpqVZJ8gjk3jQ4QahrJ9s3hRMJyCCl\">ovdje<\/a>.<\/div>\n","protected":false},"excerpt":{"rendered":"<p>U programu Gradska knji\u017enica Ivan Vidali za obilje\u017eavanje manifestacije Mjesec hrvatske knjige gostovala je ve\u010deras spisateljica Danijela Crljen. Predstavljanje njene nove knjige Deset tisu\u0107a koraka, objavljene u Naklada Fragment, vje\u0161to [&hellip;]<\/p>\n","protected":false},"author":3,"featured_media":2324,"comment_status":"closed","ping_status":"closed","sticky":false,"template":"","format":"standard","meta":{"_et_pb_use_builder":"","_et_pb_old_content":"","_et_gb_content_width":"","footnotes":""},"categories":[11],"tags":[],"class_list":["post-2323","post","type-post","status-publish","format-standard","has-post-thumbnail","hentry","category-aktualno"],"_links":{"self":[{"href":"https:\/\/gk-korcula.hr\/nova\/wp-json\/wp\/v2\/posts\/2323","targetHints":{"allow":["GET"]}}],"collection":[{"href":"https:\/\/gk-korcula.hr\/nova\/wp-json\/wp\/v2\/posts"}],"about":[{"href":"https:\/\/gk-korcula.hr\/nova\/wp-json\/wp\/v2\/types\/post"}],"author":[{"embeddable":true,"href":"https:\/\/gk-korcula.hr\/nova\/wp-json\/wp\/v2\/users\/3"}],"replies":[{"embeddable":true,"href":"https:\/\/gk-korcula.hr\/nova\/wp-json\/wp\/v2\/comments?post=2323"}],"version-history":[{"count":1,"href":"https:\/\/gk-korcula.hr\/nova\/wp-json\/wp\/v2\/posts\/2323\/revisions"}],"predecessor-version":[{"id":2325,"href":"https:\/\/gk-korcula.hr\/nova\/wp-json\/wp\/v2\/posts\/2323\/revisions\/2325"}],"wp:featuredmedia":[{"embeddable":true,"href":"https:\/\/gk-korcula.hr\/nova\/wp-json\/wp\/v2\/media\/2324"}],"wp:attachment":[{"href":"https:\/\/gk-korcula.hr\/nova\/wp-json\/wp\/v2\/media?parent=2323"}],"wp:term":[{"taxonomy":"category","embeddable":true,"href":"https:\/\/gk-korcula.hr\/nova\/wp-json\/wp\/v2\/categories?post=2323"},{"taxonomy":"post_tag","embeddable":true,"href":"https:\/\/gk-korcula.hr\/nova\/wp-json\/wp\/v2\/tags?post=2323"}],"curies":[{"name":"wp","href":"https:\/\/api.w.org\/{rel}","templated":true}]}}