{"id":2327,"date":"2025-10-29T09:45:18","date_gmt":"2025-10-29T08:45:18","guid":{"rendered":"https:\/\/gk-korcula.hr\/nova\/?p=2327"},"modified":"2025-10-29T09:45:18","modified_gmt":"2025-10-29T08:45:18","slug":"predstavljanje-knjige-argentinski-roman-autora-draga-pilsla","status":"publish","type":"post","link":"https:\/\/gk-korcula.hr\/nova\/predstavljanje-knjige-argentinski-roman-autora-draga-pilsla\/","title":{"rendered":"Predstavljanje knjige &#8220;Argentinski roman&#8221; autora Draga Pilsla"},"content":{"rendered":"<p>Pozivamo vas na predstavljanje knjige <em>Argentinski roman <\/em>koje \u0107e se odr\u017eati u \u010detvrtak, 6. studenoga, u Gradskoj knji\u017enici <em>Ivan Vidali<\/em> s po\u010detkom u 18:00 sati.<\/p>\n<p>Argentinski roman, \u010diji je autor poznati novinar Drago Pilsel, zanimljiva je autobiografska pri\u010da o jednom sazrijevanju, o metamorfozi jednog fa\u0161ista u antifa\u0161ista i crkvenjaka u kr\u0161\u0107anina. Drago Pilsel otvara svoj roman re\u010denicom koju mu je postavio argentinski sve\u0107enik dok je imao \u0161esnaest godina (\u201dDokad \u0107e\u0161 radnim danom glumiti argentinskog borca protv diktature i biti aktivist za ljudska prava, a vikendom se pona\u0161ati kao hrvatski fa\u0161ist?\u201d), pitanje na koje tad nije znao odgovoriti, ali kako sam ka\u017ee, ne\u0161to \u0161to je va\u017eno odredilo njegov \u017eivot, a na kraju rezultiralo i pisanjem ove knjige.<\/p>\n","protected":false},"excerpt":{"rendered":"<p>Pozivamo vas na predstavljanje knjige Argentinski roman koje \u0107e se odr\u017eati u \u010detvrtak, 6. studenoga, u Gradskoj knji\u017enici Ivan Vidali s po\u010detkom u 18:00 sati. Argentinski roman, \u010diji je autor [&hellip;]<\/p>\n","protected":false},"author":3,"featured_media":2328,"comment_status":"closed","ping_status":"closed","sticky":false,"template":"","format":"standard","meta":{"_et_pb_use_builder":"","_et_pb_old_content":"","_et_gb_content_width":"","footnotes":""},"categories":[10],"tags":[],"class_list":["post-2327","post","type-post","status-publish","format-standard","has-post-thumbnail","hentry","category-najave-dogadaja"],"_links":{"self":[{"href":"https:\/\/gk-korcula.hr\/nova\/wp-json\/wp\/v2\/posts\/2327","targetHints":{"allow":["GET"]}}],"collection":[{"href":"https:\/\/gk-korcula.hr\/nova\/wp-json\/wp\/v2\/posts"}],"about":[{"href":"https:\/\/gk-korcula.hr\/nova\/wp-json\/wp\/v2\/types\/post"}],"author":[{"embeddable":true,"href":"https:\/\/gk-korcula.hr\/nova\/wp-json\/wp\/v2\/users\/3"}],"replies":[{"embeddable":true,"href":"https:\/\/gk-korcula.hr\/nova\/wp-json\/wp\/v2\/comments?post=2327"}],"version-history":[{"count":1,"href":"https:\/\/gk-korcula.hr\/nova\/wp-json\/wp\/v2\/posts\/2327\/revisions"}],"predecessor-version":[{"id":2329,"href":"https:\/\/gk-korcula.hr\/nova\/wp-json\/wp\/v2\/posts\/2327\/revisions\/2329"}],"wp:featuredmedia":[{"embeddable":true,"href":"https:\/\/gk-korcula.hr\/nova\/wp-json\/wp\/v2\/media\/2328"}],"wp:attachment":[{"href":"https:\/\/gk-korcula.hr\/nova\/wp-json\/wp\/v2\/media?parent=2327"}],"wp:term":[{"taxonomy":"category","embeddable":true,"href":"https:\/\/gk-korcula.hr\/nova\/wp-json\/wp\/v2\/categories?post=2327"},{"taxonomy":"post_tag","embeddable":true,"href":"https:\/\/gk-korcula.hr\/nova\/wp-json\/wp\/v2\/tags?post=2327"}],"curies":[{"name":"wp","href":"https:\/\/api.w.org\/{rel}","templated":true}]}}